{"id":420,"date":"2012-01-01T11:02:00","date_gmt":"2012-01-01T11:02:00","guid":{"rendered":""},"modified":"-0001-11-30T00:00:00","modified_gmt":"-0001-11-29T22:00:00","slug":"","status":"publish","type":"post","link":"http:\/\/www.chapelle-crecy.com\/?p=420","title":{"rendered":"Le Secours catholique de Cr\u00e9cy qui sommes-nous ?"},"content":{"rendered":"<div align=\"justify\">\n<span\nstyle=\"font-family: Comic Sans MS;\">Secours Catholique: <br \/>nos actions concr\u00e8tes \u00e0\u00a0 Cr\u00e9cy-la-Chapelle<br\nstyle=\"color: rgb(51, 51, 255); font-weight: bold;\"><br \/>\n<small style=\"font-weight: bold; color: rgb(51, 51, 255);\">10 b\u00e9n\u00e9voles<br \/>\n&#8211; 33 familles accompagn\u00e9es sur le secteur<\/small><br \/>\n<\/span><\/big><big><span\nstyle=\"font-family: Comic Sans MS; color: rgb(51, 102, 255);\">&#8211;<br \/>\nAccueil-\u00e9coute<\/span><br\nstyle=\"font-family: Comic Sans MS; color: rgb(51, 102, 255);\"><br \/>\n<span style=\"font-family: Comic Sans MS; color: rgb(51, 102, 255);\">&#8211;<br \/>\nCours d&rsquo;alphab\u00e9tisation<\/span><br\nstyle=\"font-family: Comic Sans MS; color: rgb(51, 102, 255);\"><br \/>\n<span style=\"font-family: Comic Sans MS; color: rgb(51, 102, 255);\">&#8211;<br \/>\nAide alimentaire<\/span><br\nstyle=\"font-family: Comic Sans MS; color: rgb(51, 102, 255);\"><br \/>\n<span style=\"font-family: Comic Sans MS; color: rgb(51, 102, 255);\">&#8211;<br \/>\nAide financi\u00e8re apr\u00e8s \u00e9tude du dossier<\/span><br\nstyle=\"font-family: Comic Sans MS; color: rgb(51, 102, 255);\"><br \/>\n<span style=\"font-family: Comic Sans MS; color: rgb(51, 102, 255);\">&#8211;<br \/>\nRencontre \u00e0\u00a0 domicile<\/span><br\nstyle=\"font-family: Comic Sans MS; color: rgb(51, 102, 255);\"><br \/>\n<span style=\"font-family: Comic Sans MS; color: rgb(51, 102, 255);\">&#8211;<br \/>\nAide aux d\u00e9marches administratives<\/span><br\nstyle=\"font-family: Comic Sans MS; color: rgb(51, 102, 255);\"><br \/>\n<\/big><span style=\"font-family: Comic Sans MS;\"><big><span\nstyle=\"color: rgb(51, 102, 255); font-family: Comic Sans MS;\">&#8211;<br \/>\nAteliers divers, etc.<\/span><br style=\"font-family: Comic Sans MS;\"><br \/>\n<\/big><\/span><\/font><font style=\"background-color: white;\" size=\"-1\"><span\nstyle=\"font-family: Comic Sans MS;\"><br \/>\n<\/span><\/font><big\nstyle=\"color: rgb(0, 0, 153); background-color: white;\"><span\nstyle=\"font-family: Comic Sans MS;\"><small>Permanences d&rsquo;accueil:<\/small><\/span><\/big><br\nstyle=\"color: rgb(0, 0, 153); background-color: white;\"><br \/>\n<font style=\"color: rgb(0, 0, 153); background-color: white;\" size=\"-1\"><span\nstyle=\"font-family: Comic Sans MS;\">Lundi de 15h00 \u00e0\u00a0 17h30<br \/>\net samedi de 9h30 \u00e0\u00a0 12h00<br \/>\n<\/span><\/font><big\nstyle=\"color: rgb(0, 0, 153); background-color: white;\"><span\nstyle=\"font-family: Comic Sans MS;\"><small>O\u00e0\u00b9?<\/small><\/span><\/big><br\nstyle=\"color: rgb(0, 0, 153); background-color: white;\"><br \/>\n<font size=\"-1\"><span style=\"font-family: Comic Sans MS;\"><span\nstyle=\"color: rgb(0, 0, 153); background-color: white;\"> 45, rue du<br \/>\nG\u00e9n\u00e9ral Leclerc<\/span><br\nstyle=\"color: rgb(0, 0, 153); background-color: white;\"><br \/>\n<span style=\"color: rgb(0, 0, 153); background-color: white;\">Contacts:<br \/>T\u00e9l: 01<br \/>\n75 78 38 63<\/span><br \/>\n<\/span><\/font><\/div>\n<div align=\"justify\">\nB\u00e9n\u00e9vole, pourquoi pas vous?<br \/>\n Parce que nous avons tous des talents et des comp\u00e9tences \u00e0 partager, quelques heures par semaine, par mois, ou encore par an.<br \/>\n Parce qu&rsquo;il faut poursuivre les actions en cours et en d\u00e9velopper de nouvelles.<\/p>\n<div align=\"center\"><img decoding=\"async\" src=\"\/IMG\/jpg\/Ancien__local-1.jpg\" width=450><\/div>\n<p><\/p>\n<p> Les personnes, les familles accueillies et les b\u00e9n\u00e9voles du Secours Catholique de Cr\u00e9cy vous invitent:<br \/>\n &#8211; \u00e0 participer \u00e0 des actions men\u00e9es avec des enfants et leurs familles, des personnes \u00e2g\u00e9es, des jeunes, des personnes isol\u00e9es&#8230;<br \/>\n &#8211; \u00e0 partager vos comp\u00e9tences sur les missions actuelles ou \u00e0 mettre en place.<\/p>\n<p> Contactez-nous !<br \/>\n Par l&rsquo;implication de tous, des liens se tissent, des groupes se forment, des projets voient le jour, pour que des hommes, des femmes, des enfants, accompagn\u00e9s des b\u00e9n\u00e9voles, surmontent et d\u00e9passent les obstacles !<\/p>\n<div align=\"center\"><img decoding=\"async\" src=\"\/IMG\/jpg\/IMGP1939.jpg\" width=350><\/div>\n<p><\/p>\n<p> T\u00e9l: 01 75 78 38 63<br \/>\n E-mail: sc77.crecy@sfr.fr<\/p>\n<p> Donateur, pourquoi pas vous?<br \/>\n Que ce soit sous forme de dons ou de legs, toute aide financi\u00e8re donne \u00e0 notre \u00e9quipe de Cr\u00e9cy les moyens d&rsquo;agir pour construire une soci\u00e9t\u00e9 juste et fraternelle.<br \/>\n BP93 &#8211; 77104 Meaux Cedex<\/p>\n<div align=\"center\"><img decoding=\"async\" src=\"\/IMG\/jpg\/Collecte_Secours_Catholique.jpg\" width=450><\/div>\n<p>\n La photo de famille: <\/p>\n<div align=\"center\"><img decoding=\"async\" src=\"\/IMG\/jpg\/IMGP1931.jpg\" width=550><\/div>\n<p><\/p>\n<div align=\"center\"><img decoding=\"async\" src=\"\/IMG\/jpg\/IMGP1940-1.jpg\" width=450><\/div>\n<\/div>\n","protected":false},"excerpt":{"rendered":"<p>Secours Catholique: nos actions concr\u00e8tes \u00e0\u00a0 Cr\u00e9cy-la-Chapelle 10 b\u00e9n\u00e9voles &#8211; 33 familles accompagn\u00e9es sur le secteur &#8211; Accueil-\u00e9coute &#8211; Cours d&rsquo;alphab\u00e9tisation &#8211; Aide alimentaire &#8211; Aide financi\u00e8re apr\u00e8s \u00e9tude du dossier &#8211; Rencontre \u00e0\u00a0&#46;&#46;&#46;<\/p>\n","protected":false},"author":2,"featured_media":0,"comment_status":"open","ping_status":"open","sticky":false,"template":"","format":"standard","meta":{"footnotes":""},"categories":[],"tags":[],"class_list":["post-420","post","type-post","status-publish","format-standard","hentry"],"_links":{"self":[{"href":"http:\/\/www.chapelle-crecy.com\/index.php?rest_route=\/wp\/v2\/posts\/420","targetHints":{"allow":["GET"]}}],"collection":[{"href":"http:\/\/www.chapelle-crecy.com\/index.php?rest_route=\/wp\/v2\/posts"}],"about":[{"href":"http:\/\/www.chapelle-crecy.com\/index.php?rest_route=\/wp\/v2\/types\/post"}],"author":[{"embeddable":true,"href":"http:\/\/www.chapelle-crecy.com\/index.php?rest_route=\/wp\/v2\/users\/2"}],"replies":[{"embeddable":true,"href":"http:\/\/www.chapelle-crecy.com\/index.php?rest_route=%2Fwp%2Fv2%2Fcomments&post=420"}],"version-history":[{"count":0,"href":"http:\/\/www.chapelle-crecy.com\/index.php?rest_route=\/wp\/v2\/posts\/420\/revisions"}],"wp:attachment":[{"href":"http:\/\/www.chapelle-crecy.com\/index.php?rest_route=%2Fwp%2Fv2%2Fmedia&parent=420"}],"wp:term":[{"taxonomy":"category","embeddable":true,"href":"http:\/\/www.chapelle-crecy.com\/index.php?rest_route=%2Fwp%2Fv2%2Fcategories&post=420"},{"taxonomy":"post_tag","embeddable":true,"href":"http:\/\/www.chapelle-crecy.com\/index.php?rest_route=%2Fwp%2Fv2%2Ftags&post=420"}],"curies":[{"name":"wp","href":"https:\/\/api.w.org\/{rel}","templated":true}]}}