{"id":423,"date":"2011-12-27T01:26:00","date_gmt":"2011-12-27T01:26:00","guid":{"rendered":""},"modified":"-0001-11-30T00:00:00","modified_gmt":"-0001-11-29T22:00:00","slug":"","status":"publish","type":"post","link":"http:\/\/www.chapelle-crecy.com\/?p=423","title":{"rendered":"Rendons gr\u00e2ce \u00e0\u00a0 notre Dieu d&rsquo;Amour pour la gu\u00e9rison d&rsquo;Augustin"},"content":{"rendered":"<div align=\"justify\">Augustin est cet adolescent meldois de 16 ans qui a \u00e9t\u00e9 foudroy\u00e9 dimanche 11 d\u00e9cembre, en soir\u00e9e, par une m\u00e9ningite. Il a \u00e9t\u00e9 transport\u00e9 d&rsquo;urgence au Kremlin Bic\u00eatre. Il est rest\u00e9 en coma artificiel pendant une semaine. Une veill\u00e9e de pri\u00e8re \u00e9tait organis\u00e9e \u00e0\u00a0 son intention, lundi 12 d\u00e9cembre, au Vieux Chapitre \u00e0\u00a0 Meaux. Une veill\u00e9e \u00e9mouvante anim\u00e9e par le P\u00e8re Philippe Legrand, en pr\u00e9sence de toute sa famille, ses amis et les membres du groupe de louange Laudatio dont il fait partie. Continuons sans rel che notre pri\u00e8re pour qu&rsquo;Augustin se rel\u00e8ve. Pendant 15 jours, une grande cha\u00eene de pri\u00e8re s&rsquo;est form\u00e9e pour Augustin. Aujourd&rsquo;hui 27 d\u00e9cembre, Augustin est rentr\u00e9 \u00e0\u00a0 la maison. Merci Seigneur ! Consultez l&rsquo;\u00e9volution de son \u00e9tat de sant\u00e9 en fin d&rsquo;article.<\/div>\n<div align=\"justify\">\n<p> Apr\u00e8s avoir chant\u00e9 un chant plein d&rsquo;esp\u00e9rance du groupe Glorious, \u00ab\u00a0Vous recevrez une force\u00a0\u00bb, nous avons m\u00e9dit\u00e9 l&rsquo;Evangile de J\u00e9sus Christ selon saint Marc 4, 35-41: <\/p>\n<div align=\"center\"><img decoding=\"async\" src=\"\/IMG\/jpg\/La_Bible-2.jpg\" width=150><\/div>\n<p><\/p>\n<p> Ce jour-l\u00e0, le soir venu, il dit \u00e0 ses disciples: \u00abPassons sur l&rsquo;autre rive.\u00bb Quittant la foule, ils emm\u00e8nent J\u00e9sus dans la barque, comme il \u00e9tait; et d&rsquo;autres barques le suivaient. Survient une violente temp\u00eate. Les vagues se jetaient sur la barque, si bien que d\u00e9j\u00e0 elle se remplissait d&rsquo;eau. Lui dormait sur le coussin \u00e0 l&rsquo;arri\u00e8re. Ses compagnons le r\u00e9veillent et lui crient: \u00abMa \u00eetre, nous sommes perdus ; cela ne te fait rien? \u00bb R\u00e9veill\u00e9, il interpelle le vent avec vivacit\u00e9 et dit \u00e0 la mer: \u00ab Silence, tais-toi! \u00bb Le vent tomba, et il se fit un grand calme. J\u00e9sus leur dit: \u00abPourquoi avoir peur? Comment se fait-il que vous n&rsquo;ayez pas la foi? \u00bb Saisis d&rsquo;une grande crainte, ils se disaient entre eux: \u00abQui est-il donc, pour que m\u00eame le vent et la mer lui ob\u00e9issent? \u00bb <\/p>\n<div align=\"center\"><img decoding=\"async\" src=\"\/IMG\/jpg\/laudiato2.jpg\" width=150><\/div>\n<p> Comme J\u00e9sus, dans les moments qui ont particuli\u00e8rement marqu\u00e9 sa vie, toute la famille et nous, les amis d&rsquo;Augustin, r\u00e9unis au Vieux Chapitre avions besoin de prier, de supplier notre Dieu d&rsquo;amour pour la gu\u00e9rison d&rsquo;Augustin, d&rsquo;exprimer nos peurs devant la maladie, de dire notre peine mais aussi de t\u00e9moigner notre esp\u00e9rance et de rendre gr\u00e2ce \u00e0 Dieu pour la vie.<br \/>\n Augustin, avec le groupe Laudatio a jou\u00e9 de nombreux chants de joie pour le Seigneur. Qu&rsquo;il revienne vite parmi nous, avec sa guitare, pour continuer \u00e0 jubiler pour le Seigneur: <\/p>\n<div align=\"center\"><img decoding=\"async\" src=\"\/IMG\/jpg\/groupe_laudatio-2.jpg\" width=550><\/div>\n<p>\nAugustin, \u00e0 droite, au cours d&rsquo;une soir\u00e9e de louange au Vieux Chapitre<\/p>\n<p>Quand il priait, J\u00e9sus, comme un enfant, parlait \u00e0 son P\u00e8re. Il r\u00e9citait des psaumes. Au cours de la veill\u00e9e, apr\u00e8s avoir lu une fois \u00e0 voix haute ce psaume 85, nous l&rsquo;avons m\u00e9dit\u00e9 dans notre coeur. Puis, \u00e0 nouveau \u00e0 voix haute, comme hier soir, relisons une phrase qui nous touche particuli\u00e8rement alors que nous repensons \u00e0 Augustin.<br \/>\n Psaume 85<\/p>\n<p> [01] Ecoute, Seigneur, r\u00e9ponds-moi, car je suis pauvre et malheureux.<br \/>\n [02] Veille sur moi qui suis fid\u00e8le, \u00f4 mon Dieu, sauve ton serviteur qui s&rsquo;appuie sur toi.<br \/>\n [03] Prends piti\u00e9 de moi, Seigneur, toi que j&rsquo;appelle chaque jour.<br \/>\n [04] Seigneur, r\u00e9jouis ton serviteur: vers toi, j&rsquo;\u00e9l\u00e8ve mon \u00e2me!<br \/>\n [05] Toi qui es bon et qui pardonnes, plein d&rsquo;amour pour tous ceux qui t&rsquo;appellent,<br \/>\n [06] \u00e9coute ma pri\u00e8re, Seigneur, entends ma voix qui te supplie.<br \/>\n [07] Je t&rsquo;appelle au jour de ma d\u00e9tresse, et toi, Seigneur, tu me r\u00e9ponds.<br \/>\n [08] Aucun parmi les dieux n&rsquo;est comme toi, et rien n&rsquo;\u00e9gale tes oeuvres.<br \/>\n [09] Toutes les nations, que tu as faites, viendront se prosterner devant toi * et rendre gloire \u00e0 ton nom, Seigneur,<br \/>\n [10] car tu es grand et tu fais des merveilles, toi, Dieu, le seul.<br \/>\n [11] Montre-moi ton chemin, Seigneur, + que je marche suivant ta v\u00e9rit\u00e9 ; unifie mon coeur pour qu&rsquo;il craigne ton nom.<br \/>\n [12] Je te rends gr\u00e2ce de tout mon coeur, Seigneur mon Dieu, toujours je rendrai gloire \u00e0 ton nom;<br \/>\n [13] il est grand, ton amour pour moi : tu m&rsquo;as tir\u00e9 de l&rsquo;ab \u00eeme des morts.<br \/>\n [14] Mon Dieu, des orgueilleux se l\u00e8vent contre moi, + des puissants se sont ligu\u00e9s pour me perdre : ils n&rsquo;ont pas souci de toi.<br \/>\n [15] Toi, Seigneur, Dieu de tendresse et de piti\u00e9, * lent \u00e0 la col\u00e8re, plein d&rsquo;amour et de v\u00e9rit\u00e9 !<br \/>\n [16] Regarde vers moi, prends piti\u00e9 de moi. Donne \u00e0 ton serviteur ta force, et sauve le fils de ta servante.<br \/>\n [17] Accomplis un signe en ma faveur ; + alors mes ennemis, humili\u00e9s, * verront que toi,<br \/>\nSeigneur, tu m&rsquo;aides et me consoles. <\/p>\n<div style=\"font-weight: bold; color: rgb(51, 51, 255);\" class=\"f3\">\n<div style=\"text-align: center;\"><u><br \/>\nPri\u00e8re Frat Jeune<\/u><\/div>\n<\/div>\n<div class=\"f5\">\n<center>Merci Seigneur pour la vie que tu me donnes<\/center>\n<\/div>\n<div class=\"f5\">\n<center>Merci pour ta pr\u00e9sence \u00e0 mes c\u00f4t\u00e9s<\/center>\n<\/div>\n<div class=\"f5\">\n<center>Aujourd&rsquo;hui, je veux accueillir ton amour<\/center>\n<\/div>\n<div style=\"text-align: center;\" class=\"f5\">\nEt m&rsquo;offrir \u00e0 toi, tel que je suis.<\/div>\n<div class=\"f5\">\n<center>J\u00e9sus rends-moi semblable \u00e0 toi<\/center>\n<\/div>\n<div class=\"f5\">\n<center>Que par mes paroles, mes actes et mes sacrifices<\/center>\n<\/div>\n<div class=\"f5\">\n<center>Je sois t\u00e9moin de foi, d&rsquo;esp\u00e9rance et de charit\u00e9<\/center>\n<\/div>\n<div class=\"f5\">\n<center>Aupr\u00e8s de ceux que tu me donneras de rencontrer.<\/center>\n<\/div>\n<div class=\"f5\">\n<center>Avec le secours de ta gr\u00e2ce,<\/center>\n<\/div>\n<div class=\"f5\">\n<center>Garde-moi joyeux dans le don de moi-m\u00eame<\/center>\n<\/div>\n<div class=\"f5\">\n<center>Toujours pr\u00eat \u00e0 m&rsquo;oublier et \u00e0 pardonner<\/center>\n<\/div>\n<div class=\"f5\">\n<center>Pour faire ta joie et celle des autres.<\/center>\n<\/div>\n<div class=\"f5\">\n<center>Amen<\/center>\n<\/div>\n<p><\/p>\n<div align=\"center\"><img decoding=\"async\" src=\"\/IMG\/jpg\/FRAT-2.jpg\" width=350><\/div>\n<p> Enfin, terminons notre pri\u00e8re en nous tournant vers notre M\u00e8re du Ciel, celle qui nous a donn\u00e9 son Fils J\u00e9sus et dont nous allons c\u00e9l\u00e9brer sa venue parmi nous \u00e0 la f\u00eate de No\u00ebl: <\/p>\n<div align=\"center\"><img decoding=\"async\" src=\"\/IMG\/jpg\/Grotto_5.jpg\" width=150><\/div>\n<div align=\"center\"><b>Tu as port\u00e9 celui qui porte tout.<\/b><\/p>\n<p> Tu as port\u00e9 celui qui porte tout,<br \/>\n Notre sauveur en ton sein a pris chair,<br \/>\n Porte du ciel, Reine de l&rsquo;univers,<br \/>\n O Marie, nous te saluons !<\/p>\n<p> 1 &#8211; Par amour, ton Dieu t&rsquo;a choisie, Vierge b\u00e9nie.<br \/>\n Le Seigneur exulte pour toi, tu es sa joie !<\/p>\n<p> 2 &#8211; Tu accueilles, servante de Dieu, l&rsquo;ange des Cieux<br \/>\n La promesse en toi s \u00e2\u20ac\u02dcaccomplit : tu as dit \u00a0\u00bb oui \u00a0\u00bb !<\/div>\n<div align=\"justify\">\n<p> Nouvelles d&rsquo;Augustin:<br \/>\n Que ce soit avec le groupe de louange \u00ab\u00a0Laudatio\u00a0\u00bb au Vieux Chapitre, avec les coll\u00e9giens d&rsquo;Ile-de-France lors des rassemblements du FRAT, avec sa troupe scoute, ou m\u00eame ici, au cours des soir\u00e9es \u00e0 l&rsquo;Esprit Saint en mai dernier \u00e0 Cr\u00e9cy, Augustin prie beaucoup. Alors qu&rsquo;il traverse des moments difficiles, confions au Seigneur toutes nos ferventes pri\u00e8res pour le revoir parmi nous en pleine sant\u00e9. Seigneur, \u00e9coute-nous, Seigneur, exauce-nous !<\/p>\n<div align=\"center\"><img decoding=\"async\" src=\"\/IMG\/jpg\/Augustin-Crecy.jpg\" width=200><\/div>\n<p><\/p>\n<p> Message de Jean-Baptiste et Sophie et leurs enfants S\u00e9raphin, Augustin, Colomban, Eloi, Gr\u00e9goire, Ladislas, Maximilien, le 27 d\u00e9cembre \u00e0 00h29:<br \/>\n Ch\u00e8re famille, chers amis,<br \/>\n Joie au Ciel! Exulte la terre! En ce temps de No\u00ebl, une grande lumi\u00e8re a resplendi dans la vie de notre Augustin et dans la n\u00f4tre!<br \/>\n Apr\u00e8s les heures d&rsquo;angoisse et d&rsquo;attente, apr\u00e8s les 7 jours de t\u00e9n\u00e8bres pass\u00e9s par Augustin dans le coma profond pour une m\u00e9ningite bact\u00e9rienne \u00e0 m\u00e9ningocoque C compliqu\u00e9e par un oed\u00e8me c\u00e9r\u00e9bral, apr\u00e8s les longues journ\u00e9es de r\u00e9veil, fonction apr\u00e8s fonction, sens apr\u00e8s sens, c&rsquo;est bien la vie qui sort victorieuse! Les progr\u00e8s sont tels que les m\u00e9decins le laissent rentrer \u00e0 la maison pour poursuivre sa convalescence. Ce mardi 27 d\u00e9cembre, il dormira chez lui.<br \/>\n Nous avons tellement pri\u00e9, mis notre confiance dans le Seigneur et esp\u00e9r\u00e9 ce grand jour que nous voulions vous partager notre joie et chanter avec vous cet Alleluia d&rsquo;action de gr\u00e2ces! Ce qu&rsquo;a v\u00e9cu notre Gus est terrible et gravissime mais le gigantesque feu de pri\u00e8re allum\u00e9 partout, de Meaux et toute la Seine et Marne \u00e0 toutes les r\u00e9gions de France en passant par Cayenne, la Tha\u00eflande, Hong-Kong, l&rsquo;Italie, l&rsquo;Espagne, le Sahara alg\u00e9rien, la C\u00f4te d&rsquo;Ivoire, l&rsquo;Australie, le Canada, les Etats-Unis, le Turkm\u00e9nistan, la Belgique, la Suisse, la Slovaquie, la Grande-Bretagne, le P\u00e9rou, le Br\u00e9sil, l&rsquo;Argentine, Ha\u00efti, le Vatican, entre autres&#8230; ainsi qu&rsquo;une multitude de communaut\u00e9s religieuses, ce feu a illumin\u00e9 notre nuit! Il l&rsquo;a r\u00e9chauff\u00e9e et apais\u00e9e, jusqu&rsquo;\u00e0 cette grande lumi\u00e8re de No\u00ebl et cette joie infinie de pouvoir prier, louer et r\u00e9veillonner avec notre fils dans sa chambre d&rsquo;h\u00f4pital la nuit du 24 d\u00e9cembre. Pour ce bonheur l\u00e0 et pour tous ceux que nous vivrons encore, ses fr\u00e8res et ses parents, \u00e0 ses c\u00f4t\u00e9s, pour tous vos gestes de soutien et d&rsquo;encouragement, pour la force de votre pri\u00e8re quelle qu&rsquo;en soit la forme, nous vous devons un immense MERCI!<br \/>\n Augustin est donc sorti d&rsquo;affaire. Il a toutes ses facult\u00e9s, la vue est revenue. Il lui reste juste \u00e0 se reposer, reprendre ses esprits, v\u00e9rifier que toutes ses connaissances et toutes ses aptitudes ant\u00e9rieures sont toujours l\u00e0. A le voir et \u00e0 l&rsquo;entendre jouer de la guitare dans sa chambre d&rsquo;h\u00f4pital, nous ne sommes pas trop inquiets&#8230; Il ne reprendra certainement pas le lyc\u00e9e d\u00e8s le d\u00e9but du mois de janvier mais les m\u00e9decins lui ont dit que c&rsquo;est lui qui sentira quand il sera pr\u00eat.<br \/>\n Nous continuons \u00e0 le recommander \u00e0 vos pri\u00e8res ainsi que ses fr\u00e8res (actuellement en vacances au grand air chez leurs super grands-parents), le petit huiti\u00e8me tr\u00e9sor en route et ses parents.<br \/>\n Vive la vie!<br \/>\n Nous vous embrassons.<\/p>\n<p> Message de Jean-Baptiste, le 25 d\u00e9cembre \u00e0 07h38:<br \/>\n Petit r\u00e9veillon avec Augustin dans la chambre 3322 du service p\u00e9diatrie de l&rsquo;h\u00f4pital de Meaux. Il manquait ses fr\u00e8res pour que ce soit le plus beau No\u00ebl de notre vie! Progr\u00e8s de jour en jour. Paix. Comment vous dire merci \u00e0 tous pour votre soutien si fort et si porteur de fruits!?<\/p>\n<p> Message de Sophie et Jean-Baptiste, le 22 d\u00e9cembre \u00e0 19h47:<br \/>\n Augustin est donc arriv\u00e9 \u00e0 l&rsquo;h\u00f4pital de Meaux en service de p\u00e9diatrie mardi apr\u00e8s-midi, la r\u00e9animation du Kremlin Bic\u00eatre consid\u00e9rant qu&rsquo;elle n&rsquo;avait plus de raison de le garder. Il n&rsquo;est plus sous antibiotiques et on lui a retir\u00e9 ce jeudi matin ses \u00e9lectrodes de contr\u00f4le qu&rsquo;il avait coll\u00e9s au corps et qui faisaient sonner l&rsquo;\u00e9cran de contr\u00f4le toutes les trois minutes&#8230; Il n&rsquo;a plus qu&rsquo;une perfusion au bras pour l&rsquo;hydrater et le nourrir un peu. M\u00eame si, \u00e9v\u00e9nement, il a pris son premier repas assis dans son fauteuil, tout seul, sans difficult\u00e9, \u00e0 midi aujourd&rsquo;hui!<br \/>\n Sa vue et toutes ses fonctions vitales sont quasiment revenues!!!! Il a rendez-vous demain vendredi, pour un IRM et mardi chez l&rsquo;ophtalmo.<br \/>\n Petite frayeur hier: monsieur avait profit\u00e9 des quelques minutes d&rsquo;absence de Sophie, partie r\u00e9gler des papiers avec l&rsquo;administration pour se lever, arracher toutes ses perfusions et marcher jusqu&rsquo;aux toilettes o\u00f9 il s&rsquo;est enferm\u00e9 au retour de Sophie, croyant que c&rsquo;\u00e9tait quelqu&rsquo;un d&rsquo;autre&#8230; Assez effrayant r\u00e9trospectivement (et il s&rsquo;est bien fait sermonner) mais plut\u00f4t bon signe sur sa r\u00e9sistance physique et sa volont\u00e9 de franchir des paliers, malgr\u00e9 ses 11 kg en moins, un coma de sept jours et quatre jours seulement de r\u00e9veil.<br \/>\n La premi\u00e8re ambition des m\u00e9decins est de lui faire reprendre le rythme et les gestes de la vie quotidienne. D\u00e9sormais, le lit ne sera que pour dormir. Sinon, il sera sur son fauteuil. Les repas \u00e0 heures fixes, la nuit dans le noir et le jour au grand jour. Il faut dire que les deux nuits pass\u00e9es (avec son papa dans un lit \u00e0 un m\u00e8tre du sien) ont \u00e9t\u00e9 plus qu&rsquo;agit\u00e9es. Augustin ne dort pas pour l&rsquo;instant. Ou pas vraiment. En revanche, il est assez agit\u00e9 et a parfois du mal \u00e0 appr\u00e9hender la r\u00e9alit\u00e9 spatiotemporelle. D&rsquo;o\u00f9 l&rsquo;importance d&rsquo;avoir en permanence quelqu&rsquo;un \u00e0 ses c\u00f4t\u00e9s pendant ces heures bien connues pour exacerber les angoisses.<br \/>\n Nous rentrons dans du plus long terme et ne donnerons peut-\u00eatre plus forc\u00e9ment des nouvelles tous les jours, mais nous voulions vous redire, et lui aussi, \u00e0 quel point il vous devait cette gu\u00e9rison en marche. Ce mouvement extraordinaire de solidarit\u00e9 et de pri\u00e8re l&rsquo;ont boulevers\u00e9 et nous ont permis de tenir ferme, dans la foi et la confiance, certains que la victoire irait \u00e0 la vie.<br \/>\n Pour tout cela, merci encore. Soyez assur\u00e9s que nous vous portons tous dans nos pens\u00e9es et nos pri\u00e8res. <\/p>\n<p> PS:  pour l&rsquo;instant, les m\u00e9decins ne souhaitent pas qu&rsquo;il ait de la visite. Il doit d&rsquo;abord se reposer et se reconstruire. En revanche, les dessins des enfants et les lettres d\u00e9pos\u00e9s ou envoy\u00e9s \u00e0 la maison lui sont tous remis. <\/p>\n<p> Message de Jean-Baptiste, le papa d&rsquo;Augustin qui a foi en l&rsquo;avenir, le 20 d\u00e9cembre \u00e0 15h43:<br \/>\n Augustin fait ses adieux \u00e0 l&rsquo;extraordinaire service de r\u00e9animation du Kremlin Bic\u00eatre. Direction Meaux et son service de p\u00e9diatrie g\u00e9n\u00e9rale o\u00f9 commence une longue aventure qui le m\u00e8nera un jour au complet r\u00e9tablissement! Il est boulevers\u00e9 par votre mobilisation pour lui. Merci de tout coeur!<\/p>\n<p> Message \u00e9mouvant de Sophie et Jean-Baptiste, le 20 d\u00e9cembre \u00e0 08h25:<\/p>\n<p> Chers amis,<br \/>\n merci pour tous vos messages qui nous font tant de bien en ces jours indescriptibles. Augustin \u00e9merge tr\u00e8s lentement. Il est encore tr\u00e8s affaibli et n&rsquo;est pas encore en mesure de remettre toute la machine en route. Le plus impressionnant reste sa vue, qu&rsquo;il semble ne pas avoir retrouv\u00e9e et qui l&rsquo;angoisse pas mal m\u00eame s&rsquo;il est h\u00e9ro\u00efque. Mais il est trop t\u00f4t pour tirer quelque conclusion que ce soit. Il faut qu&rsquo;il reconnecte progressivement son cerveau. Il ne parle pas beaucoup, sauf quand il s&rsquo;agit de prier o\u00f9 il met toute son \u00e9nergie dans les paroles du Notre P\u00e8re et du Je vous salue Marie, ainsi que de sa pri\u00e8re Frat Jeunes (voir quelques lignes plus haut &#8211; redisons-la tous les jours avec lui). Pour le reste, tout est assez embrouill\u00e9 dans sa t\u00eate. M\u00eame s&rsquo;il garde de l&rsquo;humour (quand la kin\u00e9 lui demande de tousser, il dit \u00ab\u00a0atchoum\u00a0\u00bb&#8230;) et une bonne r\u00e9ceptivit\u00e9 \u00e0 tout ce que lui demandent les m\u00e9decins.<br \/>\nIl faut continuer \u00e0 le porter dans vos pri\u00e8res, vos pens\u00e9es. Il se bat mais il sera encore plus fort avec votre soutien et celui du Ciel.<br \/>\n Un immense merci.<br \/>\n Nous vous embrassons<\/p>\n<p> Message de V\u00e9ronique, le 19 d\u00e9cembre \u00e0 18h21:<br \/>\n Chers Amis,<\/p>\n<p> IL FAUT CONTINUER DE PRIER.<\/p>\n<p> Si les bonnes nouvelles d&rsquo;hier nous ont transport\u00e9 de joie, il ne faut pas arr\u00eater la cha \u00eene de pri\u00e8re.<br \/>\n Augustin bouge tous ses membres, il entend, il r\u00e9pond aux questions, m\u00eame s&rsquo;il parfois il met du temps \u00e0 donner une r\u00e9ponse.<br \/>\n Seulement il souffre beaucoup : \u00e0 la t\u00eate, de tout son corps probablement du fait de la station allong\u00e9e depuis une semaine, et \u00e0 l&rsquo;int\u00e9rieur de son corps probablement dans le r\u00e9seau digestif du fait des tuyaux.<br \/>\n La bonne chose est qu&rsquo;on lui a notamment enlev\u00e9 l&rsquo;alimentation par le nez, ce qui doit le soulager.<br \/>\n Il est maintenant aliment\u00e9 par perfusion.<br \/>\n Mais Sophie et Jean-Baptiste nous demandent de prier parce que pour l&rsquo;instant Augustin ne voit rien.<br \/>\n Il ne r\u00e9pond pas du tout aux tests visuels.<br \/>\n Il est dans le noir.<br \/>\n Il faut garder espoir et ne pas interrompre nos pri\u00e8res pour que toutes ses facult\u00e9s se remettent \u00e0 fonctionner progressivement.<\/p>\n<p> Message de Sophie et Jean-Baptiste, les parents d&rsquo;Augustin, le 19 d\u00e9cembre \u00e0 00h37:<br \/>\n Chers amis,<br \/>\n Cette journ\u00e9e du dimanche 18 d\u00e9cembre restera dans notre vie celle de la joie, de l&rsquo;ivresse du bonheur, du cri de reconnaissance \u00e0 ce Dieu de tendresse et piti\u00e9, plein d&rsquo;amour.<br \/>\nOui, notre Gus a ouvert les yeux!<br \/>\n Il s&rsquo;est \u00e9veill\u00e9 doucement toute la journ\u00e9e, a vite fait comprendre qu&rsquo;il \u00e9tait conscient et a repris du tonus au point qu&rsquo;on lui a enlev\u00e9 ce soir son assistance respiratoire. Les premiers examens des m\u00e9decins sont bons : bons r\u00e9flexes, bonnes r\u00e9actions, il suit bien ce qu&rsquo;on lui demande, il bouge bien ses membres et a pu ce soir dire son pr\u00e9nom et interrompre les infirmi\u00e8res avec un \u00ab\u00a0je comprends rien!\u00a0\u00bb. Il est encore bien s\u00fbr extr\u00eamement faible et commence \u00e0 souffrir de tous les maux dont peut souffrir une personne qui a \u00e9t\u00e9 plong\u00e9e dans un coma profond pendant une semaine. Mais il est combattif et se sait port\u00e9 par vous tous. Nous confions \u00e0 vos pens\u00e9es et pri\u00e8res ses prochains jours, qui risquent d&rsquo;\u00eatre assez difficiles et d\u00e9sagr\u00e9ables. Mais nous voulions aussi et surtout vous remercier tous infiniment de tout ce que vous nous avez donn\u00e9 de vivre et de ce raz de mar\u00e9e de confiance, de paix, de partage et de communion. La force de la pri\u00e8re, quelle qu&rsquo;en soit la forme, est capable de faire plier le doute et la d\u00e9sesp\u00e9rance, nous en rendons t\u00e9moignage!!<br \/>\n Nous vous embrassons tous! Augustin aussi!<\/p>\n<p> Message de Sophie et Jean-Baptiste, les parents d&rsquo;Augustin, le 18 d\u00e9cembre \u00e0 18h54:<br \/>\n Oui. Augustin s&rsquo;est r\u00e9veill\u00e9 cette nuit! Il a l&rsquo;air bien et r\u00e9agit aux consignes. Il ouvre les yeux presse la main et semble ne pas aimer l&rsquo;intubation. ON VOUS AIME! MERCI POUR VOTRE OPERATION DE SAUVETAGE DE NOTRE GUS. ALLELUIA ! <\/p>\n<p> Message de Sophie et Jean-Baptiste, les parents d&rsquo;Augustin, le 18 d\u00e9cembre \u00e0 00h06:<br \/>\n Bonsoir \u00e0 tous,<br \/>\n Il n&rsquo;y a pas beaucoup de nouvelles ce soir. Augustin demeure encore assez profond\u00e9ment dans le coma et ne se r\u00e9veille pas. On lui a retir\u00e9 beaucoup de tuyaux et de perfusions pour limiter les risques de surinfection. Mais il a toujours des passages fi\u00e9vreux. Il est sous assistance respiratoire. Plusieurs fois, il a touss\u00e9 et boug\u00e9 la m\u00e2choire inf\u00e9rieure, ce qui est un d\u00e9but. Mais tr\u00e8s tr\u00e8s faiblement.<br \/>\n Tout est tr\u00e8s lent. Il faut s&rsquo;armer de courage et de patience, sans donner prise au d\u00e9sespoir et au d\u00e9couragement. Merci encore pour votre soutien, vos messages par centaines, vos pri\u00e8res, vos petits plats les conduites en voiture, vous initiatives, la vie, la force et l&rsquo;Esp\u00e9rance que vous nous envoyez par containers entiers!<br \/>\n Nous vous embrassons tous, comme nous vous aimons,<\/p>\n<p> Message de Sophie et Jean-Baptiste le 17 d\u00e9cembre \u00e0 8h50:<br \/>\n Augustin est toujours dans le coma. Tr\u00e8s peu de signes de r\u00e9veil malgr\u00e9 l&rsquo;arr\u00eat des produits. Les m\u00e9decins aimeraient que \u00e7a se fasse ce week-end. Bon scanner hier qui rassure sur l&rsquo;absence d&rsquo;infection dans le cr\u00e2ne. Il garde de la fi\u00e8vre dont on traque l&rsquo;origine. Les \u00e9quipes m\u00e9dicales du Kremlin Bic\u00eatre sont extraordinaires! Nous vivons chaque heure qui passe sans penser aux suivantes tant elles sont impr\u00e9visibles. Merci de vos pri\u00e8res et de votre soutien. Priez aussi pour tous les fr\u00e8res de notre Gus qui vivent aussi un passage assez terrible mais qui sont incroyables de courage. <\/p>\n<p> Message de Jean-Baptiste le 16 d\u00e9cembre \u00e0 8h28:<br \/>\n Augustin est toujours dans le coma apr\u00e8s un m\u00e9ningite bact\u00e9rienne \u00e0 m\u00e9ningocoque compliqu\u00e9e par un oedeme au cerveau. Le r\u00e9veil est en cours. Il faut prier pour que l&rsquo;oedeme c\u00e9r\u00e9bral jugul\u00e9 par le coma profond ne reprenne de l&rsquo;ampleur. Votre soutien est une force pour notre fils comme pour nous m\u00eames. Merci.<\/p>\n<p> Message de Jean-Baptiste et Sophie, les parents d&rsquo;Augustin, le 15\/12\/2011 \u00e0 10h52:<br \/>\n Merci \u00e0 tout le monde pour votre soutien dans l&rsquo;\u00e9preuve que nous vivons. Je ne suis pas encore \u00e0 l&rsquo;h\u00f4pital, mais j&rsquo;ai quitt\u00e9 Augustin cette nuit sans \u00e9volution notable. Ils ont supprim\u00e9 le produit qui bloque les muscles, ils ont diminu\u00e9 l&rsquo;anesth\u00e9siant et maintenu l&rsquo;anti-douleur.<br \/>\nLe r\u00e9veil peut \u00eatre tr\u00e8s lent vu d&rsquo;o\u00f9 il revient. Il avait de la fi\u00e8vre qui<br \/>\npourrait \u00eatre li\u00e9e \u00e0 une petite surinfection due \u00e0 tous les corps \u00e9trangers<br \/>\nqu&rsquo;il a plant\u00e9s dans le corps. Mais les m\u00e9decins surveillent. Analyses en<br \/>\ncours.<\/p>\n<p> Il faut surtout prier pour que ce r\u00e9veil du corps ne r\u00e9veille pas l&rsquo;oed\u00e8me<br \/>\ndu cerveau. Et qu&rsquo;il n&rsquo;y ait pas de s\u00e9quelles. <\/p>\n<p> Il a aussi et surtout re\u00e7u hier apr\u00e8s-midi le sacrement des malades. Un moment tr\u00e8s fort qui porte aussi beaucoup l&rsquo;entourage. <\/p>\n<p> Nous vivons ces temps douloureux et d&rsquo;attente dans l&rsquo;esp\u00e9rance et dans une paix qui grandit \u00e0 mesure que nous avan\u00e7ons vers la victoire. C&rsquo;est beaucoup gr\u00e2ce \u00e0 cette mobilisation qui nous d\u00e9passe. Encore merci! Svp, ne l\u00e2chons rien! <\/p>\n<p> Info 14\/12\/2011 \u00e0 11h20 :<br \/>\n Les m\u00e9decins viennent de d\u00e9cider d&rsquo;entamer tout de suite la phase de r\u00e9veil.<br \/>\n Prions pour Augustin.<\/p>\n<p> Info 14\/12\/2011 \u00e0 10h:<br \/>\n Augustin va recevoir ce matin \u00e0 11 h 30 de l&rsquo;Abb\u00e9 Grosjean le sacrement des malades. Jean-Baptiste et Sophie nous proposent de nous associer \u00e0 eux par la pri\u00e8re.<br \/>\n Les m\u00e9decins envisagent de r\u00e9veiller Augustin ce soir ou demain matin. Cette phase de r\u00e9veil est tr\u00e8s d\u00e9licate et va se faire progressivement. Les m\u00e9decins esp\u00e8rent que la forte pression du cerveau stopp\u00e9e artificiellement ne va pas se r\u00e9activer au moment du r\u00e9veil. Ils nous confient ce moment tr\u00e8s d\u00e9licat. <\/p>\n<p> Retrouvons-nous nombreux ce soir 14 d\u00e9cembre 2011 de 19 h 45  20 h 30 au Vieux Chapitre pour prier ensemble :<br \/>\n \u00e2\u20ac\u0153quand deux ou trois sont r\u00e9unis en mon nom, je suis l\u00e0 au milieu d&rsquo;eux\u00e2\u20ac\u009d Matthieu 18, 15-20 <\/p>\n<p> Chers amis,<br \/>\n La mobilisation continue &#8230; Comme ses parents le demandent \u00ab\u00a0Ne l\u00e2chons rien\u00a0\u00bb.  Continuons \u00e0 prier pour Augustin et sa famille. <\/p>\n<p> Ce soir, jeudi 15 d\u00e9cembre :<\/p>\n<p> &#8211; A Meaux, temps d&rsquo;adoration eucharistique de 20h30 \u00e0 21h30, au Vieux Chapitre.<\/p>\n<p> &#8211; A Lagny\/Marne, temps d&rsquo;adoration eucharistique et pri\u00e8re \u00e0 l&rsquo;intention d&rsquo;Augustin, de 20h30 \u00e0 21h, en l&rsquo;\u00e9glise Notre Dame des Ardents.<\/p>\n<p> En union de pri\u00e8re,<br \/>\n Laurence et Pascal, responsables de secteur des Equipes Notre-Dame<\/p>\n<p> Rappel pour les familles meldoises et les lyc\u00e9ens de Ste Genevi\u00e8ve:<br \/>\n Vendredi 16 d\u00e9cembre, pri\u00e8re anim\u00e9e par les lyc\u00e9ens de 8h \u00e0 8h25 \u00e0 la Chapelle de la Visitation, \u00e0 Ste Genevi\u00e8ve\n<\/p><\/div>\n<\/div>\n","protected":false},"excerpt":{"rendered":"<p>Augustin est cet adolescent meldois de 16 ans qui a \u00e9t\u00e9 foudroy\u00e9 dimanche 11 d\u00e9cembre, en soir\u00e9e, par une m\u00e9ningite. Il a \u00e9t\u00e9 transport\u00e9 d&rsquo;urgence au Kremlin Bic\u00eatre. Il est rest\u00e9 en coma artificiel&#46;&#46;&#46;<\/p>\n","protected":false},"author":2,"featured_media":0,"comment_status":"open","ping_status":"open","sticky":false,"template":"","format":"standard","meta":{"footnotes":""},"categories":[],"tags":[],"class_list":["post-423","post","type-post","status-publish","format-standard","hentry"],"_links":{"self":[{"href":"http:\/\/www.chapelle-crecy.com\/index.php?rest_route=\/wp\/v2\/posts\/423","targetHints":{"allow":["GET"]}}],"collection":[{"href":"http:\/\/www.chapelle-crecy.com\/index.php?rest_route=\/wp\/v2\/posts"}],"about":[{"href":"http:\/\/www.chapelle-crecy.com\/index.php?rest_route=\/wp\/v2\/types\/post"}],"author":[{"embeddable":true,"href":"http:\/\/www.chapelle-crecy.com\/index.php?rest_route=\/wp\/v2\/users\/2"}],"replies":[{"embeddable":true,"href":"http:\/\/www.chapelle-crecy.com\/index.php?rest_route=%2Fwp%2Fv2%2Fcomments&post=423"}],"version-history":[{"count":0,"href":"http:\/\/www.chapelle-crecy.com\/index.php?rest_route=\/wp\/v2\/posts\/423\/revisions"}],"wp:attachment":[{"href":"http:\/\/www.chapelle-crecy.com\/index.php?rest_route=%2Fwp%2Fv2%2Fmedia&parent=423"}],"wp:term":[{"taxonomy":"category","embeddable":true,"href":"http:\/\/www.chapelle-crecy.com\/index.php?rest_route=%2Fwp%2Fv2%2Fcategories&post=423"},{"taxonomy":"post_tag","embeddable":true,"href":"http:\/\/www.chapelle-crecy.com\/index.php?rest_route=%2Fwp%2Fv2%2Ftags&post=423"}],"curies":[{"name":"wp","href":"https:\/\/api.w.org\/{rel}","templated":true}]}}