{"id":424,"date":"2011-12-17T16:53:33","date_gmt":"2011-12-17T16:53:33","guid":{"rendered":""},"modified":"-0001-11-30T00:00:00","modified_gmt":"-0001-11-29T22:00:00","slug":"","status":"publish","type":"post","link":"http:\/\/www.chapelle-crecy.com\/?p=424","title":{"rendered":"Annonces de la semaine du 19 au 25 d\u00e9cembre 2011"},"content":{"rendered":"<table bgcolor =\"F0FAFF\" border=0>\n<tbody>\n<tr>\n<td>\n<div align=\"justify\">\n<div \"349\">Voici les annonces de la semaine du lundi 19 au dimanche 25 d\u00e9cembre 2011 pour la paroisse des 3 clochers Cr\u00e9cy-la-Chapelle, Villiers-sur-Morin, Voulangis.<br \/>Samedi 24 \u00e0\u00a0 20h00 : messe de la nuit de No\u00f6l \u00e0\u00a0 Cr\u00e9cy, Dimanche 25 \u00e0\u00a0 10h30, messe de la Nativit\u00e9 \u00e0\u00a0 Cr\u00e9cy &#8211; Tous les d\u00e9tails dans la suite &#8230;<\/div>\n<\/div>\n<\/td>\n<\/tr>\n<\/tbody>\n<\/table>\n<table bgcolor =\"F0F6FF\" border=0>\n<tbody>\n<tr>\n<td width=\"20%\"><font color=\"00CC00\">Lundi 19 d\u00e9cembre<\/font><\/td>\n<td><font color=\"00CC00\">17 h  30 &#8211; Messe \u00e0 la Maison de Retraite.<br \/>\n<\/font><\/td>\n<td><font color=\"00CC00\">20 h 30  C\u00e9l\u00e9bration p\u00e9nitentielle \u00e0 l&rsquo;\u00e9glise de Cr\u00e9cy.<\/font><\/td>\n<\/tr>\n<tr>\n<td><font color=\"802020\">Mardi 20 d\u00e9cembre<font><\/td>\n<td><font color=\"802020\">9h-  Messe \u00e0 Cr\u00e9cy pour C\u00e9cile BORDESSOULE et Fran\u00e7oise BESSON.<font><\/td>\n<td><font color=\"802020\">15 h 15  A Cr\u00e9cy, obs\u00e8ques de Madame ANTOINE<\/font><\/td>\n<\/tr>\n<tr>\n<td><font color=\"0020FF\">Mercredi 21 d\u00e9cembre<font><\/td>\n<td><font color=\"0020FF\"><\/p>\n<div align=\"center\"><img decoding=\"async\" src=\"\/IMG\/gif\/creche13.gif\"><\/font><\/td>\n<td><font color=\"0020FF\">18 h &#8211; Messe \u00e0 Cr\u00e9cy pour Georgette PAQUET  et  Robert THEVENIN.<font><\/td>\n<\/tr>\n<tr>\n<td><font color=\"00CC00\">Jeudi 22 d\u00e9cembre<font><\/td>\n<td><font color=\"00CC00\">9 h  Messe \u00e0 Cr\u00e9cy pour Georges PAQUET et Ir\u00e8ne BRETON.<\/font><\/td>\n<td><font color=\"00CC00\"><\/p>\n<div align=\"center\"><img decoding=\"async\" src=\"\/IMG\/gif\/noel_nativite008.gif\" ><\/div>\n<p><font><\/td>\n<\/tr>\n<tr>\n<td><font color=\"802020\">Vendredi 23 d\u00e9cembre<font><\/td>\n<td><font color=\"802020\"><\/p>\n<div align=\"center\"><img decoding=\"async\" src=\"\/IMG\/gif\/noel_nativite030.gif\" width=120><\/div>\n<p><font><\/td>\n<td><font color=\"802020\">9 h &#8211; Messe \u00e0 Cr\u00e9cy pour les Ames du Purgatoire et les d\u00e9funts de la famille THION-MUNIER.<\/font><\/td>\n<\/tr>\n<tr>\n<td><font color=\"0020FF\">Samedi 24 d\u00e9cembre<\/font><\/td>\n<td><font color=\"0020FF\">20 h &#8211; Veill\u00e9e et Messe de la nuit de No\u00ebl \u00e0 l&rsquo;\u00e9glise de Cr\u00e9cy.<br \/>\n<font><\/td>\n<td><font color=\"0020FF\"><\/p>\n<div align=\"center\"><img decoding=\"async\" src=\"\/IMG\/gif\/noel_nativite019.gif\" width=120>\n<\/div>\n<p><\/font><\/td>\n<\/tr>\n<tr>\n<td><font color=\"00CC00\">Dimanche 25 d\u00e9cembre<\/font><\/td>\n<td><font color=\"00CC00\"><\/p>\n<div align=\"center\"><img decoding=\"async\" src=\"\/IMG\/gif\/noel_nativite012.gif\">\n<\/div>\n<p><\/font><\/td>\n<td><font color=\"00CC00\">10 h 30  Messe de la Nativit\u00e9 \u00e0 Cr\u00e9cy.<\/font>\n<\/td>\n<\/tr>\n<\/tbody>\n<\/table>\n<div align=\"center\"><img decoding=\"async\" src=\"\/IMG\/gif\/noel_nativite009.gif\" ><\/div>\n","protected":false},"excerpt":{"rendered":"<p>Voici les annonces de la semaine du lundi 19 au dimanche 25 d\u00e9cembre 2011 pour la paroisse des 3 clochers Cr\u00e9cy-la-Chapelle, Villiers-sur-Morin, Voulangis.Samedi 24 \u00e0\u00a0 20h00 : messe de la nuit de No\u00f6l \u00e0\u00a0&#46;&#46;&#46;<\/p>\n","protected":false},"author":2,"featured_media":0,"comment_status":"open","ping_status":"open","sticky":false,"template":"","format":"standard","meta":{"footnotes":""},"categories":[],"tags":[],"class_list":["post-424","post","type-post","status-publish","format-standard","hentry"],"_links":{"self":[{"href":"http:\/\/www.chapelle-crecy.com\/index.php?rest_route=\/wp\/v2\/posts\/424","targetHints":{"allow":["GET"]}}],"collection":[{"href":"http:\/\/www.chapelle-crecy.com\/index.php?rest_route=\/wp\/v2\/posts"}],"about":[{"href":"http:\/\/www.chapelle-crecy.com\/index.php?rest_route=\/wp\/v2\/types\/post"}],"author":[{"embeddable":true,"href":"http:\/\/www.chapelle-crecy.com\/index.php?rest_route=\/wp\/v2\/users\/2"}],"replies":[{"embeddable":true,"href":"http:\/\/www.chapelle-crecy.com\/index.php?rest_route=%2Fwp%2Fv2%2Fcomments&post=424"}],"version-history":[{"count":0,"href":"http:\/\/www.chapelle-crecy.com\/index.php?rest_route=\/wp\/v2\/posts\/424\/revisions"}],"wp:attachment":[{"href":"http:\/\/www.chapelle-crecy.com\/index.php?rest_route=%2Fwp%2Fv2%2Fmedia&parent=424"}],"wp:term":[{"taxonomy":"category","embeddable":true,"href":"http:\/\/www.chapelle-crecy.com\/index.php?rest_route=%2Fwp%2Fv2%2Fcategories&post=424"},{"taxonomy":"post_tag","embeddable":true,"href":"http:\/\/www.chapelle-crecy.com\/index.php?rest_route=%2Fwp%2Fv2%2Ftags&post=424"}],"curies":[{"name":"wp","href":"https:\/\/api.w.org\/{rel}","templated":true}]}}