{"id":425,"date":"2011-12-19T08:46:38","date_gmt":"2011-12-19T08:46:38","guid":{"rendered":""},"modified":"-0001-11-30T00:00:00","modified_gmt":"-0001-11-29T22:00:00","slug":"","status":"publish","type":"post","link":"http:\/\/www.chapelle-crecy.com\/?p=425","title":{"rendered":"Red\u00e9couvrir la Mis\u00e9ricorde de Dieu"},"content":{"rendered":"<div align=\"justify\">Le sacrement de r\u00e9conciliation est un sacrement qui lib\u00e8re, qui soulage, qui pardonne, puisque, dit le psaume 31, l&rsquo;aveu lui-m\u00eame lib\u00e8re ! N&rsquo;h\u00e9sitons donc pas \u00e0\u00a0 venir nous confesser ce lundi 19 d\u00e9cembre \u00e0\u00a0 20h30 \u00e0\u00a0 l&rsquo;\u00e9glise St Georges de Cr\u00e9cy. Le sacrement du pardon est source de mis\u00e9ricorde, source de l&rsquo;amour de Dieu. Il nous r\u00e9tablit dans notre vie d&rsquo;enfant de Dieu. Ne nous privons pas de cette occasion qui nous est donn\u00e9e de nous replonger dans cette gr ce purificatrice du bapt\u00eame.<\/div>\n<p> Evolution de la d\u00e9finition du sacrement au cours du temps<\/p>\n<p> Pour Saint Augustin (354-430), le sacrement est un \u00ab\u00a0signe sacr\u00e9\u00a0\u00bb, un \u00ab\u00a0signe visible d&rsquo;une r\u00e9alit\u00e9 invisible\u00a0\u00bb. C&rsquo;est en fait, le \u00ab\u00a0signe d&rsquo;une r\u00e9alit\u00e9 sacr\u00e9e\u00a0\u00bb. Au XIII\u00e8me si\u00e8cle, Saint Thomas d&rsquo;Aquin travaille sur cette notion que le sacrement n&rsquo;est pas seulement un signe de la gr\u00e2ce, mais qu&rsquo;il en est aussi la cause. Enfin, au concile de Trante  (1547), l&rsquo;Eglise Catholique d\u00e9finit les sacrements comme suit:<br \/>\n ensemble ils sont, en Eglise, les actes sauveurs du Christ qui actualisent pour nous le myst\u00e8re pascal. En ce sens, ils prolongent dans le temps de l&rsquo;Eglise les gestes sauveurs du Christ. <\/p>\n<div align=\"center\"><img decoding=\"async\" src=\"\/IMG\/jpg\/rembrandt.jpg\"><\/div>\n<p> Ce 19 d\u00e9cembre \u00e0 20h30, des pr\u00eatres seront pr\u00e9sents pour nous donner la Mis\u00e9ricorde de Dieu.<br \/>\n Depuis que le Concile n&rsquo;a pas manqu\u00e9 de rappeler la dimension communautaire de tout sacrement, le Rituel propose des c\u00e9l\u00e9brations communautaires de la r\u00e9conciliation. C&rsquo;est ainsi qu&rsquo;au cours de la c\u00e9l\u00e9bration de r\u00e9conciliation de ce soir \u00e0 Cr\u00e9cy, il y aura pour ceux qui le d\u00e9sirent des confessions et des absolutions individuelles.<\/p>\n<p> Les d\u00e9finitions propos\u00e9es dans cet article sont issues du livre \u00ab\u00a0Les sacrements\u00a0\u00bb de Mich\u00e8le Clavier, Docteur en th\u00e9ologie, ouvrage paru aux Editions du Signe<\/p>\n","protected":false},"excerpt":{"rendered":"<p>Le sacrement de r\u00e9conciliation est un sacrement qui lib\u00e8re, qui soulage, qui pardonne, puisque, dit le psaume 31, l&rsquo;aveu lui-m\u00eame lib\u00e8re ! N&rsquo;h\u00e9sitons donc pas \u00e0\u00a0 venir nous confesser ce lundi 19 d\u00e9cembre \u00e0\u00a0&#46;&#46;&#46;<\/p>\n","protected":false},"author":2,"featured_media":0,"comment_status":"open","ping_status":"open","sticky":false,"template":"","format":"standard","meta":{"footnotes":""},"categories":[],"tags":[],"class_list":["post-425","post","type-post","status-publish","format-standard","hentry"],"_links":{"self":[{"href":"http:\/\/www.chapelle-crecy.com\/index.php?rest_route=\/wp\/v2\/posts\/425","targetHints":{"allow":["GET"]}}],"collection":[{"href":"http:\/\/www.chapelle-crecy.com\/index.php?rest_route=\/wp\/v2\/posts"}],"about":[{"href":"http:\/\/www.chapelle-crecy.com\/index.php?rest_route=\/wp\/v2\/types\/post"}],"author":[{"embeddable":true,"href":"http:\/\/www.chapelle-crecy.com\/index.php?rest_route=\/wp\/v2\/users\/2"}],"replies":[{"embeddable":true,"href":"http:\/\/www.chapelle-crecy.com\/index.php?rest_route=%2Fwp%2Fv2%2Fcomments&post=425"}],"version-history":[{"count":0,"href":"http:\/\/www.chapelle-crecy.com\/index.php?rest_route=\/wp\/v2\/posts\/425\/revisions"}],"wp:attachment":[{"href":"http:\/\/www.chapelle-crecy.com\/index.php?rest_route=%2Fwp%2Fv2%2Fmedia&parent=425"}],"wp:term":[{"taxonomy":"category","embeddable":true,"href":"http:\/\/www.chapelle-crecy.com\/index.php?rest_route=%2Fwp%2Fv2%2Fcategories&post=425"},{"taxonomy":"post_tag","embeddable":true,"href":"http:\/\/www.chapelle-crecy.com\/index.php?rest_route=%2Fwp%2Fv2%2Ftags&post=425"}],"curies":[{"name":"wp","href":"https:\/\/api.w.org\/{rel}","templated":true}]}}