{"id":426,"date":"2011-12-22T09:00:00","date_gmt":"2011-12-22T09:00:00","guid":{"rendered":""},"modified":"-0001-11-30T00:00:00","modified_gmt":"-0001-11-29T22:00:00","slug":"","status":"publish","type":"post","link":"http:\/\/www.chapelle-crecy.com\/?p=426","title":{"rendered":"A No\u00ebl Dieu s&rsquo;est fait homme pour nous sauver. Accueillons-le et c\u00e9l\u00e9brons-le !"},"content":{"rendered":"<p>Horaires des messes de No\u00f6l dans tout le P\u00f4le missionnaire de Meaux<\/p>\n<div align=\"center\"><img decoding=\"async\" src=\"\/IMG\/jpg\/horaires-1-1.jpg\" width=600><\/div>\n<p><\/p>\n<div align=\"center\"><img decoding=\"async\" src=\"\/IMG\/jpg\/breviaire.jpg\" width=450><\/div>\n<p><\/p>\n<div align=\"center\"><img decoding=\"async\" src=\"\/IMG\/jpg\/horaires-2-2.jpg\" width=600><\/div>\n<p><\/p>\n<p> Pour une meilleure lecture, retrouvez tous les horaires dans le document PDF ci-joint (peut \u00eatre imprim\u00e9 si n\u00e9cessaire).<\/p>\n","protected":false},"excerpt":{"rendered":"<p>Horaires des messes de No\u00f6l dans tout le P\u00f4le missionnaire de Meaux Pour une meilleure lecture, retrouvez tous les horaires dans le document PDF ci-joint (peut \u00eatre imprim\u00e9 si n\u00e9cessaire).<\/p>\n","protected":false},"author":2,"featured_media":0,"comment_status":"open","ping_status":"open","sticky":false,"template":"","format":"standard","meta":{"footnotes":""},"categories":[],"tags":[],"class_list":["post-426","post","type-post","status-publish","format-standard","hentry"],"_links":{"self":[{"href":"http:\/\/www.chapelle-crecy.com\/index.php?rest_route=\/wp\/v2\/posts\/426","targetHints":{"allow":["GET"]}}],"collection":[{"href":"http:\/\/www.chapelle-crecy.com\/index.php?rest_route=\/wp\/v2\/posts"}],"about":[{"href":"http:\/\/www.chapelle-crecy.com\/index.php?rest_route=\/wp\/v2\/types\/post"}],"author":[{"embeddable":true,"href":"http:\/\/www.chapelle-crecy.com\/index.php?rest_route=\/wp\/v2\/users\/2"}],"replies":[{"embeddable":true,"href":"http:\/\/www.chapelle-crecy.com\/index.php?rest_route=%2Fwp%2Fv2%2Fcomments&post=426"}],"version-history":[{"count":0,"href":"http:\/\/www.chapelle-crecy.com\/index.php?rest_route=\/wp\/v2\/posts\/426\/revisions"}],"wp:attachment":[{"href":"http:\/\/www.chapelle-crecy.com\/index.php?rest_route=%2Fwp%2Fv2%2Fmedia&parent=426"}],"wp:term":[{"taxonomy":"category","embeddable":true,"href":"http:\/\/www.chapelle-crecy.com\/index.php?rest_route=%2Fwp%2Fv2%2Fcategories&post=426"},{"taxonomy":"post_tag","embeddable":true,"href":"http:\/\/www.chapelle-crecy.com\/index.php?rest_route=%2Fwp%2Fv2%2Ftags&post=426"}],"curies":[{"name":"wp","href":"https:\/\/api.w.org\/{rel}","templated":true}]}}