{"id":427,"date":"2011-12-25T16:05:56","date_gmt":"2011-12-25T16:05:56","guid":{"rendered":""},"modified":"-0001-11-30T00:00:00","modified_gmt":"-0001-11-29T22:00:00","slug":"","status":"publish","type":"post","link":"http:\/\/www.chapelle-crecy.com\/?p=427","title":{"rendered":"Un cadeau \u00e0\u00a0 No\u00ebl pour dire \u00ab\u00a0Je t&rsquo;aime\u00a0\u00bb"},"content":{"rendered":"<div align=\"justify\">\nOffrir un cadeau \u00e0\u00a0 ses proches, et sp\u00e9cialement \u00e0\u00a0 No\u00f6l, est traditionnel, et nul ne songe \u00e0\u00a0 s&rsquo;y soustraire. C&rsquo;est une bonne chose. Il faut pourtant retrouver le sens de ce geste, en \u00e9vitant la fuite en avant vers le \u00ab\u00a0toujours plus\u00a0\u00bb.<\/div>\n<p>Le pr\u00e9sent offert le soir de la Nativit\u00e9 fait r\u00e9f\u00e9rence au geste de Dieu donnant son Fils \u00e0 tous les hommes pour les sauver de la mort. Le sens de ce don inou\u00ef est \u00e0 rchercher dans l&rsquo;amour du P\u00e8re pour nous, ses enfants.<br \/>\n Notre cadeau, choisi en fonction de celui qui va le recevoir, devra le jour de No\u00ebl, rappeler le geste divin: \u00ab\u00a0Je t&rsquo;offre ceci pour te manifester mon amour et la tendresse qui m&rsquo;habite.\u00a0\u00bb<br \/>\n Le cadeau d&rsquo;un sourire \u00e0 un malade, d&rsquo;une attention particuli\u00e8re \u00e0 un proche, d&rsquo;une amiti\u00e9 d\u00e9snt\u00e9ress\u00e9e, d&rsquo;un temps pass\u00e9 au chevet d&rsquo;un vieillard &#8230; sont aussi une fa\u00e7on de dire: \u00ab\u00a0Je t&rsquo;aime, je t&rsquo;appr\u00e9cie tel que tu es et pour ce que tu es.\u00a0\u00bb<br \/>\n Ainsi tout le monde peut, m\u00eame sans grand moyen, offrir le soir de No\u00ebl, le plus beau des pr\u00e9sents.<br \/>\n Toute la communaut\u00e9 paroissiale de Cr\u00e9cy, le P\u00e8re Philippe Legrand, pr\u00eatre r\u00e9f\u00e9rent sur la paroisse des 3 clochers et cur\u00e9 du p\u00f4le missionnaire de Meaux, le P\u00e8re Aim\u00e9, pr\u00eatre \u00e9tudiant b\u00e9gninois b\u00e9ni sur notre paroisse, Christian Latieule, coordinateur de l&rsquo;EAP et tous les membres de l&rsquo;Equipe d&rsquo;Animation Pastorale sont heureux de vous souhaiter de  joyeuses et saintes f\u00eates de No\u00ebl \u00e0 tous.<\/p>\n<p> Article tir\u00e9 du n\u00c2\u00b0259 de l&rsquo;Echo de la Vall\u00e9e <\/p>\n<div align=\"center\"><img decoding=\"async\" src=\"\/IMG\/png\/Joyeux__Noel.png\" width=450><\/div>\n<div align=\"center\"><img decoding=\"async\" src=\"\/IMG\/jpg\/creche.jpg\" width=450><\/div>\n<p> Retrouvez en pi\u00e8ce jointe une tr\u00e8s belle histoire de No\u00ebl, accompagn\u00e9 d&rsquo;un beau No\u00ebl interpr\u00e9t\u00e9 par les Petits Chanteurs \u00e0 la Croix de Bois.<\/p>\n","protected":false},"excerpt":{"rendered":"<p>Offrir un cadeau \u00e0\u00a0 ses proches, et sp\u00e9cialement \u00e0\u00a0 No\u00f6l, est traditionnel, et nul ne songe \u00e0\u00a0 s&rsquo;y soustraire. C&rsquo;est une bonne chose. Il faut pourtant retrouver le sens de ce geste, en \u00e9vitant&#46;&#46;&#46;<\/p>\n","protected":false},"author":2,"featured_media":0,"comment_status":"open","ping_status":"open","sticky":false,"template":"","format":"standard","meta":{"footnotes":""},"categories":[],"tags":[],"class_list":["post-427","post","type-post","status-publish","format-standard","hentry"],"_links":{"self":[{"href":"http:\/\/www.chapelle-crecy.com\/index.php?rest_route=\/wp\/v2\/posts\/427","targetHints":{"allow":["GET"]}}],"collection":[{"href":"http:\/\/www.chapelle-crecy.com\/index.php?rest_route=\/wp\/v2\/posts"}],"about":[{"href":"http:\/\/www.chapelle-crecy.com\/index.php?rest_route=\/wp\/v2\/types\/post"}],"author":[{"embeddable":true,"href":"http:\/\/www.chapelle-crecy.com\/index.php?rest_route=\/wp\/v2\/users\/2"}],"replies":[{"embeddable":true,"href":"http:\/\/www.chapelle-crecy.com\/index.php?rest_route=%2Fwp%2Fv2%2Fcomments&post=427"}],"version-history":[{"count":0,"href":"http:\/\/www.chapelle-crecy.com\/index.php?rest_route=\/wp\/v2\/posts\/427\/revisions"}],"wp:attachment":[{"href":"http:\/\/www.chapelle-crecy.com\/index.php?rest_route=%2Fwp%2Fv2%2Fmedia&parent=427"}],"wp:term":[{"taxonomy":"category","embeddable":true,"href":"http:\/\/www.chapelle-crecy.com\/index.php?rest_route=%2Fwp%2Fv2%2Fcategories&post=427"},{"taxonomy":"post_tag","embeddable":true,"href":"http:\/\/www.chapelle-crecy.com\/index.php?rest_route=%2Fwp%2Fv2%2Ftags&post=427"}],"curies":[{"name":"wp","href":"https:\/\/api.w.org\/{rel}","templated":true}]}}