{"id":429,"date":"2012-01-03T09:24:14","date_gmt":"2012-01-03T09:24:14","guid":{"rendered":""},"modified":"-0001-11-30T00:00:00","modified_gmt":"-0001-11-29T22:00:00","slug":"","status":"publish","type":"post","link":"http:\/\/www.chapelle-crecy.com\/?p=429","title":{"rendered":"Bonne Ann\u00e9e 2012 dans la paix et dans la joie"},"content":{"rendered":"<div align=\"justify\">Le P\u00e8re Philippe Legrand, le p\u00e8re Aim\u00e9 et toute l&rsquo;Equipe d&rsquo;Animation Pastorale du secteur de Cr\u00e9cy-la-Chapelle, sont heureux de vous adresser leurs meilleurs de voeux de joie, de paix et de sant\u00e9 pour l&rsquo;ann\u00e9e 2012.<br \/>Nous vous proposons, en ce d\u00e9but d&rsquo;ann\u00e9e, un calendrier original. Sur un po\u00e8me d&rsquo;Octave AUBERT qui revisite les 12 mois de l&rsquo;ann\u00e9e, nous avons s\u00e9lectionn\u00e9 12 photos marquantes de l&rsquo;ann\u00e9e 2011. Que Dieu b\u00e9nisse chacune de vos vies et vous prot\u00e8ge tous les jours de cette ann\u00e9e.<\/div>\n<div align=\"justify\">\n \u00ab\u00a0Voici les douze mois:<br \/>\n Ils marchent trois \u00e0 trois.<br \/>\n Avec son blanc chapeau de neige,<br \/>\nJanvier m\u00e8ne le grand cort\u00e8ge.<\/p>\n<div align=\"center\"><img decoding=\"async\" src=\"\/IMG\/jpg\/janvier1.jpg\" width=350><\/div>\n<p><\/p>\n<div align=\"center\">Rappellez-vous, un d\u00e9but d&rsquo;ann\u00e9e 2011 tr\u00e8s enneig\u00e9e&#8230;<\/div>\n<p><\/p>\n<p>F\u00e9vrier sur le m\u00eame rang<br \/>\nA honte d&rsquo;\u00eatre si peu grand.<\/p>\n<div align=\"center\"><img decoding=\"async\" src=\"\/IMG\/jpg\/onction-aime.jpg\"width=400><\/div>\n<p><\/p>\n<div align=\"center\">Le 11 f\u00e9vrier, en m\u00e9moire de Sainte Bernadette, l&rsquo;Eglise b\u00e9nit les malades<\/div>\n<p><\/p>\n<p>A ses c\u00f4t\u00e9s c&rsquo;est mars fantasque,<br \/>\nLe nez mouill\u00e9 par la bourrasque.<\/p>\n<div align=\"center\"><img decoding=\"async\" src=\"\/IMG\/jpg\/mars.jpg\" width=350><\/div>\n<p><\/p>\n<div align=\"center\">Sur le p\u00f4le de Meaux, les conf\u00e9rences de car\u00eame ont \u00e9t\u00e9 passionnantes<\/div>\n<p><\/p>\n<p>Admirez avril qui s&rsquo;avance<br \/>\nSon bonnet de fleurs se balance.<\/p>\n<div align=\"center\"><img decoding=\"async\" src=\"\/IMG\/jpg\/avril.jpg\" width=350><\/div>\n<p><\/p>\n<div align=\"center\">Les f\u00eates pascales, le sommet de l&rsquo;ann\u00e9e liturgique<\/div>\n<p><\/p>\n<p>Mai joyeux lui donne le bras,<br \/>\nV\u00eatu de roses et de lilas,<\/p>\n<div align=\"center\"><img decoding=\"async\" src=\"\/IMG\/jpg\/mai.jpg\" width=350><\/div>\n<p><\/p>\n<div align=\"center\">De nombreuses c\u00e9l\u00e9brations nous ont rapproch\u00e9s de ce grand pape<\/div>\n<p><\/p>\n<p>Et juin, les tempes vermeilles,<br \/>\nA des cerises aux oreilles.<\/p>\n<div align=\"center\"><img decoding=\"async\" src=\"\/IMG\/jpg\/juin.jpg\" width=350><\/div>\n<p><\/p>\n<div align=\"center\">Juin, le temps des communions et de l&rsquo;effusion de l&rsquo;Esprit Saint!<\/div>\n<p><\/p>\n<p>Sur le chemin sec juillet trotte,<br \/>\nIl a du foin dans chaque botte.<\/p>\n<div align=\"center\"><img decoding=\"async\" src=\"\/IMG\/jpg\/juillet.jpg\" width=350><\/div>\n<p><\/p>\n<div align=\"center\">Tous les ans, en juillet, l&rsquo;hospitalit\u00e9 dioc\u00e9saine de Meaux emm\u00e8ne une centaine de malades au pied de la grotte de Lourdes<\/div>\n<p><\/p>\n<p>Ao\u00fbt s&rsquo;en va couronn\u00e9 de bl\u00e9,<br \/>\nPar la chaleur accabl\u00e9,<\/p>\n<div align=\"center\"><img decoding=\"async\" src=\"\/IMG\/jpg\/aout.jpg\" width=350><\/div>\n<p><\/p>\n<div align=\"center\">L&rsquo;\u00e9t\u00e9 est une saison propice aux mariages<\/div>\n<p><\/p>\n<p>Et septembre titube et joue,<br \/>\nAvec des grappes sur la joue.<\/p>\n<div align=\"center\"><img decoding=\"async\" src=\"\/IMG\/jpg\/septembre.jpg\" width=350><\/div>\n<p><\/p>\n<div align=\"center\">Septembre, \u00e0 Cr\u00e9cy, la foire de la Saint Michel est un rendez-vous convivial incontournable<\/div>\n<p><\/p>\n<p>Octobre porte sur sa t\u00eate<br \/>\nLa pomme \u00e0 cidre et la noisette.<\/p>\n<div align=\"center\"><img decoding=\"async\" src=\"\/IMG\/jpg\/octobre.jpg\" width=350><\/div>\n<p><\/p>\n<div align=\"center\">Cidre, cassoulet &#8230; le temps d&rsquo;\u00e9change est primordial au cours du repas des Equipes Notre-Dame<\/div>\n<p><\/p>\n<p>Novembre dans ses maigres bras,<br \/>\nTient un tas de vieux \u00e9chalas,<\/p>\n<div align=\"center\"><img decoding=\"async\" src=\"\/IMG\/jpg\/novembre.jpg\" width=350><\/div>\n<p><\/p>\n<div align=\"center\">La Toussaint est l&rsquo;occasion de penser aux d\u00e9funts de nos familles<\/div>\n<p><\/p>\n<p>Et d\u00e9cembre ferme la marche,<br \/>\nTriste et froid comme un patriarche.<\/p>\n<div align=\"center\"><img decoding=\"async\" src=\"\/IMG\/jpg\/decembre1.jpg\" width=350><\/div>\n<p><\/p>\n<div align=\"center\">Les moments d&rsquo;amour que nous partageons les uns les autres sont l&rsquo;oeuvre de ce tout petit enfant, l&rsquo;enfant-J\u00e9sus<\/div>\n<p><\/p>\n<p>Salut aux douze mois<br \/>\nQui marchent trois \u00e0 trois.<\/p>\n<p>Octave AUBERT<\/p>\n<\/div>\n","protected":false},"excerpt":{"rendered":"<p>Le P\u00e8re Philippe Legrand, le p\u00e8re Aim\u00e9 et toute l&rsquo;Equipe d&rsquo;Animation Pastorale du secteur de Cr\u00e9cy-la-Chapelle, sont heureux de vous adresser leurs meilleurs de voeux de joie, de paix et de sant\u00e9 pour l&rsquo;ann\u00e9e&#46;&#46;&#46;<\/p>\n","protected":false},"author":2,"featured_media":0,"comment_status":"open","ping_status":"open","sticky":false,"template":"","format":"standard","meta":{"footnotes":""},"categories":[],"tags":[],"class_list":["post-429","post","type-post","status-publish","format-standard","hentry"],"_links":{"self":[{"href":"http:\/\/www.chapelle-crecy.com\/index.php?rest_route=\/wp\/v2\/posts\/429","targetHints":{"allow":["GET"]}}],"collection":[{"href":"http:\/\/www.chapelle-crecy.com\/index.php?rest_route=\/wp\/v2\/posts"}],"about":[{"href":"http:\/\/www.chapelle-crecy.com\/index.php?rest_route=\/wp\/v2\/types\/post"}],"author":[{"embeddable":true,"href":"http:\/\/www.chapelle-crecy.com\/index.php?rest_route=\/wp\/v2\/users\/2"}],"replies":[{"embeddable":true,"href":"http:\/\/www.chapelle-crecy.com\/index.php?rest_route=%2Fwp%2Fv2%2Fcomments&post=429"}],"version-history":[{"count":0,"href":"http:\/\/www.chapelle-crecy.com\/index.php?rest_route=\/wp\/v2\/posts\/429\/revisions"}],"wp:attachment":[{"href":"http:\/\/www.chapelle-crecy.com\/index.php?rest_route=%2Fwp%2Fv2%2Fmedia&parent=429"}],"wp:term":[{"taxonomy":"category","embeddable":true,"href":"http:\/\/www.chapelle-crecy.com\/index.php?rest_route=%2Fwp%2Fv2%2Fcategories&post=429"},{"taxonomy":"post_tag","embeddable":true,"href":"http:\/\/www.chapelle-crecy.com\/index.php?rest_route=%2Fwp%2Fv2%2Ftags&post=429"}],"curies":[{"name":"wp","href":"https:\/\/api.w.org\/{rel}","templated":true}]}}