{"id":431,"date":"2012-01-11T01:27:16","date_gmt":"2012-01-11T01:27:16","guid":{"rendered":""},"modified":"-0001-11-30T00:00:00","modified_gmt":"-0001-11-29T22:00:00","slug":"","status":"publish","type":"post","link":"http:\/\/www.chapelle-crecy.com\/?p=431","title":{"rendered":"Quelques dates importantes \u00e0\u00a0 retenir pour 2012"},"content":{"rendered":"<div align=\"justify\">L&rsquo;ann\u00e9e vient \u00e0\u00a0 peine de commencer et pourtant le programme des activit\u00e9s dans notre paroisse, au niveau du P\u00f4le de Meaux et m\u00eame dans notre dioc\u00e8se est tr\u00e8s fourni. Voici en quelques lignes le rappel des rendez-vous importants \u00e0\u00a0 ne pas manquer en ce d\u00e9but d&rsquo;ann\u00e9e 2012. Que toutes ces activit\u00e9s que l&rsquo;Eglise nous propose, permette \u00e0\u00a0 chacun de nous de grandir dans une plus profonde compr\u00e9hension de l&rsquo;Evangile et du message d&rsquo;amour de J\u00e9sus-Christ.<\/div>\n<p>Par ordre chronologique, du plus proche au plus lointain (dans le temps), voici un aper\u00e7u des principaux \u00e9v\u00e8nements incontournables qui vous attendent en 2012. Pour avoir les informations compl\u00e8tes de chaque \u00e9v\u00e8nement, reportez-vous au bas de la page et ouvrez la pi\u00e8ce jointe&#8230;<\/p>\n<div align=\"center\"><img decoding=\"async\" src=\"\/IMG\/jpg\/piece_jointe.jpg\" width=150><\/div>\n<p><\/p>\n<p>Et si vous connaissez d&rsquo;autres \u00e9v\u00e8nements qui valent le d\u00e9tour, merci de nous les signaler !<br \/>\n&#8211; Lecture suivie de l&rsquo;\u00e9vangile selon Saint Jean, \u00e0 la Houssaye-en-Brie, le vendredi 20 janvier 2012, de 9h30 \u00e0 16h00<br \/>\n Vous d\u00e9sirez mieux conna \u00eetre et comprendre les textes bibliques?<br \/>\n Alors, cette formation, organis\u00e9e par le service dioc\u00e9sain de la cat\u00e9ch\u00e8se, est pour vous. A la suite de la premi\u00e8re journ\u00e9e de ce cycle de formation, j&rsquo;ai ou\u00efe dire que Soeur Sylvie avait \u00e9t\u00e9 extraordinaire. Les modalit\u00e9s d&rsquo;inscription se trouvent en bas de page. <\/p>\n<div align=\"center\"><img decoding=\"async\" src=\"\/IMG\/jpg\/StJean.jpg\" width=350><\/div>\n<p>\n&#8211; Messe de b\u00e9n\u00e9diction c\u00e9l\u00e9br\u00e9e par notre Ev\u00eaque \u00e0 l&rsquo;\u00e9glise St Pierre de Voulangis, le 22 janvier 2012<\/p>\n<div align=\"center\"><img decoding=\"async\" src=\"\/IMG\/lieux\/voulangis_eglise1.jpg\" width=150><\/div>\n<p>\n&#8211; Semaine de Pri\u00e8re pour l&rsquo;unit\u00e9 des Chr\u00e9tiens, le dimanche 22 Janvier 2012  \u00e0 15 h 30<\/p>\n<div align=\"center\"><img decoding=\"async\" src=\"\/IMG\/jpg\/semaine_priere.jpg\" width=350><\/div>\n<p>\n Ce temps de rencontre et de partage avec nos fr\u00e8res protestants aura lieu en l&rsquo;\u00e9glise Notre-Dame du March\u00e9 \u00e0 MEAUX<br \/>\n(pr\u00e8s de la M\u00e9diath\u00e8que)<br \/>\n\u00a0\u00bb C&rsquo;EST ENSEMBLE, CHRETIENS DIVERS, QUE NOUS ANNON\u00c3\u2021ONS JESUS-CHRIST \u00ab\u00a0<br \/>\n&#8211; Pour d\u00e9couvrir la vie d&rsquo;une Soeur ou d&rsquo;un Fr\u00e8re,<br \/>\n Soeur Martine et Soeur Anne, pour le service dioc\u00e9sain des vocations, ouvrent un cycle de d\u00e9couverte de la vie religieuse. Ce cycle s&rsquo;adresse essentiellement aux filles et aux gar\u00e7ons de 9 \u00e0 14 ans. Toutes les informations se trouvent dans le document-joint en bas de l&rsquo;article.<\/p>\n<div align=\"center\"><img decoding=\"async\" src=\"\/IMG\/jpg\/1_soeur.jpg\" width=350><\/div>\n<p>\n&#8211; Repas de p\u00f4le de Meaux \u00e0 Couilly- Pont-aux-Dames, le 5 f\u00e9vrier 2012<br \/>\n Ce repas, grand temps fort de convivialit\u00e9 et de fraternit\u00e9 dans notre p\u00f4le de Meaux, a pour objectif de prendre le temps de mieux se conna \u00eetre et de passer un moment agr\u00e9able autour d&rsquo;un excellent repas, pr\u00e9par\u00e9 par des b\u00e9n\u00e9voles. Pour sa troisi\u00e8me \u00e9dition, ce repas participe fortement \u00e0 la coh\u00e9sion de notre p\u00f4le missionnaire de Meaux. Retrouvez en pi\u00e8ces jointes l&rsquo;affiche pr\u00e9sentant le menu et le bulletin d&rsquo;inscription. Tous \u00e0 Couilly, le 5 f\u00e9vrier, qu&rsquo;on se le dise !!!<\/p>\n<div align=\"center\"><img decoding=\"async\" src=\"\/IMG\/jpg\/RepasPole.jpg\" width=350><\/div>\n<p>\n&#8211; Dimanche 5 f\u00e9vrier, \u00e0 14h00, jeu internet 2012.<br \/>\n Inscription \u00e0 partir du 11 janvier. Voir document joint pour les r\u00e8gles du jeu&#8230;<\/p>\n<div align=\"center\"><img decoding=\"async\" src=\"\/IMG\/jpg\/JeuInternet.jpg\" width=350><\/div>\n<p>\n&#8211; Soir\u00e9e de l&rsquo;amiti\u00e9 \u00e0 l&rsquo;\u00e9cole Sainte Th\u00e9r\u00e8se de Couilly- Pont-aux-Dames, le 11 f\u00e9vrier 2012<br \/>\n Hasard du calendrier, le comit\u00e9 paroissial Jean-Baptiste Vianney organise son traditionnel repas de l&rsquo;amiti\u00e9 une semaine apr\u00e8s le repas de p\u00f4le. Pour ceux qui auront h\u00e9sit\u00e9 \u00e0 se joindre aux 250 invit\u00e9s du repas du 5 f\u00e9vrier, ils auront une chance de se rattraper le 11 f\u00e9vrier pour  partager un excellent repas suivi de nombreuses animations. Fou rire assur\u00e9. Mais, d\u00e9p\u00eachez-vous de vous inscrire, le nombre de places est limit\u00e9 !<br \/>\n&#8211; Prochain KT Dimanche: le 11 mars 2012 \u00e0 10h30 \u00e0 l&rsquo;\u00e9glise St Georges de Cr\u00e9cy<br \/>\n Voici le t\u00e9moignage d&rsquo;une personne qui a d\u00e9couvert le KT dimanche du 11 d\u00e9cembre dernier:<br \/>\n \u00ab\u00a0J&rsquo;ai beaucoup appr\u00e9cier l&rsquo;atelier et la matin\u00e9e; tout cela m&rsquo;a vraiment  mise en condition de f\u00eater No\u00ebl; cette ann\u00e9e, apr\u00e8s ce que j&rsquo;ai v\u00e9cu ce dimanche matin, avec ma famille on ne \u00ab\u00a0fera\u00a0\u00bb pas No\u00ebl comme d&rsquo;habitude.\u00a0\u00bb <br \/>\n&#8211; P\u00e8lerinage \u00e0 Reims le 17 mars 2012<br \/>\n Le Service Dioc\u00e9sain des P\u00e8lerinages vous propose ce voyage \u00e0 Reims, au coeur de la Champagne, avec notamment la visite de la prestigieuse cath\u00e9drale de Reims et la basilique St R\u00e9mi. Retrouvez le programme et le bulletin d&rsquo;inscription au bas de cet article.<\/p>\n<p>&#8211; Journ\u00e9e de secteur des Equipes Notre-Dame, le 18 mars 2012<\/p>\n<div align=\"center\"><img decoding=\"async\" src=\"\/IMG\/jpg\/Reims.jpg\" width=350><\/div>\n<p>\n&#8211; FRAT de Lourdes 2012: du 16 avril au 21 avril 2012<br \/>\n Le voyage: D\u00e9part le 16\/04\/2012 au soir, voyage effectu\u00e9 en cars au d\u00e9part de La Fert\u00e9-sous-Jouarre sous la conduite de Pascal COURSON et de Christiane WOMGERMEZ de La Fert\u00e9. Le retour est pr\u00e9vu le 20\/04\/2012 en soir\u00e9e pour arriver le 21 en Seine-et-Marne.<br \/>\n Les visites, randonn\u00e9es, frais p\u00e9dagogiques, l&rsquo;h\u00e9bergement et les trois repas quotidiens ainsi que l&rsquo;Aller\/Retour repr\u00e9sentent un co\u00fbt total de 260 \u00e2\u201a\u00ac.<\/p>\n<div align=\"center\"><img decoding=\"async\" src=\"\/IMG\/jpg\/FRAT-2.jpg\" width=350><\/div>\n<p>\n&#8211; Rencontre des journaux paroissiaux \u00e0 Lourdes le 28 et 29 mars 2012<br \/>\n&#8211; D\u00e9couverte de la vie de Jeanne d&rsquo;Arc en Seine-et-Marne<br \/>\n A l&rsquo;occasion du 600\u00e8me anniversaire de sa naissance, Du 5 au 10 septembre 2012, la biblioth\u00e8que dioc\u00e9saine Guillaume Bri\u00e7onnet propose plusieurs journ\u00e9es dans plusieurs villes du 77 afin de d\u00e9couvrir l&rsquo;itin\u00e9raire et la pr\u00e9sence de Jeanne d&rsquo;Arc en Seine-et-Marne. Consultez le programme en bas de l&rsquo;article.<\/p>\n<div align=\"center\"><img decoding=\"async\" src=\"\/IMG\/jpg\/JeannedArc.jpg\" width=150><\/div>\n","protected":false},"excerpt":{"rendered":"<p>L&rsquo;ann\u00e9e vient \u00e0\u00a0 peine de commencer et pourtant le programme des activit\u00e9s dans notre paroisse, au niveau du P\u00f4le de Meaux et m\u00eame dans notre dioc\u00e8se est tr\u00e8s fourni. Voici en quelques lignes le&#46;&#46;&#46;<\/p>\n","protected":false},"author":2,"featured_media":0,"comment_status":"open","ping_status":"open","sticky":false,"template":"","format":"standard","meta":{"footnotes":""},"categories":[],"tags":[],"class_list":["post-431","post","type-post","status-publish","format-standard","hentry"],"_links":{"self":[{"href":"http:\/\/www.chapelle-crecy.com\/index.php?rest_route=\/wp\/v2\/posts\/431","targetHints":{"allow":["GET"]}}],"collection":[{"href":"http:\/\/www.chapelle-crecy.com\/index.php?rest_route=\/wp\/v2\/posts"}],"about":[{"href":"http:\/\/www.chapelle-crecy.com\/index.php?rest_route=\/wp\/v2\/types\/post"}],"author":[{"embeddable":true,"href":"http:\/\/www.chapelle-crecy.com\/index.php?rest_route=\/wp\/v2\/users\/2"}],"replies":[{"embeddable":true,"href":"http:\/\/www.chapelle-crecy.com\/index.php?rest_route=%2Fwp%2Fv2%2Fcomments&post=431"}],"version-history":[{"count":0,"href":"http:\/\/www.chapelle-crecy.com\/index.php?rest_route=\/wp\/v2\/posts\/431\/revisions"}],"wp:attachment":[{"href":"http:\/\/www.chapelle-crecy.com\/index.php?rest_route=%2Fwp%2Fv2%2Fmedia&parent=431"}],"wp:term":[{"taxonomy":"category","embeddable":true,"href":"http:\/\/www.chapelle-crecy.com\/index.php?rest_route=%2Fwp%2Fv2%2Fcategories&post=431"},{"taxonomy":"post_tag","embeddable":true,"href":"http:\/\/www.chapelle-crecy.com\/index.php?rest_route=%2Fwp%2Fv2%2Ftags&post=431"}],"curies":[{"name":"wp","href":"https:\/\/api.w.org\/{rel}","templated":true}]}}