{"id":432,"date":"2012-01-12T23:33:16","date_gmt":"2012-01-12T23:33:16","guid":{"rendered":""},"modified":"-0001-11-30T00:00:00","modified_gmt":"-0001-11-29T22:00:00","slug":"","status":"publish","type":"post","link":"http:\/\/www.chapelle-crecy.com\/?p=432","title":{"rendered":"Un nouveau Docteur dans l&rsquo;Eglise !"},"content":{"rendered":"<div align=\"justify\">La nouvelle est tomb\u00e9e en fin d&rsquo;apr\u00e8s-midi. Une grande nouvelle! Oui, ca y est, le P\u00e8re Guillaume Chogolou a soutenu avec brio sa th\u00e8se de doctorat en sciences de l&rsquo;\u00e9ducation. Il a pr\u00e9sent\u00e9 son m\u00e9moire pendant environ 45 minutes, puis a r\u00e9pondu aux observations et questions des 4 membres du jury doctoral durant 2 heures. Et puis, le jury d\u00e9lib\u00e8re et c&rsquo;est sans appel que \u00ab\u00a0notre\u00a0\u00bb P\u00e8re Guillaume est nomm\u00e9 nouveau Docteur \u00e8s sciences de l&rsquo;\u00e9ducation, pour le bonheur de l&rsquo;Eglise toute enti\u00e8re et de notre communaut\u00e9 paroissiale, bien \u00e9videmment. F\u00e9licitations \u00e0\u00a0 lui et levons notre verre \u00e0\u00a0 sa r\u00e9ussite!<\/div>\n<div align=\"justify\">\n<div align=\"center\"><img decoding=\"async\" src=\"\/IMG\/jpg\/soutenance.jpg\" width=350><\/div>\n<div align=\"center\">Cette photo de Guillaume pendant son oral, ainsi que celle du jury ci-apr\u00e8s, ont \u00e9t\u00e9 prises par Brigitte et Michel Letissier \u00e9galement pr\u00e9sents \u00e0 cette soutenance<\/div>\n<p>\n \u00abCe fut un un beau moment universitaire; un \u00e9change de qualit\u00e9 dans un climat tr\u00e8s sympathique avec un pr\u00e9sident de jury, ethnologue, d&rsquo;origine Burkinabe, ce qui n&rsquo;\u00e9tait pas forc\u00e9ment un avantage pour \u00e9voquer l&rsquo;\u00e9ducation familiale et scolaire compar\u00e9e en milieu \u00ab\u00a0fon\u00a0\u00bb b\u00e9ninois&#8230;\u00bb commente Christian Latieule, coordinateur de l&rsquo;Equipe d&rsquo;Animation Pastorale du secteur de Cr\u00e9cy, pr\u00e9sent \u00e0 la soutenance et \u00e0 la remise du dipl\u00f4me de Guillaume, ce jeudi 12 janvier qui restera grav\u00e9 dans bien des m\u00e9moires&#8230;<\/p>\n<p> Voici le t\u00e9moignage \u00e0 chaud du brillant candidat, Guillaume, que l&rsquo;on ne peut s&#8217;emp\u00eacher de f\u00e9liciter:<br \/>\n \u00abChers amis,<br \/>\n Je rentre \u00e0 peine de Cr\u00e9teil et je prends le temps de respirer&#8230;<br \/>\n Christian m&rsquo;a honor\u00e9 de sa pr\u00e9sence,  ce matin \u00e0 l&rsquo;occasion de la soutenance de ma th\u00e8se de doctorat en Sciences de l&rsquo;\u00e9ducation et cela m&rsquo;a fait grand plaisir.<br \/>\n Bien s\u00fbr qu&rsquo;\u00e0 travers lui, c&rsquo;\u00e9tait la communaut\u00e9 paroissiale des Trois Clochers qui \u00e9tait repr\u00e9sent\u00e9e pour me soutenir et Christian m&rsquo;a bien exprim\u00e9 votre amiti\u00e9 et votre soutien dans la pri\u00e8re.<br \/>\n Merci \u00e0 lui et \u00e0 vous tous.<br \/>\n Si ce que je suis devenu, je le dois \u00e0 la gr\u00e2ce de Dieu, je le dois bien \u00e9videmment aussi \u00e0 ce que les uns et les autres m&rsquo;avez apport\u00e9.  Merci encore !<br \/>\n Pour moi, c&rsquo;est le grand ouf de soulagement mais aussi un moment de satisfaction de conna \u00eetre ainsi le couronnement de toutes ces ann\u00e9es d&rsquo;investissement \u00e0 tout point de vue. Il me tarde maintenant de regagner mon B\u00e9nin natal pour retrouver mon minist\u00e8re.<br \/>\n Au plaisir de nous rencontrer ou de nous croiser d&rsquo;ici \u00e0 l\u00e0.<br \/>\n En union de pri\u00e8re.\u00bb <\/p>\n<div align=\"center\"><img decoding=\"async\" src=\"\/IMG\/jpg\/jury.jpg\" width=450><\/div>\n<div align=\"center\">Guillaume est entour\u00e9 par le jury avec en particulier, \u00e0 sa droite, Mme Claudine DARDY (prof de sociologie \u00e0 l&rsquo;Universit\u00e9 Paris-Est Cr\u00e9teil), sa directrice de th\u00e8se.<\/div>\n<p><\/p>\n<p> Pour ce que tu es et tout ce que tu nous as apport\u00e9, Guillaume, nous te disons, du fond du coeur: <\/p>\n<div align=\"center\"><img decoding=\"async\" src=\"\/IMG\/jpg\/Merci.jpg\" width=350><\/div>\n<p><\/p>\n<p> Avec toi, Guillaume, c&rsquo;est toujours la f\u00eate, alors comme en 2009, nous pouvons te chanter tous ensemble et en musique, au rythme des tam-tams b\u00e9ninois:<\/p>\n<div align=\"center\"><img decoding=\"async\" src=\"\/IMG\/reportages\/guillaume\/guillaume23.jpg\" width=300 ><\/div>\n<p><bR><br \/>\n<br \/>\nGuillaume Gn\u00e9, Nouk\u00e9 Manao (bis)<br \/>\nGn\u00e9 Mou Do Noud\u00e9, Manao (bis)<br \/>\nMan Po D\u00ea Nao<br \/>\nAgbe Lagnon Nao, Guillaume<br \/>\nAgbe Lagnon Nao<br \/>\nAgbe Lagnon Nao<br \/>\nSoye Agbe Mav\u00f4 <\/p>\n<p>\n<b>Traduction<\/b><\/p>\n<p>Mon Guillaume, que vais-je te donner ?<br \/>\nJ&rsquo;ai pas grand-chose \u00e0 te donner<br \/>\nJe prierai pour toi<br \/>\nLa vie te sera belle, \u00f4 bon Guillaume<br \/>\nLa vie te sera belle<br \/>\nLa vie te sera belle<br \/>\nJusqu&rsquo;\u00e0 l&rsquo;\u00e9ternit\u00e9.<\/p>\n<p> Guillaume, t&rsquo;es un champion !!!<\/p>\n<div align=\"center\"><img decoding=\"async\" src=\"\/IMG\/jpg\/Champion.jpg\" width=350><\/div>\n<p><\/p>\n<\/div>\n","protected":false},"excerpt":{"rendered":"<p>La nouvelle est tomb\u00e9e en fin d&rsquo;apr\u00e8s-midi. Une grande nouvelle! Oui, ca y est, le P\u00e8re Guillaume Chogolou a soutenu avec brio sa th\u00e8se de doctorat en sciences de l&rsquo;\u00e9ducation. Il a pr\u00e9sent\u00e9 son&#46;&#46;&#46;<\/p>\n","protected":false},"author":2,"featured_media":0,"comment_status":"open","ping_status":"open","sticky":false,"template":"","format":"standard","meta":{"footnotes":""},"categories":[],"tags":[],"class_list":["post-432","post","type-post","status-publish","format-standard","hentry"],"_links":{"self":[{"href":"http:\/\/www.chapelle-crecy.com\/index.php?rest_route=\/wp\/v2\/posts\/432","targetHints":{"allow":["GET"]}}],"collection":[{"href":"http:\/\/www.chapelle-crecy.com\/index.php?rest_route=\/wp\/v2\/posts"}],"about":[{"href":"http:\/\/www.chapelle-crecy.com\/index.php?rest_route=\/wp\/v2\/types\/post"}],"author":[{"embeddable":true,"href":"http:\/\/www.chapelle-crecy.com\/index.php?rest_route=\/wp\/v2\/users\/2"}],"replies":[{"embeddable":true,"href":"http:\/\/www.chapelle-crecy.com\/index.php?rest_route=%2Fwp%2Fv2%2Fcomments&post=432"}],"version-history":[{"count":0,"href":"http:\/\/www.chapelle-crecy.com\/index.php?rest_route=\/wp\/v2\/posts\/432\/revisions"}],"wp:attachment":[{"href":"http:\/\/www.chapelle-crecy.com\/index.php?rest_route=%2Fwp%2Fv2%2Fmedia&parent=432"}],"wp:term":[{"taxonomy":"category","embeddable":true,"href":"http:\/\/www.chapelle-crecy.com\/index.php?rest_route=%2Fwp%2Fv2%2Fcategories&post=432"},{"taxonomy":"post_tag","embeddable":true,"href":"http:\/\/www.chapelle-crecy.com\/index.php?rest_route=%2Fwp%2Fv2%2Ftags&post=432"}],"curies":[{"name":"wp","href":"https:\/\/api.w.org\/{rel}","templated":true}]}}