{"id":433,"date":"2012-01-14T20:54:25","date_gmt":"2012-01-14T20:54:25","guid":{"rendered":""},"modified":"-0001-11-30T00:00:00","modified_gmt":"-0001-11-29T22:00:00","slug":"","status":"publish","type":"post","link":"http:\/\/www.chapelle-crecy.com\/?p=433","title":{"rendered":"Annonces de la semaine du 16 au 22 janvier 2012"},"content":{"rendered":"<table bgcolor =\"F0FAFF\" border=0>\n<tbody>\n<tr>\n<td>\n<div align=\"justify\">\n<div \"359\">Voici les annonces de la semaine du lundi 16 au dimanche 22 janvier 2012 pour la paroisse des 3 clochers Cr\u00e9cy-la-Chapelle, Villiers-sur-Morin, Voulangis.<br \/>\nSamedi 21 \u00e0\u00a0 18 h 30 : messe \u00e0\u00a0 Villiers &#8211; Dimanche 22 \u00e0\u00a0 10h 30 messe \u00e0\u00a0 Voulangis et b\u00e9n\u00e9diction de l&rsquo;\u00e9glise r\u00e9nov\u00e9e par Monseigneur Monl\u00e9on <br \/>Tous les d\u00e9tails dans la suite &#8230;<\/div>\n<\/div>\n<\/td>\n<\/tr>\n<\/tbody>\n<\/table>\n<table bgcolor =\"F0F6FF\" border=0>\n<tbody>\n<tr>\n<td width=\"25%\"><font color=\"00CC00\">Lundi 16 janvier<\/font><\/td>\n<td><font color=\"00CC00\"><\/p>\n<div align=\"center\"><img decoding=\"async\" src=\"\/IMG\/gif\/lumiere_65.gif\"><\/div>\n<p><\/font><\/td>\n<td><font color=\"00CC00\">17 h &#8211; C\u00e9l\u00e9bration \u00e0 la Maison de Retraite.<\/font><\/td>\n<\/tr>\n<tr>\n<td><\/td>\n<td>PAS DE MESSE CETTE SEMAINE<\/td>\n<td><\/td>\n<\/tr>\n<tr>\n<td><font color=\"0020FF\">Samedi 21 janvier<\/font><\/td>\n<td><font color=\"0020FF\">18 h 30 -Messe \u00e0 Villiers pour Lucie RICHOILLEY et Ginette DELAGE.<br \/>\nNous prierons \u00e9galement pour Jules DESHAYES inhum\u00e9 cette semaine.<\/font><\/td>\n<td><font color=\"0020FF\"><\/p>\n<div align=\"center\"><img decoding=\"async\" src=\"\/IMG\/lieux\/villiers_eglise.jpg\" width=150><\/div>\n<p><font><\/td>\n<\/tr>\n<tr>\n<td><font color=\"00CC00\">Dimanche 22 janvier<\/font><\/td>\n<td><font color=\"00CC00\"><\/p>\n<div align=\"center\"><img decoding=\"async\" src=\"\/IMG\/lieux\/voulangis_eglise1.jpg\" width=150><\/div>\n<p><\/font><\/td>\n<td><font color=\"00CC00\">10 h 30  Exceptionnellement, pas de Messe \u00e0 Cr\u00e9cy, mais \u00e0 Voulangis :  Inauguration et b\u00e9n\u00e9diction de l&rsquo;\u00e9glise Saint Pierre, restaur\u00e9e. Elle sera c\u00e9l\u00e9br\u00e9e par Monseigneur de MONLEON.<br \/>\nLa c\u00e9l\u00e9bration sera suivie de  l&rsquo;inauguration par les autorit\u00e9s civiles \u00e0 12 h.<br \/>\n<\/font><\/td>\n<\/tr>\n<\/tbody>\n<\/table>\n","protected":false},"excerpt":{"rendered":"<p>Voici les annonces de la semaine du lundi 16 au dimanche 22 janvier 2012 pour la paroisse des 3 clochers Cr\u00e9cy-la-Chapelle, Villiers-sur-Morin, Voulangis. Samedi 21 \u00e0\u00a0 18 h 30 : messe \u00e0\u00a0 Villiers &#8211;&#46;&#46;&#46;<\/p>\n","protected":false},"author":2,"featured_media":0,"comment_status":"open","ping_status":"open","sticky":false,"template":"","format":"standard","meta":{"footnotes":""},"categories":[],"tags":[],"class_list":["post-433","post","type-post","status-publish","format-standard","hentry"],"_links":{"self":[{"href":"http:\/\/www.chapelle-crecy.com\/index.php?rest_route=\/wp\/v2\/posts\/433","targetHints":{"allow":["GET"]}}],"collection":[{"href":"http:\/\/www.chapelle-crecy.com\/index.php?rest_route=\/wp\/v2\/posts"}],"about":[{"href":"http:\/\/www.chapelle-crecy.com\/index.php?rest_route=\/wp\/v2\/types\/post"}],"author":[{"embeddable":true,"href":"http:\/\/www.chapelle-crecy.com\/index.php?rest_route=\/wp\/v2\/users\/2"}],"replies":[{"embeddable":true,"href":"http:\/\/www.chapelle-crecy.com\/index.php?rest_route=%2Fwp%2Fv2%2Fcomments&post=433"}],"version-history":[{"count":0,"href":"http:\/\/www.chapelle-crecy.com\/index.php?rest_route=\/wp\/v2\/posts\/433\/revisions"}],"wp:attachment":[{"href":"http:\/\/www.chapelle-crecy.com\/index.php?rest_route=%2Fwp%2Fv2%2Fmedia&parent=433"}],"wp:term":[{"taxonomy":"category","embeddable":true,"href":"http:\/\/www.chapelle-crecy.com\/index.php?rest_route=%2Fwp%2Fv2%2Fcategories&post=433"},{"taxonomy":"post_tag","embeddable":true,"href":"http:\/\/www.chapelle-crecy.com\/index.php?rest_route=%2Fwp%2Fv2%2Ftags&post=433"}],"curies":[{"name":"wp","href":"https:\/\/api.w.org\/{rel}","templated":true}]}}