{"id":434,"date":"2012-01-16T00:48:44","date_gmt":"2012-01-16T00:48:44","guid":{"rendered":""},"modified":"-0001-11-30T00:00:00","modified_gmt":"-0001-11-29T22:00:00","slug":"","status":"publish","type":"post","link":"http:\/\/www.chapelle-crecy.com\/?p=434","title":{"rendered":"Un temps ordinaire qui devient extraordinaire"},"content":{"rendered":"<div align=\"justify\">Trinit\u00e9 2008: nous nous souvenons tous de ce grand rassemblement dioc\u00e9sain du 18 avril 2008 \u00e0\u00a0 Combreux qui a eu pour objectif essentiel de redynamiser chacun des secteurs pastoraux de Seine-et-Marne. Concr\u00e8tement, cela s&rsquo;est traduit par le red\u00e9coupage des anciens doyenn\u00e9s statiques en nouveaux P\u00f4les missionnaires plus proches des pr\u00e9occupations de nos communaut\u00e9s chr\u00e9tiennes d&rsquo;aujourd&rsquo;hui. Le secteur d&rsquo;Esbly fait partie du P\u00f4le missionnaire de Meaux, comme Cr\u00e9cy. Nous vous proposons donc aujourd&rsquo;hui l&rsquo;edito du P\u00e8re Bruno Beltramelli, en charge du secteur d&rsquo;Esbly qui regroupe les 8 clochers de Esbly, Montry, Cond\u00e9, Isles-les-Villenoy, Jablines, Lesches, Trilbardou et Vignely. <\/div>\n<div align=\"center\"><img decoding=\"async\" src=\"\/IMG\/jpg\/creche.jpg\" width=350><\/div>\n<p> L&rsquo;edito du P\u00e8re Bruno Beltramelli<br \/>\n Apr\u00e8s le temps de No\u00ebl et de l&rsquo;Epiphanie si propice aux rencontres familiales, aux f\u00eates, voeux et r\u00e9jouissances allons nous retomber dans une routine, un train train, une morosit\u00e9 trop communicative ?<br \/>\n Que nenni !<br \/>\n C&rsquo;est en hiver, quand tout semble endormi et repli\u00e9 que se pr\u00e9parent les grands r\u00e9veils du printemps.<br \/>\n Il en est de m\u00eame pour la mission d&rsquo;\u00e9vang\u00e9lisation.<br \/>\n Les enfants et les familles travaillent dans les modules de cat\u00e9ch\u00e8se pour d\u00e9couvrir J\u00e9sus et sa Parole.<br \/>\nDe jeunes adultes se pr\u00e9parent avec joie \u00e0 une confirmation.<br \/>\nL&rsquo;aum\u00f4nerie des jeunes ne demande qu&rsquo;\u00e0 trouver un dynamisme.<br \/>\nLe Secours Catholique et les groupes de Solidarit\u00e9 ne sont pas en ch\u00f4mage technique.<br \/>\n Il se pourrait m\u00eame apr\u00e8s des mois d&rsquo;attente le presbyt\u00e8re d&rsquo;Esbly et la salle St Jean Baptiste trouvent  une nouvelle jeunesse.<br \/>\n On croit r\u00eaver&#8230;&#8230;.<br \/>\n Les futurs mari\u00e9s pr\u00e9parent avec entrain un projet de couple, des d\u00e9clarations et leur engagement.<br \/>\n \u00ab\u00a0Que cherchez vous ?\u00a0\u00bb<br \/>\n \u00a0\u00bb Rabbi, o\u00f9 demeures-tu?\u00a0\u00bb<br \/>\n \u00a0\u00bb Venez et vous verrez. \u00a0\u00bb<br \/>\n Nous aussi, comme les disciples de Jean-le-Baptiste accompagnons le Christ J\u00e9sus:<br \/>\n Jusqu&rsquo;\u00e0 J\u00e9rusalem, vers la P\u00e2que nouvelle.<\/p>\n","protected":false},"excerpt":{"rendered":"<p>Trinit\u00e9 2008: nous nous souvenons tous de ce grand rassemblement dioc\u00e9sain du 18 avril 2008 \u00e0\u00a0 Combreux qui a eu pour objectif essentiel de redynamiser chacun des secteurs pastoraux de Seine-et-Marne. Concr\u00e8tement, cela s&rsquo;est&#46;&#46;&#46;<\/p>\n","protected":false},"author":2,"featured_media":0,"comment_status":"open","ping_status":"open","sticky":false,"template":"","format":"standard","meta":{"footnotes":""},"categories":[],"tags":[],"class_list":["post-434","post","type-post","status-publish","format-standard","hentry"],"_links":{"self":[{"href":"http:\/\/www.chapelle-crecy.com\/index.php?rest_route=\/wp\/v2\/posts\/434","targetHints":{"allow":["GET"]}}],"collection":[{"href":"http:\/\/www.chapelle-crecy.com\/index.php?rest_route=\/wp\/v2\/posts"}],"about":[{"href":"http:\/\/www.chapelle-crecy.com\/index.php?rest_route=\/wp\/v2\/types\/post"}],"author":[{"embeddable":true,"href":"http:\/\/www.chapelle-crecy.com\/index.php?rest_route=\/wp\/v2\/users\/2"}],"replies":[{"embeddable":true,"href":"http:\/\/www.chapelle-crecy.com\/index.php?rest_route=%2Fwp%2Fv2%2Fcomments&post=434"}],"version-history":[{"count":0,"href":"http:\/\/www.chapelle-crecy.com\/index.php?rest_route=\/wp\/v2\/posts\/434\/revisions"}],"wp:attachment":[{"href":"http:\/\/www.chapelle-crecy.com\/index.php?rest_route=%2Fwp%2Fv2%2Fmedia&parent=434"}],"wp:term":[{"taxonomy":"category","embeddable":true,"href":"http:\/\/www.chapelle-crecy.com\/index.php?rest_route=%2Fwp%2Fv2%2Fcategories&post=434"},{"taxonomy":"post_tag","embeddable":true,"href":"http:\/\/www.chapelle-crecy.com\/index.php?rest_route=%2Fwp%2Fv2%2Ftags&post=434"}],"curies":[{"name":"wp","href":"https:\/\/api.w.org\/{rel}","templated":true}]}}