{"id":435,"date":"2012-01-19T20:07:41","date_gmt":"2012-01-19T20:07:41","guid":{"rendered":""},"modified":"-0001-11-30T00:00:00","modified_gmt":"-0001-11-29T22:00:00","slug":"","status":"publish","type":"post","link":"http:\/\/www.chapelle-crecy.com\/?p=435","title":{"rendered":"Les Equipes Notre-Dame pour grandir en couple dans la foi"},"content":{"rendered":"<div align=\"justify\">Vivre pleinement le sacrement du mariage, progresser davantage dans l&rsquo;amour, sous le regard du Seigneur, en demandant son aide et son soutien dans leur vie de couple, tel est l&rsquo;objectif et la grande force du mouvement des Equipes Notre-Dame (END). Pour progresser dans l&rsquo;amour conjugal, le mouvement de spiritualit\u00e9 conjugale des END, cr\u00e9\u00e9 en 1947, propose aux couples plusieurs actions concr\u00e8tes dans la vie de tous les jours, v\u00e9cues personnellement (pri\u00e8re, m\u00e9ditation de la Parole), en couples (le Devoir de S&rsquo;Asseoir, la pri\u00e8re en couple), en \u00e9quipes (r\u00e9unions mensuelles autour d&rsquo;un repas, journ\u00e9e de secteur, etc.). Et m\u00eame si vous n&rsquo;\u00eates pas (encore) \u00ab\u00a0\u00e9quipiers\u00a0\u00bb, voici quelques rendez-vous ouverts \u00e0\u00a0 tous et qui peuvent vous int\u00e9resser &#8230;<\/div>\n<div align=\"center\"><img decoding=\"async\" src=\"\/IMG\/jpg\/END-2.jpg\" width=450><br \/>\n R\u00e9union mensuelle d&rsquo;Equipe Notre-Dame autour d&rsquo;un repas convivial au cours duquel les \u00e9quipiers partagent les temps forts du mois, prennent ensemble un temps pour prier et \u00e9changent sur un th\u00e8me d&rsquo;ann\u00e9e.<\/div>\n<div align=\"center\">Dates importantes \u00e0 noter et \u00e0 diffuser largement autour de vous<\/div>\n<p>&#8211; Tout d&rsquo;abord, en lien avec le mouvement, le <strong><font\ncolor=\"#1f497d\">65\u00e8me p\u00e8lerinage de Longpont se d\u00e9roulera la nuit du 4 au 5 f\u00e9vrier 2012<\/font><\/strong>.<br \/>\n Vous trouverez toutes les informations en cliquant sur<br \/>\nle lien&nbsp;: <a\nhref=\"http:\/\/www.equipes-notre-dame.fr\/article\/p%C3%A8lerinage-de-longpont\" target=\"_blank\">http:\/\/www.equipes-notre-dame.fr\/article\/p%C3%A8lerinage-de-<wbr>longpont<\/a><\/p>\n<div align=\"center\"><img decoding=\"async\" src=\"\/IMG\/jpg\/END-1.jpg\" width=450><\/div>\n<p>\n&#8211; Le mouvement des \u00e9quipes Notre-Dame du Nord Seine-et-Marne est tr\u00e8s sensible aux questions fondamentales li\u00e9es \u00e0 la vie. Faisant suite au th\u00e8me \u00ab\u00a0Choisis la vie\u00a0\u00bb abord\u00e9 lors de la derni\u00e8re journ\u00e9e de secteur en 2011, Laurence et Pascale OZOUF, responsables de secteur END vous informent que la <strong><font\ncolor=\"#1f497d\">8\u00e8me grande marche nationale pour la Vie aura lieu le<br \/>\ndimanche 22 janvier 2012<\/font><\/strong>. Elle partira \u00e0 14h30<br \/>\nde&nbsp;la place de la R\u00e9publique (\u00e0 Paris) jusqu&rsquo;\u00e0 l&rsquo;Op\u00e9ra.&nbsp;<\/p>\n<p>Pour en savoir plus : <a\nhref=\"http:\/\/enmarchepourlavie.fr\/\" target=\"_blank\">http:\/\/enmarchepourlavie.fr\/<\/a><\/p>\n<p>&#8211; Enfin, nous vous transmettons une invitation pour une <strong><font\ncolor=\"#1f497d\">conf\u00e9rence <\/font><\/strong>dans l&rsquo;\u00e9glise&nbsp;de<br \/>\nChevry-Cossigny, pr\u00e8s d&rsquo;Ozoir la Ferri\u00e8re,&nbsp;le <font\ncolor=\"#1f497d\"><strong>vendredi 20 janvier 2012&nbsp;\u00e0 20h45<\/strong><\/font>, avec un <strong><font color=\"#1f497d\">t\u00e9moin direct&nbsp;des pers\u00e9cutions subies par les chr\u00e9tiens d&rsquo;Orient.<\/font><\/strong><\/p>\n<p><font color=\"#4f81bd\"><em>\u00ab\u00a0Et si 2012 \u00e9tait plac\u00e9e sous<br \/>\nle signe de l&rsquo;Esp\u00e9rance ? En ce d\u00e9but d&rsquo;ann\u00e9e, prenons le temps de la<br \/>\nrencontre avec nos fr\u00e8res chr\u00e9tiens d&rsquo;Orient !<br \/>\n&nbsp;Comment garder une&nbsp; Esp\u00e9rance malgr\u00e9 les pers\u00e9cutions ?<br \/>\nPourquoi la pr\u00e9sence des chr\u00e9tiens en Orient est-elle importante ? <\/p>\n<p> Autant de questions qui seront abord\u00e9es, et qui pourront nous aider \u00e0 mieux comprendre nos fr\u00e8res chr\u00e9tiens d&rsquo;Orient. <\/font><\/em><\/p>\n<div align=\"center\"><img decoding=\"async\" src=\"\/IMG\/jpg\/Oser.jpg\" width=450><\/div>\n","protected":false},"excerpt":{"rendered":"<p>Vivre pleinement le sacrement du mariage, progresser davantage dans l&rsquo;amour, sous le regard du Seigneur, en demandant son aide et son soutien dans leur vie de couple, tel est l&rsquo;objectif et la grande force&#46;&#46;&#46;<\/p>\n","protected":false},"author":2,"featured_media":0,"comment_status":"open","ping_status":"open","sticky":false,"template":"","format":"standard","meta":{"footnotes":""},"categories":[],"tags":[],"class_list":["post-435","post","type-post","status-publish","format-standard","hentry"],"_links":{"self":[{"href":"http:\/\/www.chapelle-crecy.com\/index.php?rest_route=\/wp\/v2\/posts\/435","targetHints":{"allow":["GET"]}}],"collection":[{"href":"http:\/\/www.chapelle-crecy.com\/index.php?rest_route=\/wp\/v2\/posts"}],"about":[{"href":"http:\/\/www.chapelle-crecy.com\/index.php?rest_route=\/wp\/v2\/types\/post"}],"author":[{"embeddable":true,"href":"http:\/\/www.chapelle-crecy.com\/index.php?rest_route=\/wp\/v2\/users\/2"}],"replies":[{"embeddable":true,"href":"http:\/\/www.chapelle-crecy.com\/index.php?rest_route=%2Fwp%2Fv2%2Fcomments&post=435"}],"version-history":[{"count":0,"href":"http:\/\/www.chapelle-crecy.com\/index.php?rest_route=\/wp\/v2\/posts\/435\/revisions"}],"wp:attachment":[{"href":"http:\/\/www.chapelle-crecy.com\/index.php?rest_route=%2Fwp%2Fv2%2Fmedia&parent=435"}],"wp:term":[{"taxonomy":"category","embeddable":true,"href":"http:\/\/www.chapelle-crecy.com\/index.php?rest_route=%2Fwp%2Fv2%2Fcategories&post=435"},{"taxonomy":"post_tag","embeddable":true,"href":"http:\/\/www.chapelle-crecy.com\/index.php?rest_route=%2Fwp%2Fv2%2Ftags&post=435"}],"curies":[{"name":"wp","href":"https:\/\/api.w.org\/{rel}","templated":true}]}}