{"id":437,"date":"2012-01-22T20:23:56","date_gmt":"2012-01-22T20:23:56","guid":{"rendered":""},"modified":"-0001-11-30T00:00:00","modified_gmt":"-0001-11-29T22:00:00","slug":"","status":"publish","type":"post","link":"http:\/\/www.chapelle-crecy.com\/?p=437","title":{"rendered":"Diaconia 2013 ou comment servir nos fr\u00e8res?"},"content":{"rendered":"<div align=\"justify\">La d\u00e9marche Diaconia 2013 propose un temps de relecture de notre action pour y d\u00e9couvrir comment chacun de nous vit la diaconie, comment par des petits services, des soutiens fraternels et des attentions particuli\u00e8res, nous sommes d\u00e9j\u00e0\u00a0 au service du fr\u00e8re. La diaconie n&rsquo;est pas r\u00e9serv\u00e9e \u00e0\u00a0 quelques-uns d&rsquo;entre nous, ni \u00e0\u00a0 des sp\u00e9cialistes : tous, nous vivons et servons la fraternit\u00e9. Diaconia 2013 conna\u00eetra un moment fort gr ce \u00e0\u00a0 un rassemblement national les 10, 11 et 12 mai 2013 \u00e0\u00a0 Lourdes. Mais notre dioc\u00e8se et les paroisses s&rsquo;y pr\u00e9parent activement&#8230;<\/div>\n<div align=\"justify\">\u00ab\u00a0Diaconia 2013\u00a0\u00bb est coordonn\u00e9e, dans notre dioc\u00e8se, par le Relais de solidarit\u00e9 anim\u00e9 par Philippe Gonord et Jean Inglese, diacres, accompagn\u00e9s de Jean\u00e2\u20ac\u0090Claude Marjou, sscc, vicaire \u00e9piscopal.<br \/>\n Plusieurs mouvements et p\u00f4les missionnaires sont entr\u00e9s dans la d\u00e9marche Diaconia 2013.<br \/>\n Afin de permettre les remont\u00e9es des t\u00e9moignages (fragilit\u00e9s et merveilles) que nous sommes invit\u00e9s \u00e0 \u00e9crire, \u00e0 cette \u00e9tape du processus, une adresse mail a \u00e9t\u00e9 ouverte \u00e0 laquelle vous pouvez adresser ces t\u00e9moignages&#8230; comme d&rsquo;ailleurs vos inqui\u00e9tudes ou questions sur la d\u00e9marche&#8230; Notez cette adresse : rds.meaux@yahoo.fr.<br \/>\n Le Relais de solidarit\u00e9 est compos\u00e9 de repr\u00e9sentants des mouvements ainsi que des d\u00e9l\u00e9gu\u00e9s des p\u00f4les missionnaires \u00e0 la solidarit\u00e9.<br \/>\n Quelques d\u00e9finitions:<br \/>\n Diaconie: (du grec diakonia, service). Il s&rsquo;agit des services indispensables \u00e0 la vie de la communaut\u00e9 que les ap\u00f4tres pratiquaient lorsqu&rsquo;ils fondaient les premi\u00e8res Eglises chr\u00e9tiennes. On retrouve notamment le service liturgique du culte et de la pri\u00e8re et le service fraternel du partage mat\u00e9riel et de l&rsquo;assistance aux pauvres;<br \/>\n Fr\u00e8re ( au sens chr\u00e9tien du terme ): L&rsquo;Eglise est une communaut\u00e9 humaine o\u00f9 chacun est appel\u00e9 par Dieu au m\u00eame bonheur, \u00e0 la m\u00eame dignit\u00e9. Nous sommes tous membres de ce Peuple de Dieu, et tous fils de ce m\u00eame Dieu et P\u00e8re.<\/p>\n<div align=\"center\"><img decoding=\"async\" src=\"\/IMG\/jpg\/contact.jpg\" width=300><\/div>\n<div align=\"center\"><img decoding=\"async\" src=\"\/IMG\/jpg\/JCC.jpg\" width=300><\/div>\n<div align=\"center\"><img decoding=\"async\" src=\"\/IMG\/jpg\/Marjousscc.jpg\" width=300><\/div>\n<p> Nous vous proposons aujourd&rsquo;hui un t\u00e9moignage concret provenant du secteur paroissial de Val Maubu\u00e9e. Nous vous proposerons pendant l&rsquo;ann\u00e9e d&rsquo;autres t\u00e9moignages vari\u00e9s, qui vous permettront, au fur et \u00e0 mesure de la lecture de nos articles, de rentrer dans cette d\u00e9marche de fraternit\u00e9 et d&rsquo;amour de Diaconia 2013:<\/p><\/div>\n<div align=\"center\"><img decoding=\"async\" src=\"\/IMG\/jpg\/Val_Maubuee.jpg\"><\/div>\n<p><body><\/p>\n<p class=\"MsoNormal\"\nstyle=\"margin: 0cm 0cm 0.0001pt; text-align: justify;\"><b style=\"\"><i\nstyle=\"\"><span\nstyle=\"font-size: 11pt; line-height: 120%; font-family: &quot;Times New Roman&quot;,&quot;serif&quot;; color: windowtext;\">Elise<br \/>\net Marcel vous avez une longue histoire sur le Val Maubu\u00e9e.<o:p><\/o:p><\/span><\/i><\/b><\/p>\n<p class=\"MsoNormal\"\nstyle=\"margin: 0cm 0cm 0.0001pt; text-align: justify;\"><b style=\"\"><span\nstyle=\"font-size: 11pt; line-height: 120%; font-family: &quot;Times New Roman&quot;,&quot;serif&quot;; color: windowtext;\">E<\/span><\/b><span\nstyle=\"font-size: 11pt; line-height: 120%; font-family: &quot;Times New Roman&quot;,&quot;serif&quot;; color: windowtext;\">.&nbsp;:<br \/>\nOui,<br \/>\nnous y habitons depuis 34 ans et avons toujours \u00e9t\u00e9 engag\u00e9s dans la vie<br \/>\nassociative locale. <o:p><\/o:p><\/span><\/p>\n<p class=\"MsoNormal\"\nstyle=\"margin: 0cm 0cm 0.0001pt; text-align: justify;\"><b style=\"\"><span\nstyle=\"font-size: 11pt; line-height: 120%; font-family: &quot;Times New Roman&quot;,&quot;serif&quot;; color: windowtext;\">M<\/span><\/b><span\nstyle=\"font-size: 11pt; line-height: 120%; font-family: &quot;Times New Roman&quot;,&quot;serif&quot;; color: windowtext;\">.<br \/>\nNos<br \/>\nengagements ont pris<span style=\"\">&nbsp; <\/span>un virage avec les<br \/>\nmutations qu&rsquo;a connu le Val Maubu\u00e9e au niveau de sa population. Nous<br \/>\nnous<br \/>\nsommes engag\u00e9s pour un \u00ab&nbsp;meilleur vivre ensemble&nbsp;\u00bb, sur<br \/>\nl&rsquo;Arche<br \/>\nGu\u00e9don.<o:p><\/o:p><\/span><\/p>\n<p class=\"MsoNormal\"\nstyle=\"margin: 0cm 0cm 0.0001pt; text-align: justify;\"><span\nstyle=\"font-size: 11pt; line-height: 120%; font-family: &quot;Times New Roman&quot;,&quot;serif&quot;; color: windowtext;\">Rapidement,<br \/>\nface aux incivilit\u00e9s, \u00e0<br \/>\nl&rsquo;\u00e9chec scolaire, nous nous sommes dit qu&rsquo;il fallait agir au niveau des<br \/>\nparents.<i style=\"\"><span style=\"\">&nbsp;&nbsp;&nbsp;&nbsp;&nbsp;&nbsp;&nbsp;&nbsp;&nbsp;&nbsp;&nbsp;<br \/>\n<\/span><o:p><\/o:p><\/i><\/span><\/p>\n<p class=\"MsoNormal\"\nstyle=\"margin: 0cm 0cm 0.0001pt; text-align: justify;\"><b style=\"\"><i\nstyle=\"\"><span\nstyle=\"font-size: 11pt; line-height: 120%; font-family: &quot;Times New Roman&quot;,&quot;serif&quot;; color: windowtext;\">Concr\u00e8tement<br \/>\ncomment avez-vous fait&nbsp;?<o:p><\/o:p><\/span><\/i><\/b><\/p>\n<p class=\"MsoNormal\"\nstyle=\"margin: 0cm 0cm 0.0001pt; text-align: justify;\"><b style=\"\"><span\nstyle=\"font-size: 11pt; line-height: 120%; font-family: &quot;Times New Roman&quot;,&quot;serif&quot;; color: windowtext;\">M<\/span><\/b><span\nstyle=\"font-size: 11pt; line-height: 120%; font-family: &quot;Times New Roman&quot;,&quot;serif&quot;; color: windowtext;\">.<br \/>\nUn Collectif<br \/>\ns&rsquo;est cr\u00e9\u00e9, puis une association, qui d\u00e8s le d\u00e9part se voulait<br \/>\ninterculturelle.<br \/>\nCette association a aujourd&rsquo;hui deux buts&nbsp;: permettre une entraide<br \/>\nentre<br \/>\nparents dans l&rsquo;\u00e9ducation des enfants <span style=\"\">&nbsp;<\/span><i\nstyle=\"\">et cr\u00e9er du lien social dans le quartier<\/i><\/span><i style=\"\"><span\nstyle=\"font-size: 12pt; line-height: 120%; font-family: &quot;Times New Roman&quot;,&quot;serif&quot;; color: windowtext;\"><br \/>\n<o:p><\/o:p><\/span><\/i><\/p>\n<p class=\"MsoNormal\"\nstyle=\"margin: 0cm 0cm 0.0001pt; text-align: justify;\"><b style=\"\"><i\nstyle=\"\"><span\nstyle=\"font-size: 11pt; line-height: 120%; font-family: &quot;Times New Roman&quot;,&quot;serif&quot;; color: windowtext;\">Quelles<br \/>\nactions ont \u00e9t\u00e9 men\u00e9es&nbsp;?<o:p><\/o:p><\/span><\/i><\/b><\/p>\n<p class=\"MsoNormal\"\nstyle=\"margin: 0cm 0cm 0.0001pt; text-align: justify;\"><b style=\"\"><span\nstyle=\"font-size: 11pt; line-height: 120%; font-family: &quot;Times New Roman&quot;,&quot;serif&quot;; color: windowtext;\">E<\/span><\/b><span\nstyle=\"font-size: 11pt; line-height: 120%; font-family: &quot;Times New Roman&quot;,&quot;serif&quot;; color: windowtext;\">.<br \/>\nAvec<br \/>\nl&rsquo;association, nous avons d&rsquo;abord voulu apprendre \u00e0 nous conna \u00eetre,<br \/>\nfaire<br \/>\ntomber les peurs, en organisant : <span style=\"\">&nbsp;<\/span>des<br \/>\nr\u00e9unions de quartier, l&rsquo;op\u00e9ration \u00ab&nbsp;Bonjour&nbsp;\u00bb, les<br \/>\nfleurissements de<br \/>\nbas d&rsquo;immeubles, les f\u00eates marocaines, africaines, les f\u00eates des<br \/>\nvoisins, le porte-\u00e0-porte<br \/>\npour inviter aux groupes de paroles, aux d\u00e9bats, aux th\u00e9\u00e2tres-forum sur<br \/>\nla<br \/>\nparentalit\u00e9.<o:p><\/o:p><\/span><\/p>\n<p class=\"MsoNormal\"\nstyle=\"margin: 0cm 0cm 0.0001pt; text-align: justify;\"><span\nstyle=\"font-size: 11pt; line-height: 120%; font-family: &quot;Times New Roman&quot;,&quot;serif&quot;; color: windowtext;\">De<br \/>\nnombreuses permanences se sont mises<br \/>\nen place dont une aujourd&rsquo;hui,<span style=\"\">&nbsp; <\/span>pour<br \/>\naider les parents non francophones dans le soutien aux devoirs de leurs<br \/>\nenfants, etc .<o:p><\/o:p><\/span><\/p>\n<p class=\"MsoNormal\"\nstyle=\"margin: 0cm 0cm 0.0001pt; text-align: justify;\"><b style=\"\"><span\nstyle=\"font-size: 11pt; line-height: 120%; font-family: &quot;Times New Roman&quot;,&quot;serif&quot;; color: windowtext;\">M<\/span><\/b><span\nstyle=\"font-size: 11pt; line-height: 120%; font-family: &quot;Times New Roman&quot;,&quot;serif&quot;; color: windowtext;\">.<br \/>\nActuellement<br \/>\naussi, notre exp\u00e9rience nous oriente vers une recherche sur la place du<br \/>\np\u00e8re<br \/>\ndans l&rsquo;\u00e9ducation des enfants, et cela avec plusieurs associations. Un<br \/>\nconstat<br \/>\ns&rsquo;impose&nbsp;: les p\u00e8res sont souvent absents, et pourtant tous,<br \/>\nquelle que<br \/>\nsoit notre condition sociale, notre culture, nous voulons le bonheur de<br \/>\nnos<br \/>\nenfants.<o:p><\/o:p><\/span><\/p>\n<p class=\"MsoNormal\"\nstyle=\"margin: 0cm 0cm 0.0001pt; text-align: justify;\"><span\nstyle=\"font-size: 11pt; line-height: 120%; font-family: &quot;Times New Roman&quot;,&quot;serif&quot;; color: windowtext;\">E&nbsp;:<br \/>\nPour r\u00e9pondre \u00e0 un nouveau<br \/>\nbesoin, nous organisons maintenant des r\u00e9unions sur la place des<br \/>\ngrands-parents.<o:p><\/o:p><\/span><\/p>\n<p class=\"MsoNormal\"\nstyle=\"margin: 0cm 0cm 0.0001pt; text-align: justify;\"><b style=\"\"><i\nstyle=\"\"><span\nstyle=\"font-size: 11pt; line-height: 120%; font-family: &quot;Times New Roman&quot;,&quot;serif&quot;; color: windowtext;\">Vous<br \/>\n\u00eates croyants en J\u00e9sus Christ.<br \/>\nComment votre foi nourrit vos engagements et en quoi vos engagements<br \/>\nnourrissent aussi votre foi&nbsp;?<o:p><\/o:p><\/span><\/i><\/b><\/p>\n<p class=\"MsoNormal\"\nstyle=\"margin: 0cm 0cm 0.0001pt; text-align: justify;\"><b style=\"\"><span\nstyle=\"font-size: 11pt; line-height: 120%; font-family: &quot;Times New Roman&quot;,&quot;serif&quot;; color: windowtext;\">M<\/span><\/b><span\nstyle=\"font-size: 11pt; line-height: 120%; font-family: &quot;Times New Roman&quot;,&quot;serif&quot;; color: windowtext;\">.<br \/>\nLes militants<br \/>\nappartenant \u00e0 d&rsquo;autres communaut\u00e9s spirituelles (religieuses ou<br \/>\nhumanistes) <span style=\"\">&nbsp;<\/span>m&rsquo;interpellent par rapport \u00e0<br \/>\nmes convictions<br \/>\nde chr\u00e9tien. Nous faisons partie d&rsquo;un m\u00eame peuple et ensemble nous<br \/>\nconstruisons<br \/>\nle royaume de Dieu. L&rsquo;humanit\u00e9 en marche je la trouve dans le quartier<br \/>\net dans<br \/>\ncette volont\u00e9 d&rsquo;&nbsp;\u00ab&nbsp;Etre Bien Ensemble&nbsp;\u00bb, je retrouve le<br \/>\nsens<br \/>\nprofond de l&rsquo;Evangile.<o:p><\/o:p><\/span><\/p>\n<p class=\"MsoNormal\"\nstyle=\"margin: 0cm 0cm 0.0001pt; text-align: justify;\"><span\nstyle=\"font-size: 11pt; line-height: 120%; font-family: &quot;Times New Roman&quot;,&quot;serif&quot;; color: windowtext;\">Quand<br \/>\nje vois ces diversit\u00e9s qui se<br \/>\nc\u00f4toient, je vis des petites Pentec\u00f4tes&nbsp;: des gens venus de<br \/>\npartout se<br \/>\ncomprennent. Au-del\u00e0 de nos traditions, on a tous le m\u00eame souffle<br \/>\nd&rsquo;humanisation<br \/>\npour tous.,<o:p><\/o:p><\/span><\/p>\n<p class=\"MsoNormal\"\nstyle=\"margin: 0cm 0cm 0.0001pt; text-align: justify;\"><span\nstyle=\"font-size: 11pt; line-height: 120%; font-family: &quot;Times New Roman&quot;,&quot;serif&quot;; color: windowtext;\"><span\nstyle=\"\">&nbsp;<\/span><b style=\"\">E<\/b>. J&rsquo;ai besoin d&rsquo;une foi<br \/>\nincarn\u00e9e.<br \/>\nQuand je rencontre en v\u00e9rit\u00e9 les personnes, cela me parle du Christ,<br \/>\ncela nourrit<br \/>\nma foi. Tout ce qui nous aide \u00e0 construire de la dignit\u00e9, de la<br \/>\njustice, de<br \/>\nl&rsquo;humanit\u00e9, a quelque chose \u00e0 voir avec Dieu. Je suis interpell\u00e9e dans<br \/>\nma fa\u00e7on<br \/>\nde les \u00e9couter, de les aimer.<o:p><\/o:p><\/span><\/p>\n<p class=\"MsoNormal\"\nstyle=\"margin: 0cm 0cm 0.0001pt; text-align: justify;\"><b style=\"\"><i\nstyle=\"\"><span\nstyle=\"font-size: 11pt; line-height: 120%; font-family: &quot;Times New Roman&quot;,&quot;serif&quot;; color: windowtext;\">En<br \/>\ndeux mots, qu&rsquo;est ce qui est l&rsquo;essentiel pour vous.<o:p><\/o:p><\/span><\/i><\/b><\/p>\n<p class=\"MsoNormal\"\nstyle=\"margin: 0cm 0cm 0.0001pt; text-align: justify;\"><b style=\"\"><span\nstyle=\"font-size: 11pt; line-height: 120%; font-family: &quot;Times New Roman&quot;,&quot;serif&quot;; color: windowtext;\">E<\/span><\/b><span\nstyle=\"font-size: 11pt; line-height: 120%; font-family: &quot;Times New Roman&quot;,&quot;serif&quot;; color: windowtext;\">.<br \/>\nJe ne peux<br \/>\npas rester indiff\u00e9rente \u00e0 ce qui m&rsquo;entoure. <span style=\"\">&nbsp;<\/span>J&rsquo;ai<br \/>\nma petite part \u00e0 apporter, et en tant que<br \/>\nretrait\u00e9e, j&rsquo;essaie d&rsquo;\u00eatre en second dans l&rsquo;action, mais de rester au<br \/>\nservice,<br \/>\npour que des jeunes prennent des responsabilit\u00e9s.<o:p><\/o:p><\/span><\/p>\n<p class=\"MsoNormal\"\nstyle=\"margin: 0cm 0cm 0.0001pt; text-align: justify;\"><span\nstyle=\"font-size: 11pt; line-height: 120%; font-family: &quot;Times New Roman&quot;,&quot;serif&quot;; color: windowtext;\"><span\nstyle=\"\">&nbsp;<\/span><b style=\"\">M<\/b>. Nous sommes tous anim\u00e9s au<br \/>\nfond de<br \/>\nnous par le m\u00eame Esprit de Vie, pour r\u00e9sister, agir, esp\u00e9rer\u00e2\u20ac\u00a6.<\/span><span\nstyle=\"font-size: 12pt; line-height: 120%; font-family: &quot;Times New Roman&quot;,&quot;serif&quot;; color: windowtext;\"><o:p><\/o:p><\/span><\/p>\n<p><\/body><\/p>\n","protected":false},"excerpt":{"rendered":"<p>La d\u00e9marche Diaconia 2013 propose un temps de relecture de notre action pour y d\u00e9couvrir comment chacun de nous vit la diaconie, comment par des petits services, des soutiens fraternels et des attentions particuli\u00e8res,&#46;&#46;&#46;<\/p>\n","protected":false},"author":2,"featured_media":0,"comment_status":"open","ping_status":"open","sticky":false,"template":"","format":"standard","meta":{"footnotes":""},"categories":[],"tags":[],"class_list":["post-437","post","type-post","status-publish","format-standard","hentry"],"_links":{"self":[{"href":"http:\/\/www.chapelle-crecy.com\/index.php?rest_route=\/wp\/v2\/posts\/437","targetHints":{"allow":["GET"]}}],"collection":[{"href":"http:\/\/www.chapelle-crecy.com\/index.php?rest_route=\/wp\/v2\/posts"}],"about":[{"href":"http:\/\/www.chapelle-crecy.com\/index.php?rest_route=\/wp\/v2\/types\/post"}],"author":[{"embeddable":true,"href":"http:\/\/www.chapelle-crecy.com\/index.php?rest_route=\/wp\/v2\/users\/2"}],"replies":[{"embeddable":true,"href":"http:\/\/www.chapelle-crecy.com\/index.php?rest_route=%2Fwp%2Fv2%2Fcomments&post=437"}],"version-history":[{"count":0,"href":"http:\/\/www.chapelle-crecy.com\/index.php?rest_route=\/wp\/v2\/posts\/437\/revisions"}],"wp:attachment":[{"href":"http:\/\/www.chapelle-crecy.com\/index.php?rest_route=%2Fwp%2Fv2%2Fmedia&parent=437"}],"wp:term":[{"taxonomy":"category","embeddable":true,"href":"http:\/\/www.chapelle-crecy.com\/index.php?rest_route=%2Fwp%2Fv2%2Fcategories&post=437"},{"taxonomy":"post_tag","embeddable":true,"href":"http:\/\/www.chapelle-crecy.com\/index.php?rest_route=%2Fwp%2Fv2%2Ftags&post=437"}],"curies":[{"name":"wp","href":"https:\/\/api.w.org\/{rel}","templated":true}]}}