{"id":438,"date":"2012-01-24T20:00:00","date_gmt":"2012-01-24T20:00:00","guid":{"rendered":""},"modified":"-0001-11-30T00:00:00","modified_gmt":"-0001-11-29T22:00:00","slug":"","status":"publish","type":"post","link":"http:\/\/www.chapelle-crecy.com\/?p=438","title":{"rendered":"Le 24 janvier nous f\u00eatons St Fran\u00e7ois de Sales (1567\u00e2\u20ac\u201c1622)"},"content":{"rendered":"<div align=\"justify\">Saint Fran\u00e7ois de Sales, cet homme d&rsquo;unit\u00e9 au milieu d&rsquo;une \u00e9poque secou\u00e9e par les guerres de religion, fut aussi l&rsquo;inventeur du journal paroissial. Homme d&rsquo;\u00e9criture, \u00e9v\u00eaque d&rsquo;Annecy, il a donc laiss\u00e9 une somme importante d&rsquo;ouvrages, t\u00e9moignage de sa vision de la vie. En m\u00e9moire de ce grand saint et docteur de l&rsquo;Eglise, la F\u00e9d\u00e9ration Fran\u00e7aise de la Presse Catholique (FFPC) organise tous les ans, depuis 1996, ses journ\u00e9es d&rsquo;\u00e9tudes \u00e0\u00a0 Annecy. Le th\u00e8me de ces 16\u00e8mes journ\u00e9es est:<br \/>\n\u00ab\u00a0Relever le d\u00e9fi du num\u00e9rique dans la presse et les medias chr\u00e9tiens\u00a0\u00bb.<br \/>\nDeux jours de r\u00e9flexion sur cette r\u00e9volution \u00ab\u00a0num\u00e9rique\u00a0\u00bb en marche qui bouleverse le m\u00e9tier de journaliste, modifie la consommation d&rsquo;information et suscite bien des interrogations sur l&rsquo;avenir de la presse \u00e9crite. Vous pouvez trouver le programme complet de ces journ\u00e9es sur le site: [http:\/\/www.presse-catholique.org->http:\/\/www.presse-catholique.org]<\/div>\n<div align=\"center\"><img decoding=\"async\" src=\"\/IMG\/jpg\/ffpc-1.jpg\" width=400><\/div>\n<p>\u00ab Il faut tout faire par amour et rien par force \u00bb<br \/>\n Fran\u00e7ois de Sales, ce grand saint a su gouverner son dioc\u00e8se de Gen\u00e8ve dans la charit\u00e9, enseigner les v\u00e9rit\u00e9s de la foi et mener une vie de pri\u00e8re dans laquelle il introduisait de nombreux fid\u00e8les qui lui demandaient conseil. Il a assur\u00e9 pleinement les charges de docteur, de sanctificateur et de pasteur telles que le concile Vatican II les pr\u00e9cise pour tout \u00e9v\u00eaque.<br \/>\nCet homme avait l&rsquo;esprit tr\u00e8s ouvert. Il savait \u00eatre mesur\u00e9 et<br \/>\nrespectueux des personnes. Le grand \u00e9v\u00eaque a su \u00eatre un homme libre,<br \/>\nagissant avec audace au service de son dioc\u00e8se, dans le d\u00e9sint\u00e9ressement, l&rsquo;humilit\u00e9, la g\u00e9n\u00e9rosit\u00e9 et la douceur.<\/p>\n<p> Pionnier de oecum\u00e9nisme, dans un dioc\u00e8se particuli\u00e8rement d\u00e9chir\u00e9 par les luttes entre fr\u00e8res s\u00e9par\u00e9s (massacre de la St Barth\u00e9l\u00e9my le 24 ao\u00fbt 1572), il fut un artisan du dialogue, soucieux de conna \u00eetre avant de condamner. Il repr\u00e9sente un catholicisme ouvert d\u00e9sirant \u00e9branler les murs de Gen\u00e8ve par la charit\u00e9, la recouvrer, l&rsquo;envahir, par la charit\u00e9.<br \/>\n En cette semaine de l&rsquo;unit\u00e9 des Chr\u00e9tiens, n&rsquo;h\u00e9sitons pas \u00e0 prier<br \/>\nsaint Fran\u00e7ois de Sales.<\/p>\n<div align=\"center\"><img decoding=\"async\" src=\"\/IMG\/jpg\/San_Francesco_di_Sales_V.jpg\" width=400><\/div>\n<p> Son \u00e9poque n&rsquo;est pas la n\u00f4tre mais il y a cependant bien des similitudes.<br \/>\n Le Docteur de l&rsquo;Amour a su faire du neuf avec de l&rsquo;ancien, rappeler<br \/>\nl&rsquo;appel de chaque baptis\u00e9 \u00e0 la saintet\u00e9 et d&rsquo;une nouvelle \u00e9vang\u00e9lisation<br \/>\ndans un monde troubl\u00e9 et violent, en revenant toujours \u00e0 l&rsquo;Ecriture.<br \/>\nAvec une infinie douceur, il \u00e9tait tr\u00e8s soucieux de la formation de<br \/>\nses pr\u00eatres, en particulier dans le cadre du sacrement de r\u00e9conciliation,<br \/>\nr\u00e9digeant un \u00ab M\u00e9morial aux Confesseurs \u00bb. Sous la conduite de Fran\u00e7ois, cultivons la d\u00e9licatesse du coeur qui pardonne les offenses et fait tout par amour.<\/p>\n<p> Pierre Thomas, diacre \u00e0 la paroisse St Fran\u00e7ois de Sales \u00e0 Paris<\/p>\n<p> Information pratique:<br \/>\n Demain mercredi 25 janvier, cette journ\u00e9e marquera la cl\u00f4ture de la semaine de pri\u00e8re pour l&rsquo;unit\u00e9 des chr\u00e9tiens. A l&rsquo;initiative de Pierre Thion, tous ceux qui le souhaitent et le peuvent, vous \u00eates invit\u00e9s \u00e0 un moment d&rsquo;adoration du St Sacrement \u00e0 9 heures \u00e0 partir des textes du jour \u00e0 l&rsquo;\u00e9glise St Georges de Cr\u00e9cy-la-Chapelle.<\/p>\n","protected":false},"excerpt":{"rendered":"<p>Saint Fran\u00e7ois de Sales, cet homme d&rsquo;unit\u00e9 au milieu d&rsquo;une \u00e9poque secou\u00e9e par les guerres de religion, fut aussi l&rsquo;inventeur du journal paroissial. Homme d&rsquo;\u00e9criture, \u00e9v\u00eaque d&rsquo;Annecy, il a donc laiss\u00e9 une somme importante&#46;&#46;&#46;<\/p>\n","protected":false},"author":2,"featured_media":0,"comment_status":"open","ping_status":"open","sticky":false,"template":"","format":"standard","meta":{"footnotes":""},"categories":[],"tags":[],"class_list":["post-438","post","type-post","status-publish","format-standard","hentry"],"_links":{"self":[{"href":"http:\/\/www.chapelle-crecy.com\/index.php?rest_route=\/wp\/v2\/posts\/438","targetHints":{"allow":["GET"]}}],"collection":[{"href":"http:\/\/www.chapelle-crecy.com\/index.php?rest_route=\/wp\/v2\/posts"}],"about":[{"href":"http:\/\/www.chapelle-crecy.com\/index.php?rest_route=\/wp\/v2\/types\/post"}],"author":[{"embeddable":true,"href":"http:\/\/www.chapelle-crecy.com\/index.php?rest_route=\/wp\/v2\/users\/2"}],"replies":[{"embeddable":true,"href":"http:\/\/www.chapelle-crecy.com\/index.php?rest_route=%2Fwp%2Fv2%2Fcomments&post=438"}],"version-history":[{"count":0,"href":"http:\/\/www.chapelle-crecy.com\/index.php?rest_route=\/wp\/v2\/posts\/438\/revisions"}],"wp:attachment":[{"href":"http:\/\/www.chapelle-crecy.com\/index.php?rest_route=%2Fwp%2Fv2%2Fmedia&parent=438"}],"wp:term":[{"taxonomy":"category","embeddable":true,"href":"http:\/\/www.chapelle-crecy.com\/index.php?rest_route=%2Fwp%2Fv2%2Fcategories&post=438"},{"taxonomy":"post_tag","embeddable":true,"href":"http:\/\/www.chapelle-crecy.com\/index.php?rest_route=%2Fwp%2Fv2%2Ftags&post=438"}],"curies":[{"name":"wp","href":"https:\/\/api.w.org\/{rel}","templated":true}]}}