{"id":442,"date":"2012-02-24T09:38:18","date_gmt":"2012-02-24T09:38:18","guid":{"rendered":""},"modified":"-0001-11-30T00:00:00","modified_gmt":"-0001-11-29T22:00:00","slug":"","status":"publish","type":"post","link":"http:\/\/www.chapelle-crecy.com\/?p=442","title":{"rendered":"La fraternit\u00e9 est une richesse"},"content":{"rendered":"<div align=\"justify\">Diaconia 2013 [http:\/\/diaconia2013.fr\/->http:\/\/diaconia2013.fr\/] est un appel lanc\u00e9 par les \u00e9v\u00eaques \u00e0\u00a0 toutes les communaut\u00e9s chr\u00e9tiennes de France pour que le service de la charit\u00e9 soit l&rsquo;affaire de tous les membres de l&rsquo;Eglise.<br \/>\nEt pour que ce service soit port\u00e9 dans la pri\u00e8re et enracin\u00e9 dans l&rsquo;\u00e9coute de la Parole de Dieu, le P\u00e8re Jean-Claude Marjou, en lien avec le secteur pastoral de Val Maubu\u00e9e nous invite \u00e0\u00a0 raconter une rencontre, une exp\u00e9rience ou une r\u00e9action. Aujourd&rsquo;hui, c&rsquo;est  Jocelyne qui nous donne son t\u00e9moignage. Jocelyne est maman d&rsquo;une jeune fille qui, depuis son enfance, pr\u00e9sente un handicap qui s&rsquo;alourdit.Elle ne pouvait \u00eatre l\u00e0\u00a0 aujourd&rsquo;hui, alors elle nous a confi\u00e9 son t\u00e9moignage, en r\u00e9ponse aux deux questions d&rsquo;aujourd&rsquo;hui:<br \/>\n\u00ab\u00a0Je vis des souffrances et j&rsquo;en rencontre autour de moi \u00ab\u00a0? et<br \/>\n\u00a0\u00bb Au coeur de ces souffrances  il y a des rayons de soleil. Lesquels ?\u00a0\u00bb<br \/>\n Pour la premi\u00e8re question, facile de r\u00e9pondre, d&rsquo;expliquer, pour la seconde c&rsquo;est beaucoup plus difficile &#8230; <\/div>\n<div align=\"center\"><img decoding=\"async\" src=\"\/IMG\/jpg\/Diaconia2013.jpg\" width=650><\/div>\n<p><\/p>\n<div align=\"justify\">\n Je reviens de Saint Paul (\u00e9glise de Noisiel) o\u00f9 nous lisons St Matthieu; c&rsquo;\u00e9tait tellement plus facile pour les disciples. J\u00e9sus \u00e9tait l\u00e0 parmi eux, il faisait des miracles.<br \/>\n C&rsquo;est tellement difficile pour nous, ici &#8230;<br \/>\n C&rsquo;est tellement difficile de voir son enfant diminu\u00e9 et ne pouvoir rien faire. Le voir souffrir et ne pouvoir le soulager.<br \/>\n Nous nous battons contre quoi contre qui?<br \/>\nMais je sais que nous nous battons pour elle, avec elle et c&rsquo;est l\u00e0 que je trouve des rayons de soleil :<br \/>\n Une rencontre sur un forum avec des personnes qui sont comme nous, un m\u00e9decin qui parfois nous redonne un espoir. <\/p>\n<p> Il y a aussi la pri\u00e8re qui me porte, qui m&#8217;emporte dans une attente de jours meilleurs;<br \/>\n Cette pri\u00e8re, je la partage souvent avec notre communaut\u00e9 et je sais que cela m&rsquo;aide, m\u00eame si par moment c&rsquo;est difficile de croire, tant la vie devient compliqu\u00e9e et quand tu as l&rsquo;impression que le sort<br \/>\ns&rsquo;acharne sur ta famille.<br \/>\n Et puis il y a tous mes enfants de la \u00ab\u00a0Kt sp\u00e9\u00a0\u00bb avec leurs diff\u00e9rences, avec leur personnalit\u00e9.<br \/>\n On ne voit pas leur souffrance mais on voit celle de leurs parents qui ne comprennent pas toujours:<br \/>\n \u00ab\u00a0pourquoi nous ?\u00a0\u00bb<br \/>\n Mais que notre joie est grande quand on voit le sourire de ces enfants, la satisfaction de la chose bien faite, la participation de chacun d&rsquo;eux en fonction de leur handicap (un dessin, un chant ou m\u00eame un sourire quand il ne peut pas s&rsquo;exprimer)<br \/>\n Dans ces moments l\u00e0, on sait pourquoi on est l\u00e0 et on sait qu&rsquo;on n&rsquo;est pas tout seul. <\/p><\/div>\n","protected":false},"excerpt":{"rendered":"<p>Diaconia 2013 [http:\/\/diaconia2013.fr\/->http:\/\/diaconia2013.fr\/] est un appel lanc\u00e9 par les \u00e9v\u00eaques \u00e0\u00a0 toutes les communaut\u00e9s chr\u00e9tiennes de France pour que le service de la charit\u00e9 soit l&rsquo;affaire de tous les membres de l&rsquo;Eglise. Et pour&#46;&#46;&#46;<\/p>\n","protected":false},"author":2,"featured_media":0,"comment_status":"open","ping_status":"open","sticky":false,"template":"","format":"standard","meta":{"footnotes":""},"categories":[],"tags":[],"class_list":["post-442","post","type-post","status-publish","format-standard","hentry"],"_links":{"self":[{"href":"http:\/\/www.chapelle-crecy.com\/index.php?rest_route=\/wp\/v2\/posts\/442","targetHints":{"allow":["GET"]}}],"collection":[{"href":"http:\/\/www.chapelle-crecy.com\/index.php?rest_route=\/wp\/v2\/posts"}],"about":[{"href":"http:\/\/www.chapelle-crecy.com\/index.php?rest_route=\/wp\/v2\/types\/post"}],"author":[{"embeddable":true,"href":"http:\/\/www.chapelle-crecy.com\/index.php?rest_route=\/wp\/v2\/users\/2"}],"replies":[{"embeddable":true,"href":"http:\/\/www.chapelle-crecy.com\/index.php?rest_route=%2Fwp%2Fv2%2Fcomments&post=442"}],"version-history":[{"count":0,"href":"http:\/\/www.chapelle-crecy.com\/index.php?rest_route=\/wp\/v2\/posts\/442\/revisions"}],"wp:attachment":[{"href":"http:\/\/www.chapelle-crecy.com\/index.php?rest_route=%2Fwp%2Fv2%2Fmedia&parent=442"}],"wp:term":[{"taxonomy":"category","embeddable":true,"href":"http:\/\/www.chapelle-crecy.com\/index.php?rest_route=%2Fwp%2Fv2%2Fcategories&post=442"},{"taxonomy":"post_tag","embeddable":true,"href":"http:\/\/www.chapelle-crecy.com\/index.php?rest_route=%2Fwp%2Fv2%2Ftags&post=442"}],"curies":[{"name":"wp","href":"https:\/\/api.w.org\/{rel}","templated":true}]}}