{"id":443,"date":"2012-03-11T11:18:00","date_gmt":"2012-03-11T11:18:00","guid":{"rendered":""},"modified":"-0001-11-30T00:00:00","modified_gmt":"-0001-11-29T22:00:00","slug":"","status":"publish","type":"post","link":"http:\/\/www.chapelle-crecy.com\/?p=443","title":{"rendered":"Amiti\u00e9-Brie-B\u00e9nin joue la com\u00e9die"},"content":{"rendered":"<div align=\"justify\">\u00ab Il faut passer le temps \u00bb, balade th\u00e9 trale autour des po\u00e8mes de Jacques Pr\u00e9vert, est organis\u00e9 par les associations Amiti\u00e9 Brie-B\u00e9nin (dont le si\u00e8ge est \u00e0\u00a0 Cr\u00e9cy-la-Chapelle) et les Amis Yovo du B\u00e9nin (dont le si\u00e8ge est \u00e0\u00a0 Coulommes).<br \/>\nC&rsquo;est un spectacle enjou\u00e9 sur des textes dr\u00f4es, sensuels, sensibles et provocateurs revisit\u00e9s par Liliane Desmonts et Catherine Taudin.<br \/>\nLes entr\u00e9es et dons lors de cette manifestation seront destin\u00e9s \u00e0\u00a0 l&rsquo;envoi, par container, de mat\u00e9riel \u00e0\u00a0 l&rsquo;orphelinat de Toffo (au sud du B\u00e9nin) ainsi qu&rsquo;au foyer de Jeunes Filles de Parakou et de fournir une motopompe (indispensable pour d\u00e9velopper les cultures mara\u00eech\u00e8res) \u00e0\u00a0 la ferme de Tori. Cette ferme, cr\u00e9\u00e9e en novembre 2009 sur 2.5 ha acquis gr ce aux dons collect\u00e9s par l&rsquo;association \u00ab Amiti\u00e9 Brie-B\u00e9nin \u00bb, a pour objectif de faire vivre plusieurs familles, mais aussi de participer au d\u00e9veloppement local en embauchant des jeunes et en les initiant aux diff\u00e9rentes techniques pour faire \u00e9voluer les pratiques coutumi\u00e8res.<br \/>\nFin 2011, le Conseil R\u00e9gional d&rsquo;Ile de France a octroy\u00e9 une subvention de 5 000 \u201a\u00ac pour l&rsquo;extension de la ferme, dont la cr\u00e9ation d&rsquo;une lapinerie.<br \/>\nVoir [http:\/\/www.amitie-brie-benin.com\/->http:\/\/www.amitie-brie-benin.com\/]<\/div>\n<div align=\"center\"><img decoding=\"async\" src=\"\/IMG\/jpg\/piece.jpg\" width=500><\/div>\n<p>\n<body><\/p>\n<p class=\"MsoNormal\" style=\"text-align: justify;\"><span\nstyle=\"font-family: &quot;Calibri&quot;,&quot;sans-serif&quot;;\">L&rsquo;association<br \/>\n&nbsp;\u00ab&nbsp;Les Amis Yovo du B\u00e9nin&nbsp;\u00bb s&rsquo;est donn\u00e9 comme mission de<br \/>\nsoutenir l&rsquo;orphelinat de Toffo (pr\u00e8s de Allada) o\u00f9 Soeur Flore fait un<br \/>\ntravail d&rsquo;accompagnement, de soins et de formation aupr\u00e8s d&rsquo;orphelins,<br \/>\nd&rsquo;enfants d\u00e9nutris, de familles en difficult\u00e9s. <\/span><\/p>\n<p class=\"MsoNormal\" style=\"text-align: justify;\"><span\nstyle=\"font-family: &quot;Calibri&quot;,&quot;sans-serif&quot;;\">Elle accompagne aussi un<br \/>\ncentre de formation de jeunes filles \u00e0 Parakou, au centre du B\u00e9nin.<\/p>\n<p> Nous vous attendons nombreux le 16 mars<\/span><\/b><\/p>\n<p class=\"MsoNormal\" style=\"text-align: center;\" align=\"center\"><b><span\nstyle=\"font-size: 18pt; font-family: &quot;Calibri&quot;,&quot;sans-serif&quot;;\">pour cette manifestation th\u00e9\u00e2trale joyeuse, sensuelle\u00e2\u20ac\u00a6<\/span><\/b><\/p>\n<p class=\"MsoNormal\" style=\"text-align: center; color: rgb(0, 1, 0);\"\nalign=\"center\"><b><span\nstyle=\"font-size: 18pt; font-family: &quot;Calibri&quot;,&quot;sans-serif&quot;;\">un<br \/>\nmoment de d\u00e9tente&nbsp;!<\/span><\/b><\/p>\n<p class=\"MsoNormal\" style=\"text-align: center;\" align=\"center\"><b><span\nstyle=\"font-size: 18pt; font-family: &quot;Calibri&quot;,&quot;sans-serif&quot;;\">&nbsp;<\/span><\/b><\/p>\n<p><b><i><span\nstyle=\"font-size: 14pt; font-family: &quot;Calibri&quot;,&quot;sans-serif&quot;;\">merci<br \/>\nd&rsquo;en parler autour de vous, d&rsquo;amener vos amis\u00e2\u20ac\u00a6<\/span><\/i><\/b><br \/>\n<\/body><\/p>\n<p> Retrouvez l&rsquo;affiche, \u00e0 diffuser largement autour de vous, en format PDF, imprimable, en pi\u00e8ce jointe ci-apr\u00e8s.<\/p>\n<p> <b>Les billets sont en vente \u00e0 l&rsquo;accueil de la mairie de Cr\u00e9cy.<\/b>\n<\/div>\n","protected":false},"excerpt":{"rendered":"<p>\u00ab Il faut passer le temps \u00bb, balade th\u00e9 trale autour des po\u00e8mes de Jacques Pr\u00e9vert, est organis\u00e9 par les associations Amiti\u00e9 Brie-B\u00e9nin (dont le si\u00e8ge est \u00e0\u00a0 Cr\u00e9cy-la-Chapelle) et les Amis Yovo du&#46;&#46;&#46;<\/p>\n","protected":false},"author":2,"featured_media":0,"comment_status":"open","ping_status":"open","sticky":false,"template":"","format":"standard","meta":{"footnotes":""},"categories":[],"tags":[],"class_list":["post-443","post","type-post","status-publish","format-standard","hentry"],"_links":{"self":[{"href":"http:\/\/www.chapelle-crecy.com\/index.php?rest_route=\/wp\/v2\/posts\/443","targetHints":{"allow":["GET"]}}],"collection":[{"href":"http:\/\/www.chapelle-crecy.com\/index.php?rest_route=\/wp\/v2\/posts"}],"about":[{"href":"http:\/\/www.chapelle-crecy.com\/index.php?rest_route=\/wp\/v2\/types\/post"}],"author":[{"embeddable":true,"href":"http:\/\/www.chapelle-crecy.com\/index.php?rest_route=\/wp\/v2\/users\/2"}],"replies":[{"embeddable":true,"href":"http:\/\/www.chapelle-crecy.com\/index.php?rest_route=%2Fwp%2Fv2%2Fcomments&post=443"}],"version-history":[{"count":0,"href":"http:\/\/www.chapelle-crecy.com\/index.php?rest_route=\/wp\/v2\/posts\/443\/revisions"}],"wp:attachment":[{"href":"http:\/\/www.chapelle-crecy.com\/index.php?rest_route=%2Fwp%2Fv2%2Fmedia&parent=443"}],"wp:term":[{"taxonomy":"category","embeddable":true,"href":"http:\/\/www.chapelle-crecy.com\/index.php?rest_route=%2Fwp%2Fv2%2Fcategories&post=443"},{"taxonomy":"post_tag","embeddable":true,"href":"http:\/\/www.chapelle-crecy.com\/index.php?rest_route=%2Fwp%2Fv2%2Ftags&post=443"}],"curies":[{"name":"wp","href":"https:\/\/api.w.org\/{rel}","templated":true}]}}