{"id":445,"date":"2012-02-17T09:50:31","date_gmt":"2012-02-17T09:50:31","guid":{"rendered":""},"modified":"-0001-11-30T00:00:00","modified_gmt":"-0001-11-29T22:00:00","slug":"","status":"publish","type":"post","link":"http:\/\/www.chapelle-crecy.com\/?p=445","title":{"rendered":"Qu&rsquo;y a-t-il de plus beau qu&rsquo;une belle c\u00e9l\u00e9bration?"},"content":{"rendered":"<div align=\"justify\">La messe est au coeur de la foi chr\u00e9tienne. D&rsquo;ailleurs, comme le souligne Vatican II dans Lumen Gentium (Concile dont nous c\u00e9l\u00e9brons cette ann\u00e9e, le 50\u00e8me anniversaire), l&rsquo;Eucharistie est \u00a0\u00bb source et sommet de toute la vie chr\u00e9tienne \u00a0\u00bb (LG 11). La pr\u00e9paration de la messe dominicale est assur\u00e9e dans nos secteurs paroissiaux par des \u00e9quipes liturgiques. De nombreux outils existent pour se former. Sur Internet, je vous recommande tout particuli\u00e8rement le site tr\u00e8s p\u00e9dagogique, [http:\/\/www.bible-service.net\/->http:\/\/www.bible-service.net\/]. Mais aussi, tout pr\u00e8s de chez nous, \u00e0\u00a0 Meaux, voici le programme all\u00e9chant qui nous est propos\u00e9&#8230;<\/div>\n<div align=\"justify\">\nFormation \u00e0 la liturgie<br \/>\n Le secteur de Meaux-Centre vous convie:<br \/>\n  SALLE SAINTE CELINE<br \/>\n   de 20 h 30 \u00e0 22 h 30:<br \/>\n \u00c2\u00b7         le Jeudi 8 mars : l&rsquo;esprit de la liturgie et l&rsquo;\u00e9quipe liturgique<br \/>\n \u00c2\u00b7         le Jeudi 15 mars : la dynamique de la c\u00e9l\u00e9bration liturgique<br \/>\n \u00c2\u00b7         le Mardi 20 mars : la r\u00e9daction de certaines pri\u00e8res par les la\u00efcs<br \/>\n \u00c2\u00b7         le Mardi 27 mars : le chant dans la liturgie<\/p>\n<div align=\"center\"><img decoding=\"async\" src=\"\/IMG\/jpg\/Messe-2.jpg\" width=300><\/div>\n<p>\n Le P\u00e8re Philippe Legrand nous invite tous \u00e0 participer \u00e0 la totalit\u00e9 de ces quatre r\u00e9unions, et plus particuli\u00e8rement tous les acteurs en liturgie (sacristie, chants, lectures, autres interventions, fleurs, pri\u00e8res universelles\u00e2\u20ac\u00a6).<br \/>\nCette invitation concerne le secteur de Meaux-centre et est \u00e9tendue \u00e0 tous les autres secteurs du P\u00f4le.<br \/>\n Nous comptons sur vous.<br \/>\n Merci de bien vouloir relayer cette invitation.<br \/>\n En union de pri\u00e8res.<\/p>\n<p> Nathalie Charpentier, P\u00e8re Philippe Legrand et l&rsquo;EAP Meaux-centre<br \/>\n PS : Quatre soir\u00e9es de formation liturgie, dans le m\u00eame esprit de ce que le secteur de Meaux-Beauval avait organis\u00e9 fin 2011\n<\/p><\/div>\n","protected":false},"excerpt":{"rendered":"<p>La messe est au coeur de la foi chr\u00e9tienne. D&rsquo;ailleurs, comme le souligne Vatican II dans Lumen Gentium (Concile dont nous c\u00e9l\u00e9brons cette ann\u00e9e, le 50\u00e8me anniversaire), l&rsquo;Eucharistie est \u00a0\u00bb source et sommet de&#46;&#46;&#46;<\/p>\n","protected":false},"author":2,"featured_media":0,"comment_status":"open","ping_status":"open","sticky":false,"template":"","format":"standard","meta":{"footnotes":""},"categories":[],"tags":[],"class_list":["post-445","post","type-post","status-publish","format-standard","hentry"],"_links":{"self":[{"href":"http:\/\/www.chapelle-crecy.com\/index.php?rest_route=\/wp\/v2\/posts\/445","targetHints":{"allow":["GET"]}}],"collection":[{"href":"http:\/\/www.chapelle-crecy.com\/index.php?rest_route=\/wp\/v2\/posts"}],"about":[{"href":"http:\/\/www.chapelle-crecy.com\/index.php?rest_route=\/wp\/v2\/types\/post"}],"author":[{"embeddable":true,"href":"http:\/\/www.chapelle-crecy.com\/index.php?rest_route=\/wp\/v2\/users\/2"}],"replies":[{"embeddable":true,"href":"http:\/\/www.chapelle-crecy.com\/index.php?rest_route=%2Fwp%2Fv2%2Fcomments&post=445"}],"version-history":[{"count":0,"href":"http:\/\/www.chapelle-crecy.com\/index.php?rest_route=\/wp\/v2\/posts\/445\/revisions"}],"wp:attachment":[{"href":"http:\/\/www.chapelle-crecy.com\/index.php?rest_route=%2Fwp%2Fv2%2Fmedia&parent=445"}],"wp:term":[{"taxonomy":"category","embeddable":true,"href":"http:\/\/www.chapelle-crecy.com\/index.php?rest_route=%2Fwp%2Fv2%2Fcategories&post=445"},{"taxonomy":"post_tag","embeddable":true,"href":"http:\/\/www.chapelle-crecy.com\/index.php?rest_route=%2Fwp%2Fv2%2Ftags&post=445"}],"curies":[{"name":"wp","href":"https:\/\/api.w.org\/{rel}","templated":true}]}}