{"id":447,"date":"2012-02-22T08:05:59","date_gmt":"2012-02-22T08:05:59","guid":{"rendered":""},"modified":"-0001-11-30T00:00:00","modified_gmt":"-0001-11-29T22:00:00","slug":"","status":"publish","type":"post","link":"http:\/\/www.chapelle-crecy.com\/?p=447","title":{"rendered":"Aujourd&rsquo;hui mercredi- nous entrons en car\u00eame"},"content":{"rendered":"<div align=\"justify\">Qu&rsquo;est-ce que pr\u00e9cis\u00e9ment le car\u00eame, ce temps que nous offre l&rsquo;Eglise pour cheminer \u00e0\u00a0 la suite du Christ jusqu&rsquo;\u00e0\u00a0 sa crucifixion puis sa r\u00e9surrection?<br \/>\nLe Car\u00eame* dure quarante jours sans compter les dimanches. Il s&rsquo;ach\u00e8ve le Samedi Saint au soir, veille de P\u00e2ques. Cette dur\u00e9e fait r\u00e9f\u00e9rence aux quarante ann\u00e9es pass\u00e9es au d\u00e9sert par le peuple d&rsquo;Isra\u00f6l entre sa sortie d&rsquo;Egypte et son entr\u00e9e en Terre Promise, ainsi qu&rsquo;aux quarante jours pass\u00e9s par Mo\u00efse au Mont Sina\u00ef (Ex 16.35; 24,18 et 34,28). Elle renvoie aussi aux quarante jours pass\u00e9s par le Christ au d\u00e9sert (Mt 4.1-11) entre son bapt\u00eame et le d\u00e9but de sa vie publique. Ce chiffre de \u00ab\u00a0quarante\u00a0\u00bb symbolise un temps de pr\u00e9paration \u00e0\u00a0 de nouveaux commencements. C&rsquo;est le temps du \u00ab\u00a0d\u00e9sert\u00a0\u00bb. Durant le car\u00eame, \u00e0\u00a0 la messe, on ne chante ni l&rsquo;All\u00e9luia, ni le Gloria. Apr\u00e8s avoir d\u00e9fini le Car\u00eame, voyons comment et pourquoi il est important de vivre individuellement et communautairement ce temps privil\u00e9gi\u00e9&#8230;<\/div>\n<div align=\"justify\">\n \u00ab\u00a0Convertissez-vous et croyez \u00e0 la Bonne Nouvelle\u00a0\u00bb<br \/>\n C&rsquo;est ce qui nous est demand\u00e9 le Mercredi des Cendres, premier jour du Car\u00eame. C&rsquo;est donc un temps de p\u00e9nitence, mais aussi de m\u00e9ditation de la Passion du Christ et d&rsquo;attente de la R\u00e9surrection, coeur de notre foi, f\u00eat\u00e9e dans la joie de P\u00e2ques. C&rsquo;est aussi un temps privil\u00e9gi\u00e9 pour retrouver un \u00e9lan dans notre vie spirituelle. L&rsquo;Eglise nous propose trois moyens concrets pour vivre ce temps fort:<br \/>\n la pri\u00e8re,<br \/>\n le je\u00fbne,<br \/>\n le partage.<br \/>\n Ils expriment notre de d\u00e9sir de conversion de notre rapport \u00e0 Dieu, \u00e0 nous-m\u00eames et aux autres et sp\u00e9cialement aux plus d\u00e9munis de nos fr\u00e8res.<br \/>\n Pour marquer le d\u00e9but du Car\u00eame, les chr\u00e9tiens r\u00e9unis \u00e0 l&rsquo;\u00e9glise tracent sur leur front une croix marqu\u00e9e avec de la cendre. Ce geste nous vient de la tradition juive: recevoir des cendres sur la t\u00eate signifie deuil et repentance. Pour les chr\u00e9tiens, les cendres repr\u00e9sentent \u00e0 la fois notre p\u00e9ch\u00e9 et nos fragilit\u00e9s. Elles nous invitent \u00e0 bousculer nos habitudes pour prendre la route de l&rsquo;Evangile.<br \/>\n Rappelons que les cendres sont habituellement fabriqu\u00e9es en br\u00fblant les rameaux de buis de l&rsquo;ann\u00e9e pr\u00e9c\u00e9dente.<\/p>\n<p> Pourquoi est-il essentiel de pratiquer le Car\u00eame?<br \/>\n Le P\u00e8re Aim\u00e9 nous invite, nous exhorte m\u00eame, au cours de la messe du 19 f\u00e9vrier (dernier dimanche avant le temps du Car\u00eame) \u00e0 ne pas brader ce temps qui est une chance pour chacun de nous ! Il est primordial, de vivre ce temps de \u00ab\u00a0d\u00e9sert\u00a0\u00bb, vraiment en profondeur et en sinc\u00e9rit\u00e9.<br \/>\n Le je\u00fbne nous permet de nous d\u00e9barrasser du superflu. Mais de fait, le je\u00fbne, s&rsquo;il n&rsquo;est pas associ\u00e9 \u00e0 la pri\u00e8re, ne vaut rien. Il est alors r\u00e9duit \u00e0 \u00eatre une simple asc\u00e8se, un r\u00e9gime alimentaire. Car, pour je\u00fbner correctement, il faut se d\u00e9centrer de soi-m\u00eame et offrir le je\u00fbne qui pla \u00eet \u00e0 Dieu dans la pri\u00e8re. Venez je\u00fbner avec les paroissiens de Cr\u00e9cy, en prenant ensemble une soupe de car\u00eame \u00e0 la salle paroissiale de Cr\u00e9cy, le 23 mars 2012 \u00e0 partir de 19h00.<\/p>\n<div align=\"center\"><img decoding=\"async\" src=\"\/IMG\/jpg\/soupe.jpg\n\" width=300><\/div>\n<p><\/p>\n<p> La pri\u00e8re, l&rsquo;\u00e9change avec Dieu, lire la Parole, faire oraison, est tr\u00e8s importante. Dieu nous \u00e9coute, Dieu nous aime, prenons le temps en silence d&rsquo;entrer en conversation avec lui. Tous les jours nous pouvons faire cette d\u00e9marche avec l&rsquo;aide des p\u00e8res dominicains de Lille, en vous connectant sur leur d\u00e9sormais c\u00e9l\u00e8bre site:<br \/>\n[http:\/\/www.retraitedanslaville.org\/->http:\/\/www.retraitedanslaville.org\/] <\/p>\n<div align=\"center\"><img decoding=\"async\" src=\"\/IMG\/jpg\/prieres.jpg\n\" width=300><\/div>\n<p><\/p>\n<p> L&rsquo;attention aux autres, c&rsquo;est le coeur m\u00eame de la foi chr\u00e9tienne. D&rsquo;ailleurs, St Jean ne nous donne-t-il pas ce commandement: \u00ab\u00a0Que celui qui aime Dieu, aime aussi son fr\u00e8re.\u00a0\u00bb (1 Jean 4:21)? Qui est notre fr\u00e8re puisque nous sommes tous fils du m\u00eame P\u00e8re, le Seigneur Dieu?<\/p>\n<div align=\"center\"><img decoding=\"async\" src=\"\/IMG\/jpg\/aide.jpg\" width=300><\/div>\n<p><\/p>\n<div align=\"center\">*******************************<\/div>\n<p>\n Vous trouverez ci-dessous le programme du car\u00eame propos\u00e9s sur les secteur de Meaux-Centre, et en pi\u00e8ces jointes les programmes du secteur d&rsquo;Esbly et du secteur de Cr\u00e9cy<br \/>\n<body><\/p>\n<p> <big>Secteur de Meaux-Centre &#8211; Varreddes<br \/>\net Villenoy<\/big> pour le temps du Car\u00eame sous l&rsquo;\u00e9gide de <u><b>Diaconia<br \/>\n2013<\/b><br \/>\n<\/u><\/p>\n<p><u><b>Collecte de denr\u00e9es alimentaires<\/b><\/u><br \/>\nComme les ann\u00e9es pr\u00e9c\u00e9dentes, une corbeille est pr\u00e9sent\u00e9e \u00e0 l&rsquo;entr\u00e9e de<br \/>\nnos \u00e9glises, pour les personnes souhaitant offrir des denr\u00e9es<br \/>\nalimentaires.<br \/>\nCes denr\u00e9es sont donn\u00e9es \u00e0 deux associations : \u00ab\u00a0La Table ouverte\u00a0\u00bb<br \/>\n(comme les ann\u00e9es pass\u00e9es) et \u00ab\u00a0Le Relais\u00a0\u00bb (pour la 1\u00e8re fois cette<br \/>\nann\u00e9e).<br \/>\nCes deux associations proposent respectivement en alternance, chaque<br \/>\nsemaine, des repas chauds et des petits d\u00e9jeuners (cf. ci-apr\u00e8s pour le<br \/>\nRelais).<br \/>\n<i><\/i><br \/>\n<u><b>P&rsquo;tits d\u00e9j&rsquo; en car\u00eame<\/b><\/u><br \/>\n<i>L&rsquo;Ordre de Malte France organise depuis trois ans une collecte<br \/>\n\u00ab\u00a0P&rsquo;tits d\u00e9j&rsquo; en car\u00eame\u00a0\u00bb au profit des personnes sans domicile fixe ou<br \/>\nen situation de grande pr\u00e9carit\u00e9.<br \/>\nDepuis l&rsquo;an pass\u00e9, le fruit de la collecte est donn\u00e9 \u00e0 l&rsquo;association<br \/>\nmeldoise \u00ab\u00a0Le Relais\u00a0\u00bb qui pr\u00e9pare trois fois par semaine un petit<br \/>\nd\u00e9jeuner \u00ab\u00a0robuste\u00a0\u00bb.<br \/>\nCette ann\u00e9e se pr\u00e9parent d\u00e9j\u00e0 les 5\u00e8mes du coll\u00e8ge Sainte-Marie, le<br \/>\nprimaire et le coll\u00e8ge Sainte-Th\u00e9r\u00e8se de Couilly-Pont-aux-Dames,<br \/>\nl&rsquo;\u00e9cole Saint-Albert de Lizy-sur-Ourcq, le groupe de cat\u00e9chisme de<br \/>\nCouilly-Pont-aux-Dames \/ Quincy-Voisins.<\/i><\/p>\n<p>Le secteur de Meaux-Centre, les cinq dimanche matin du temps de car\u00eame,<br \/>\noffrira un petit d\u00e9jeuner suppl\u00e9mentaire, avant la messe dominicale, de<br \/>\n9h45 \u00e0 10h30.<br \/>\nPour l&rsquo;organisation, me contacter : Pascal <span class=\"il\">Billard<\/span><br \/>\n&#8211; 01 60 09 21 43 &#8211; <a href=\"mailto:billard_p@hotmail.com\"\ntarget=\"_blank\">billard_p@hotmail.com<\/a><\/p>\n<p>\n<u><b>Soupe Chaude<\/b><\/u><br \/>\nLes cinq samedi soir de car\u00eame, \u00e0 l&rsquo;issue de la messe dominicale<br \/>\nanticip\u00e9e, vers 19h30 donc, les paroissiens offriront une soupe chaude<br \/>\n\u00e0 celles et ceux qui sont dans le besoin.<\/p>\n<p><\/p>\n<p style=\"margin-bottom: 0cm;\" align=\"justify\"><u><b>Formation \u00e0 la<br \/>\nliturgie<\/b><\/u><\/p>\n<p style=\"margin-bottom: 0cm;\" align=\"justify\">Quatre soir\u00e9es de<br \/>\nformation liturgie, dans le m\u00eame esprit de ce que le secteur de<br \/>\nMeaux-Beauval avait organis\u00e9 fin 2011, \u00e0 savoir&nbsp;: <\/p>\n<ul>\n<li>\n<p style=\"margin-bottom: 0cm;\" align=\"justify\">Jeudi 8 mars&nbsp;:<br \/>\nl&rsquo;esprit de la liturgie et l&rsquo;\u00e9quipe liturgique<\/p>\n<\/li>\n<li>\n<p style=\"margin-bottom: 0cm;\" align=\"justify\">Jeudi 15 mars&nbsp;:<br \/>\nla dynamique de la c\u00e9l\u00e9bration liturgique<\/p>\n<\/li>\n<li>\n<p style=\"margin-bottom: 0cm;\" align=\"justify\">Mardi 20 mars&nbsp;:<br \/>\nla r\u00e9daction de certaines pri\u00e8res par les la\u00efcs<\/p>\n<\/li>\n<li>\n<p style=\"margin-bottom: 0cm;\" align=\"justify\">Mardi 27 mars&nbsp;:<br \/>\nle chant dans la liturgie<\/p>\n<\/li>\n<\/ul>\n<p style=\"margin-bottom: 0cm;\" align=\"justify\">Le P\u00e8re Philippe Legrand<br \/>\nnous invite tous \u00e0 participer \u00e0 la totalit\u00e9 de ces quatre<br \/>\nr\u00e9unions, et plus particuli\u00e8rement tous les acteurs en liturgie<br \/>\n(sacristie, chants, lectures, autres interventions, fleurs\u00e2\u20ac\u00a6).<\/p>\n<p style=\"margin-bottom: 0cm;\" align=\"justify\">Cette invitation<br \/>\nconcerne<br \/>\nle secteur de Meaux-centre et sera \u00e9tendue \u00e0 tous les autres<br \/>\nsecteurs du P\u00f4le.<\/p>\n<p style=\"margin-bottom: 0cm;\" align=\"justify\">Nous nous retrouverons \u00e0<br \/>\nla Salle Sainte<br \/>\nC\u00e9line de 20 h 30 \u00e0 22 h 30.<\/p>\n<p style=\"margin-bottom: 0cm;\" align=\"justify\"><u><b>NB : Conf\u00e9rence<br \/>\n\u00ab\u00a0Car\u00eame\u00a0\u00bb<\/b><\/u>\n<\/p>\n<p style=\"margin-bottom: 0cm;\" align=\"justify\">Il n&rsquo;y aura pas de<br \/>\nconf\u00e9rence \u00ab&nbsp;car\u00eame&nbsp;\u00bb, comme les ann\u00e9es pr\u00e9c\u00e9dentes,<br \/>\nau niveau du P\u00f4le.<\/p>\n<p><u><b>Pour m\u00e9moire<\/b><\/u>, les horaires du 22 f\u00e9vrier, jour des<br \/>\nCendres : 9 h Vieux<br \/>\nChapitre, 18 h 30 St Nicolas, 20 h 30 Notre Dame du March\u00e9.<br \/>\n<\/p>\n<p> Pri\u00e8re universelle du Mercredi des Cendres \u00e0 Cr\u00e9cy, ce 22 f\u00e9vrier 2012 <br \/>\n L&rsquo;aum\u00f4ne, la charit\u00e9, est une dimension authentique de la vie chr\u00e9tienne. Pour que les plus pauvres se sentent accueillis; ensemble, prions.<br \/>\n La pri\u00e8re est efficace et f\u00e9conde, relation avec Dieu et nos fr\u00e8res. Pour les plus isol\u00e9s, les oubli\u00e9s de tous; ensemble, prions.<br \/>\n Le je\u00fbne renouvelle nos liens avec Dieu. Pour que ce car\u00eame offre \u00e0 tous le bonheur de se savoir aim\u00e9s; ensemble, prions.<br \/>\n En ce soir d&rsquo;entr\u00e9e en Car\u00eame qui nous conduit \u00e0 la nuit de P\u00e2ques, nous te prions pour tous les membres de notre communaut\u00e9 paroissiale, qu&rsquo;ensemble, nous ayons ainsi l&rsquo;occasion de vivre un v\u00e9ritable temps de conversion qui nous permette de retrouver la vraie joie.<br \/>\n Sois aux c\u00f4t\u00e9s, Seigneur J\u00e9sus, de tous ceux qui d\u00e9sirent marcher avec Toi sur le chemin de P\u00e2ques. Nous t&rsquo;en prions, Toi qui vis et r\u00e8gnes avec le P\u00e8re, dans l&rsquo;unit\u00e9 de l&rsquo;Esprit Saint pour les si\u00e8cles des si\u00e8cles.<\/p>\n<div align=\"left\">(*du latin quadragesima dies, le quaranti\u00e8me jour)\n<\/div>\n<\/div>\n<p><\/p>\n","protected":false},"excerpt":{"rendered":"<p>Qu&rsquo;est-ce que pr\u00e9cis\u00e9ment le car\u00eame, ce temps que nous offre l&rsquo;Eglise pour cheminer \u00e0\u00a0 la suite du Christ jusqu&rsquo;\u00e0\u00a0 sa crucifixion puis sa r\u00e9surrection? Le Car\u00eame* dure quarante jours sans compter les dimanches. Il&#46;&#46;&#46;<\/p>\n","protected":false},"author":2,"featured_media":0,"comment_status":"open","ping_status":"open","sticky":false,"template":"","format":"standard","meta":{"footnotes":""},"categories":[],"tags":[],"class_list":["post-447","post","type-post","status-publish","format-standard","hentry"],"_links":{"self":[{"href":"http:\/\/www.chapelle-crecy.com\/index.php?rest_route=\/wp\/v2\/posts\/447","targetHints":{"allow":["GET"]}}],"collection":[{"href":"http:\/\/www.chapelle-crecy.com\/index.php?rest_route=\/wp\/v2\/posts"}],"about":[{"href":"http:\/\/www.chapelle-crecy.com\/index.php?rest_route=\/wp\/v2\/types\/post"}],"author":[{"embeddable":true,"href":"http:\/\/www.chapelle-crecy.com\/index.php?rest_route=\/wp\/v2\/users\/2"}],"replies":[{"embeddable":true,"href":"http:\/\/www.chapelle-crecy.com\/index.php?rest_route=%2Fwp%2Fv2%2Fcomments&post=447"}],"version-history":[{"count":0,"href":"http:\/\/www.chapelle-crecy.com\/index.php?rest_route=\/wp\/v2\/posts\/447\/revisions"}],"wp:attachment":[{"href":"http:\/\/www.chapelle-crecy.com\/index.php?rest_route=%2Fwp%2Fv2%2Fmedia&parent=447"}],"wp:term":[{"taxonomy":"category","embeddable":true,"href":"http:\/\/www.chapelle-crecy.com\/index.php?rest_route=%2Fwp%2Fv2%2Fcategories&post=447"},{"taxonomy":"post_tag","embeddable":true,"href":"http:\/\/www.chapelle-crecy.com\/index.php?rest_route=%2Fwp%2Fv2%2Ftags&post=447"}],"curies":[{"name":"wp","href":"https:\/\/api.w.org\/{rel}","templated":true}]}}