{"id":448,"date":"2012-03-10T23:04:55","date_gmt":"2012-03-10T23:04:55","guid":{"rendered":""},"modified":"-0001-11-30T00:00:00","modified_gmt":"-0001-11-29T22:00:00","slug":"","status":"publish","type":"post","link":"http:\/\/www.chapelle-crecy.com\/?p=448","title":{"rendered":"La soir\u00e9e de l&rsquo;amiti\u00e9 2012"},"content":{"rendered":"<div align=\"justify\">Le 11 f\u00e9vrier 2012 avait lieu le repas de l&rsquo;amiti\u00e9. Pr\u00e8s de 60 personnes se sont retrouv\u00e9es \u00e0\u00a0 l&rsquo;\u00e9cole Sainte-Th\u00e9r\u00e8se de Couilly dans une ambiance conviviale. Ce fut le partage d&rsquo;un repas frugal autour d&rsquo;une choucroute, mais aussi un moment tr\u00e8s anim\u00e9 gr ce \u00e0\u00a0 de nombreux talents. <\/div>\n<div align=\"center\"><img decoding=\"async\" src=\"\/IMG\/jpg\/DSC_7672.jpg\" width=500\"><\/div>\n<div align=\"center\"><img decoding=\"async\" src=\"\/IMG\/jpg\/DSC_7676.jpg\" width=500\"><\/div>\n<p>On trinque tous ensemble pour d\u00e9buter la soir\u00e9e.<\/p>\n<div align=\"center\"><img decoding=\"async\" src=\"\/IMG\/jpg\/DSC_7677.jpg\" width=500\"><\/div>\n<p> <\/p>\n<div align=\"center\"><img decoding=\"async\" src=\"\/IMG\/jpg\/DSC_7684.jpg\" width=500\"><\/div>\n<p> A peine l&rsquo;ap\u00e9ritif termin\u00e9 que les premi\u00e8res animations commencent gr\u00e2ce \u00e0 Thierry et Laurence <\/p>\n<div align=\"center\"><img decoding=\"async\" src=\"\/IMG\/jpg\/DSC_7695.jpg\" width=500\"><\/div>\n<p>Le P\u00e8re Legrand toujours tr\u00e8s passionn\u00e9 et passionnant<\/p>\n<div align=\"center\"><img decoding=\"async\" src=\"\/IMG\/jpg\/DSC_7700.jpg\" width=500\"><\/div>\n<p>Une conteuse spontan\u00e9e venue participer \u00e0 l&rsquo;animation. Bravo !<\/p>\n<div align=\"center\"><img decoding=\"async\" src=\"\/IMG\/jpg\/DSC_7703.jpg\" width=500\"><\/div>\n<p>Le bonheur se lit sur les visages<\/p>\n<div align=\"center\"><img decoding=\"async\" src=\"\/IMG\/jpg\/DSC_7704.jpg\" width=500\"><\/div>\n<p>Une sc\u00e8ne qui restera dans les annales &#8230; <\/p>\n<div align=\"center\"><img decoding=\"async\" src=\"\/IMG\/jpg\/DSC_7712.jpg\" width=500\"><\/div>\n<p>Un agenda tr\u00e8s charg\u00e9<\/p>\n<div align=\"center\"><img decoding=\"async\" src=\"\/IMG\/jpg\/DSC_7716.jpg\" width=500\"><\/div>\n<div align=\"center\"><img decoding=\"async\" src=\"\/IMG\/jpg\/DSC_7718.jpg\" width=500\"><\/div>\n<p>L&rsquo;assistance se d\u00e9lecte<\/p>\n<div align=\"center\"><img decoding=\"async\" src=\"\/IMG\/jpg\/DSC_7732.jpg\" width=500\"><\/div>\n<p>Miss Cr\u00e9cy est m\u00eame de passage ce soir<\/p>\n<div align=\"center\"><img decoding=\"async\" src=\"\/IMG\/jpg\/DSC_7737.jpg\" width=500\"><\/div>\n<div align=\"center\"><img decoding=\"async\" src=\"\/IMG\/jpg\/DSC_7750.jpg\" width=500\"><\/div>\n<p>Un jeu qui soul\u00e8ve l&rsquo;hilarit\u00e9 de ses participants et du public<\/p>\n<div align=\"center\"><img decoding=\"async\" src=\"\/IMG\/jpg\/DSC_7756.jpg\" width=500\"><\/div>\n<p>M Dedieu nous en conte une bien bonne<\/p>\n<div align=\"center\"><img decoding=\"async\" src=\"\/IMG\/jpg\/DSC_7763.jpg\" width=500\"><\/div>\n<p>Tirage au sort de la tombola<\/p>\n<div align=\"center\"><img decoding=\"async\" src=\"\/IMG\/jpg\/DSC_7723.jpg\" width=500\"><\/div>\n<p>Il est temps de ranger &#8230;<\/p>\n","protected":false},"excerpt":{"rendered":"<p>Le 11 f\u00e9vrier 2012 avait lieu le repas de l&rsquo;amiti\u00e9. Pr\u00e8s de 60 personnes se sont retrouv\u00e9es \u00e0\u00a0 l&rsquo;\u00e9cole Sainte-Th\u00e9r\u00e8se de Couilly dans une ambiance conviviale. Ce fut le partage d&rsquo;un repas frugal autour&#46;&#46;&#46;<\/p>\n","protected":false},"author":2,"featured_media":0,"comment_status":"open","ping_status":"open","sticky":false,"template":"","format":"standard","meta":{"footnotes":""},"categories":[],"tags":[],"class_list":["post-448","post","type-post","status-publish","format-standard","hentry"],"_links":{"self":[{"href":"http:\/\/www.chapelle-crecy.com\/index.php?rest_route=\/wp\/v2\/posts\/448","targetHints":{"allow":["GET"]}}],"collection":[{"href":"http:\/\/www.chapelle-crecy.com\/index.php?rest_route=\/wp\/v2\/posts"}],"about":[{"href":"http:\/\/www.chapelle-crecy.com\/index.php?rest_route=\/wp\/v2\/types\/post"}],"author":[{"embeddable":true,"href":"http:\/\/www.chapelle-crecy.com\/index.php?rest_route=\/wp\/v2\/users\/2"}],"replies":[{"embeddable":true,"href":"http:\/\/www.chapelle-crecy.com\/index.php?rest_route=%2Fwp%2Fv2%2Fcomments&post=448"}],"version-history":[{"count":0,"href":"http:\/\/www.chapelle-crecy.com\/index.php?rest_route=\/wp\/v2\/posts\/448\/revisions"}],"wp:attachment":[{"href":"http:\/\/www.chapelle-crecy.com\/index.php?rest_route=%2Fwp%2Fv2%2Fmedia&parent=448"}],"wp:term":[{"taxonomy":"category","embeddable":true,"href":"http:\/\/www.chapelle-crecy.com\/index.php?rest_route=%2Fwp%2Fv2%2Fcategories&post=448"},{"taxonomy":"post_tag","embeddable":true,"href":"http:\/\/www.chapelle-crecy.com\/index.php?rest_route=%2Fwp%2Fv2%2Ftags&post=448"}],"curies":[{"name":"wp","href":"https:\/\/api.w.org\/{rel}","templated":true}]}}