{"id":451,"date":"2012-02-29T23:23:39","date_gmt":"2012-02-29T23:23:39","guid":{"rendered":""},"modified":"-0001-11-30T00:00:00","modified_gmt":"-0001-11-29T22:00:00","slug":"","status":"publish","type":"post","link":"http:\/\/www.chapelle-crecy.com\/?p=451","title":{"rendered":"D\u00e9c\u00e8s du P\u00e8re Lallemant"},"content":{"rendered":"<div align=\"justify\">Nous apprenons aujourd&rsquo;hui le d\u00e9c\u00e8s du P\u00e8re Lallemant. La messe du KT dimanche sera c\u00e9l\u00e9br\u00e9e le 11 mars \u00e0\u00a0 Cr\u00e9cy \u00e0\u00a0 10h30 \u00e0\u00a0 son intention. Il avait \u00e9t\u00e9 un cur\u00e9 tr\u00e8s appr\u00e9ci\u00e9 dans notre paroisse du secteur de Cr\u00e9cy-la-Chapelle o\u00f9 il avait offici\u00e9 pendant 18 ans, de 1976 \u00e0\u00a0 1994. Originaire de Lagny, par de nombreuses initiatives, il avait remarquablement accompagn\u00e9 les jeunes de l&rsquo;\u00e9poque. Il a laiss\u00e9 de tr\u00e8s bons souvenirs \u00e0\u00a0 de nombreux paroissiens comme le rappellent pour nous St\u00e9phane et Lucien Gorret dans la suite de l&rsquo;article&#8230;<\/div>\n<div align=\"justify\">\n Son apostolat en Brie<br \/>\nIl a \u00e9t\u00e9 ordonn\u00e9 en juin 1944 et nomm\u00e9 d&rsquo;abord vicaire \u00e0 la Fert\u00e9-sous-Jouarre et ensuite cur\u00e9 de Saacy-sur-Marne. En 1976, il dessert \u00e0 Cr\u00e9cy-la-Chapelle, la paroisse des 3 Clochers jusqu&rsquo;en 1994, pendant dix-huit ann\u00e9es. En retraite active, il a assur\u00e9 comme pr\u00eatre retir\u00e9, un service d&rsquo;aide \u00e0 la paroisse de Montereau et l&rsquo;aum\u00f4nerie du groupe de pri\u00e8res du Rosaire. Depuis 2009, le p\u00e8re Bernard Lallemant avait<br \/>\nrejoint la r\u00e9sidence des Noues o\u00f9 il \u00e9tait mieux entour\u00e9<br \/>\net pouvait se reposer.<br \/>\n Son fleuron : la colonie de Lamoura*<br \/>\n Les \u00e2\u20ac\u0153anciens jeunes\u00e2\u20ac\u009d, qui ont b\u00e9n\u00e9fici\u00e9 \u00e0 l&rsquo;\u00e9poque de sa formidable<br \/>\ncolonie de vacances de Lamoura comme colons ou comme moniteurs, ont gard\u00e9 de bons souvenirs. Ils remercient le p\u00e8re Lallemant de son investissement pour eux, ados et jeunes du secteur. Il leur a permis de passer des vacances ressour\u00e7antes dans le Jura et de s&rsquo;\u00e9panouir dans une formidable ambiance familiale et spirituelle.<br \/>\n Les paroissiens du secteur se rappellent\u00e2\u20ac\u00a6<br \/>\n Notre site paroissial se fait l&rsquo;interpr\u00e8te de tous ses anciens paroissiens pour lui dire leurs sentiments d&rsquo;affection, leur amiti\u00e9 et aussi leurs remerciements pour son long apostolat comme cur\u00e9 de Cr\u00e9cy  Villiers  Voulangis.<br \/>\n<br \/>\nLucien et St\u00e9phane Gorret<\/p>\n<div align=\"center\"><img decoding=\"async\" src=\"\/IMG\/jpg\/lucien-bernard.jpg\" width=300><\/div>\n<p>Nous reproduisons ici un interview qui \u00e9tait paru dans l&rsquo;Echo de la Vall\u00e9e n\u00c2\u00b0250 \u00e0 l&rsquo;occasion du jubil\u00e9 des 65 ans de sacerdoce du P\u00e8re Lallemant. Olivier Cochet qui \u00e9tait interrog\u00e9 par St\u00e9phane et Lucien Gorret, revient sur l&rsquo;histoire de la colonie de vacances de Lamoura.<br \/>\n<br \/>\n*Le Centre de Vacances N.D d&rsquo;Esp\u00e9rance. Une passion de L&rsquo;Abb\u00e9 Lallemant au service des enfants.<\/p>\n<p>Il y a tout juste 60 ans, le p\u00e8re Bernard Lallemant cr\u00e9ait la colonie de vacances de Lamoura, dans le Jura. Olivier Cochet, qui en fut colon, moniteur puis directeur nous en retrace l&rsquo;histoire.<\/p>\n<p> L&rsquo;\u00e9cho : Olivier, comment ce projet de colonie de vacances a-t-il vu le jour ?<\/p>\n<p><\/p>\n<div align=\"center\"><img decoding=\"async\" src=\"\/IMG\/jpg\/Lamoura_1949a.jpg\" width=300><\/div>\n<p> <br \/>\nOC : Nous sommes en 1949 : l&rsquo;abb\u00e9 Lallemant, alors jeune vicaire \u00e0 La Fert\u00e9 sous Jouarre, s&rsquo;associe avec l&rsquo;abb\u00e9 Masson et Mr R\u00e9mi. Ils investissent 5000 francs de l&rsquo;\u00e9poque dans une ferme jurassienne situ\u00e9e tout pr\u00e8s du village de Lamoura. La Soci\u00e9t\u00e9 Civile Immobili\u00e8re de Tr\u00e9chaumont \u00e9tait n\u00e9e, elle a soixante ans aujourd&rsquo;hui. En parall\u00e8le, l&rsquo;abb\u00e9 Lallemant cr\u00e9e L&rsquo;Oeuvre d&rsquo;Education Populaire Fertoise, une association \u00ab loi de 1901 \u00bb qui, avait pour mission d&rsquo;organiser les colonies de vacances.<\/p>\n<p>L&rsquo;\u00e9cho : les enfants ont-ils pu profiter des lieux d\u00e8s l&rsquo;\u00e9t\u00e9 1949 ?<\/p>\n<p>OC : Oui : en Ao\u00fbt 1949, les premiers petits Seine-et-Marnais d\u00e9couvrent ce magnifique coin du Jura. Les conditions d&rsquo;h\u00e9bergement \u00e9taient loin des standards que l&rsquo;on exige de nos jours. Pour autant, les enfants n&rsquo;en \u00e9taient pas moins heureux ! Et pendant des ann\u00e9es, les s\u00e9jours vont se succ\u00e9der, alternant entre la p\u00e9riode estivale et les frimas de l&rsquo;hiver jurassien. De nombreux enfants d&rsquo;origine tr\u00e8s modeste ont pu \u00e9galement y \u00eatre accueillis. Les \u00ab Jolies colonies de vacances \u00bb, chant\u00e9es par Pierre Perret, trouveront leur age d&rsquo;or entre 1955 et 1985. Et c&rsquo;\u00e9tait vrai pour notre centre de vacances aussi !<\/p>\n<p>L&rsquo;\u00e9cho : la colonie que nous avons connu ne ressemble plus \u00e0 la ferme achet\u00e9e au d\u00e9part. Comment les transformations se sont-elles op\u00e9r\u00e9es ?<\/p>\n<p>OC : La ferme d&rsquo;origine subira rapidement de nombreuses modifications et agrandissements. La chapelle sera la premi\u00e8re extension, avec un dortoir \u00e0 l&rsquo;\u00e9tage, avant de voir la fa\u00e7ade ouest agrandie d&rsquo;une salle de jeu, de sanitaires et quatre dortoirs tout neufs. Le terrain autour du b\u00e2timent n&rsquo;\u00e9tait pas tr\u00e8s grand, mais bien vite, les pr\u00e9s des paysans voisins, une fois fauch\u00e9s, et la for\u00eat qui s&rsquo;\u00e9tend \u00e0 perte de vue, se sont r\u00e9v\u00e9l\u00e9s \u00eatre de fabuleux terrains de jeux !<\/p>\n<p>L&rsquo;\u00e9cho : De nombreux b\u00e9n\u00e9voles interviendront dans ces ann\u00e9es fastes pour seconder l&rsquo;Abb\u00e9 Lallemant. Pouvez-vous nous en parler ?<\/p>\n<p>OC : l&rsquo;abb\u00e9 Lallemant, infatigable p\u00e8lerin \u00e0 la cause de son oeuvre, r\u00e9ussit par sa gentillesse et son sens relationnel \u00e0 f\u00e9d\u00e9rer une solide \u00e9quipe \u00e0 ses c\u00f4t\u00e9s. Certaines figures auront marqu\u00e9 l&rsquo;histoire du centre. M. et Mme Cochet, mes grands parents, voisins de Sa\u00e2cy sur Marne, apporteront pendant des ann\u00e9es leur concours au bon d\u00e9roulement des s\u00e9jours. Plus tard, lorsque l&rsquo;Abb\u00e9 Lallemant aura rejoint Cr\u00e9cy, d&rsquo;autres paroissiens seront des fid\u00e8les de la colonie. Ainsi, M. et Mme Louis, Mme Coup\u00e9, Mme Vall\u00e9e, pour ne citer que ces quelques noms, seront de pr\u00e9cieux amis b\u00e9n\u00e9voles.<\/p>\n<p>L&rsquo;\u00e9cho : comment s&rsquo;organisaient les activit\u00e9s des enfants, comment \u00e9taient-ils encadr\u00e9s ?<br \/>\n<\/p>\n<div align=\"center\"><img decoding=\"async\" src=\"\/IMG\/jpg\/Lamoura_1949b.jpg\" width=400><\/div>\n<p>OC : Dans les premiers temps, filles et gar\u00e7ons se r\u00e9partissaient respectivement en juillet et en ao\u00fbt. Il faudra attendre la fin des ann\u00e9es soixante-dix pour que la mixit\u00e9 soit compl\u00e8tement adopt\u00e9e. En ces ann\u00e9es, les activit\u00e9s \u00e9taient moins sophistiqu\u00e9es que de nos jours. Pas de console vid\u00e9o, pas d&rsquo;ordinateurs, pas de t\u00e9l\u00e9. Les jeux ext\u00e9rieurs dans les combes jurassiennes suffisaient largement \u00e0 \u00e9panouir petits, moyens et grands. Une \u00e9quipe d&rsquo;une douzaine de moniteurs encadrait les enfants, r\u00e9partis selon les \u00e2ges : \u00ab petits \u00bb \u00ab moyens \u00bb et \u00ab grands \u00bb. Au programme des s\u00e9jours : balades d\u00e9couverte de la nature, randonn\u00e9es \u00e0 pieds ou en v\u00e9lo, grands jeux, camping, piscine, dessins, pyrogravure, bricolage, chants (accompagn\u00e9s par nos guitares !), veill\u00e9es, visites de mus\u00e9es r\u00e9gionaux (tailleurs de diamants), excursion en Suisse\u00e2\u20ac\u00a6 Sans oublier les f\u00eates incontournables du 15 ao\u00fbt et de la Saint Bernard : messe, repas festif, jeux, grande veill\u00e9e spectacle\u00e2\u20ac\u00a6<\/p>\n<div align=\"center\"><img decoding=\"async\" src=\"\/IMG\/jpg\/Lamoura_1949c.jpg\" width=300><\/div>\n<p>\nTous les anciens animateurs vous le diront : un s\u00e9jour de trois semaines \u00e0 Lamoura ne laissait pas indiff\u00e9rent. Ils anticipaient d\u00e9j\u00e0 la l\u00e9gislation actuelle : 35 heures \u00e2\u20ac\u00a6en 2 jours\u00e2\u20ac\u00a6 Le rythme \u00e9tait dingue. Entre les pr\u00e9parations des activit\u00e9s, des jeux et des veill\u00e9es se tissaient les liens \u00e9troits d&rsquo;une \u00e9quipe d&rsquo;animation.<\/p>\n<p>L&rsquo;\u00e9cho : Ce magnifique projet du p\u00e8re Bernard Lallemant a ainsi pu voir le jour et se d\u00e9velopper pour le plus grand bonheur des enfants. Le site a cependant du \u00eatre ferm\u00e9 aux colonies, \u00e0 notre grand regret \u00e0 tous. Racontez-nous.<br \/>\n<\/p>\n<div align=\"center\"><img decoding=\"async\" src=\"\/IMG\/jpg\/Labbe-Cane.jpg\n\" width=300><\/div>\n<p>OC : Alors que le b\u00e2timent n&rsquo;avait fait que s&rsquo;am\u00e9liorer au cours des ann\u00e9es, la l\u00e9gislation relative aux centres de vacances devenait intransigeante. De modifications en modifications, c&rsquo;\u00e9tait la course en avant pour maintenir aux normes une b\u00e2tisse d&rsquo;un \u00e2ge respectable. En ao\u00fbt 1996 eut lieu le dernier s\u00e9jour de vacances avec les enfants. Les r\u00e8gles de s\u00e9curit\u00e9 avaient interdit aux enfants l&rsquo;h\u00e9bergement dans le b\u00e2timent, mais permettaient qu&rsquo;ils dorment dehors sous tente\u00e2\u20ac\u00a6<\/p>\n<p>Lucien et St\u00e9phane Gorret<\/p>\n<p>NB : Christel et St\u00e9phane Gorret, anciens colons et animateurs, ont eu la grande joie de d\u00e9couvrir, il y a quelques temps, que le site avait \u00e9t\u00e9 achet\u00e9 par un couple d&rsquo;amis de l&rsquo;Ain, tr\u00e8s investi dans l&rsquo;Eglise, qui compte en faire un lieu d&rsquo;accueil !<br \/>\n<\/p>\n<div align=\"center\"><img decoding=\"async\" src=\"\/IMG\/jpg\/lamoura-fin.jpg\" width=300><\/div>\n<div align=\"center\">La colonie de Lamoura juste avant sa fermeture d\u00e9finitive<\/div>\n<p>Le p\u00e8re Lallemant, \u00e0 l&rsquo;\u00e2ge de 92 ans, cur\u00e9 et chanoine honoraire du dioc\u00e8se de Meaux, avait f\u00eat\u00e9 ses 65 ans de sacerdoce au cours d&rsquo;une messe \u00e0 la coll\u00e9giale Notre-Dame de Montereau, le 7 juin 2009.<br \/>\n<\/p>\n<div align=\"center\"><img decoding=\"async\" src=\"\/IMG\/jpg\/Lallemant-Lourdes.jpg\" width=300><\/div>\n<div align=\"center\">Le P\u00e8re Lallemant en p\u00e8lerinage \u00e0 Lourdes en juillet 2009<\/div>\n<\/div>\n","protected":false},"excerpt":{"rendered":"<p>Nous apprenons aujourd&rsquo;hui le d\u00e9c\u00e8s du P\u00e8re Lallemant. La messe du KT dimanche sera c\u00e9l\u00e9br\u00e9e le 11 mars \u00e0\u00a0 Cr\u00e9cy \u00e0\u00a0 10h30 \u00e0\u00a0 son intention. Il avait \u00e9t\u00e9 un cur\u00e9 tr\u00e8s appr\u00e9ci\u00e9 dans notre&#46;&#46;&#46;<\/p>\n","protected":false},"author":2,"featured_media":0,"comment_status":"open","ping_status":"open","sticky":false,"template":"","format":"standard","meta":{"footnotes":""},"categories":[],"tags":[],"class_list":["post-451","post","type-post","status-publish","format-standard","hentry"],"_links":{"self":[{"href":"http:\/\/www.chapelle-crecy.com\/index.php?rest_route=\/wp\/v2\/posts\/451","targetHints":{"allow":["GET"]}}],"collection":[{"href":"http:\/\/www.chapelle-crecy.com\/index.php?rest_route=\/wp\/v2\/posts"}],"about":[{"href":"http:\/\/www.chapelle-crecy.com\/index.php?rest_route=\/wp\/v2\/types\/post"}],"author":[{"embeddable":true,"href":"http:\/\/www.chapelle-crecy.com\/index.php?rest_route=\/wp\/v2\/users\/2"}],"replies":[{"embeddable":true,"href":"http:\/\/www.chapelle-crecy.com\/index.php?rest_route=%2Fwp%2Fv2%2Fcomments&post=451"}],"version-history":[{"count":0,"href":"http:\/\/www.chapelle-crecy.com\/index.php?rest_route=\/wp\/v2\/posts\/451\/revisions"}],"wp:attachment":[{"href":"http:\/\/www.chapelle-crecy.com\/index.php?rest_route=%2Fwp%2Fv2%2Fmedia&parent=451"}],"wp:term":[{"taxonomy":"category","embeddable":true,"href":"http:\/\/www.chapelle-crecy.com\/index.php?rest_route=%2Fwp%2Fv2%2Fcategories&post=451"},{"taxonomy":"post_tag","embeddable":true,"href":"http:\/\/www.chapelle-crecy.com\/index.php?rest_route=%2Fwp%2Fv2%2Ftags&post=451"}],"curies":[{"name":"wp","href":"https:\/\/api.w.org\/{rel}","templated":true}]}}