{"id":453,"date":"2012-03-04T12:31:27","date_gmt":"2012-03-04T12:31:27","guid":{"rendered":""},"modified":"-0001-11-30T00:00:00","modified_gmt":"-0001-11-29T22:00:00","slug":"","status":"publish","type":"post","link":"http:\/\/www.chapelle-crecy.com\/?p=453","title":{"rendered":"Lucien Guillaume nous a quitt\u00e9s le 24 f\u00e9vrier"},"content":{"rendered":"<div align=\"justify\">M. Lucien GUILLAUME, ancien Pr\u00e9sident et Pr\u00e9sident Honoraire de l&rsquo;Hospitalit\u00e9 Dioc\u00e9saine de Meaux, s&rsquo;est \u00e9teint dans la nuit de jeudi \u00e0\u00a0 vendredi 24 f\u00e9vrier 2012. Ses obs\u00e8ques ont eu lieu le jeudi 1er mars 2012, \u00e0\u00a0 14 h 30, en l&rsquo;\u00e9glise Notre\u0090Dame\u0090des\u0090Ardents, \u00e0\u00a0 Lagny\u0090sur\u0090Marne, dans une abbatiale archi-comble. Pour lui qui, par son charisme, a marqu\u00e9 tr\u00e8s fort l&rsquo;Hospitalit\u00e9 dioc\u00e9saine de Meaux, nous unissons nos pri\u00e8res pour le repos de son  me. Nous prions \u00e9galement pour son \u00e9pouse Mathilde, leurs enfants et petits\u0090enfants. Amoureux qu&rsquo;il \u00e9tait de la Cit\u00e9 Mariale et dont il aimait tant parler, nous avons retrouv\u00e9 dans nos archives un t\u00e9moignage qu&rsquo;il \u00e9crivait, il y a \u00e0\u00a0 peine un an. Souvenons-nous&#8230;<\/div>\n<div align=\"justify\">\n T\u00e9moignage de Lucien Guillaume \u00e9crit de sa main le 20 f\u00e9vrier 2011<\/p>\n<p> \u00ab\u00a0Aujourd&rsquo;hui, dimanche 20 f\u00e9vrier 2011, Matthieu nous interpelle entre autre sur la vengeance et le pardon.<br \/>\nLa Loi du talion, oeil pour oeil, dent pour dent, est toujours d&rsquo;actualit\u00e9. Elle est toujours officiellement  de mise dans de trop nombreux pays et,  chez nous, elle est encore pratiqu\u00e9e dans tous les domaines \u00e0 tous les \u00e2ges m\u00eame chez les plus jeunes.  Nous  voulons nous faire justice nous-m\u00eames et \u00e9tudions judicieusement les repr\u00e9sailles. On ne peut pas laisser passer cette offense sans r\u00e9agir ; on pourrait nous taxer de l\u00e2chet\u00e9 et d&rsquo;injustice.<\/p>\n<p> Sur la montagne, le Christ harangue ses disciples et leur expose la fa\u00e7on de vivre son pardon : tendre l&rsquo;autre joue, donner son manteau, marcher deux mille, \u00eatre pr\u00eat \u00e0 pr\u00eater son argent. Evidemment, tout comme nous, les disciples sont pour le moins fort surpris. Ils le seront davantage encore lorsque, sur la croix, le Seigneur martyris\u00e9 demandera \u00e0 son P\u00e8re de pardonner \u00e0 ses bourreaux qui ne savaient pas ce qu&rsquo;ils faisaient.<\/p>\n<p> Cette apologie du pardon est difficile \u00e0 mettre en pratique car, au fond de notre coeur, nous sommes un peu choqu\u00e9s et pourtant chaque jour, nous demandons au P\u00e8re de \u00ab nous pardonner nos offenses comme nous pardonnons \u00e0 ceux qui nous ont offens\u00e9s \u00bb.<br \/>\nPour en  avoir \u00e9t\u00e9 t\u00e9moin il y a 2 ans \u00e0 Lourdes, je voudrais vous livrer ce t\u00e9moignage. Nous avions emmen\u00e9 un malade qui \u00e9tait en fauteuil roulant par suite d&rsquo;une erreur de son chirurgien. Il nous contait ses d\u00e9m\u00eal\u00e9s avec la justice pour obtenir une compensation financi\u00e8re qui, \u00e0 ses yeux, justifiait sa col\u00e8re  \u00e0 l&rsquo;encontre du praticien. Quel ne fut pas notre \u00e9tonnement et notre joie quand l&rsquo;avant dernier jour de son p\u00e8lerinage, il nous annon\u00e7a qu&rsquo;il allait  pardonner \u00e0 son chirurgien et arr\u00eater la proc\u00e9dure engag\u00e9e \u00e0 son encontre. C&rsquo;est l\u00e0 un miracle de Lourdes, non pas la gu\u00e9rison du corps mais celle de l&rsquo;\u00e2me dans la voie de la Sagesse. Nous nous sommes pos\u00e9 la question : Aurions-nous la force et  le courage d&rsquo;en faire autant si nous \u00e9tions concern\u00e9s ?<br \/>\nCe fait remarquable n&rsquo;est pas un \u00e9v\u00e8nement isol\u00e9 \u00e0 Lourdes. C&rsquo;est ce qui explique, entre autres, la pr\u00e9sence inhabituelle des malades dans un lieu de p\u00e8lerinage et pour les croyants et les incroyants ; Lourdes, c&rsquo;est souvent l&rsquo;image de ses malades qui est l&rsquo;objet de  leurs commentaires.<\/p>\n<p> Tous les visiteurs n&rsquo;ont pas l&rsquo;occasion, si l&rsquo;on peut dire, de rencontrer un tel nombre de personnes en fauteuils roulants, voitures bleues et brancards au milieu de la foule : pr\u00e8s de 2000 sur l&rsquo;Esplanade devant la Basilique du Rosaire ou pr\u00e9sents dans les processions, notamment celle \u00e0 la lumi\u00e8re, le soir.<\/p>\n<div align=\"center\"><img decoding=\"async\" src=\"\/IMG\/jpg\/depart_en_procession.jpg\" width=500><\/div>\n<p> <br \/>\n Lors de son p\u00e8lerinage \u00e0 Lourdes, \u00e0 l&rsquo;occasion du 150\u00e8me anniversaire des apparitions, le Pape Jean-Paul II fut fortement impressionn\u00e9 par la pr\u00e9sence tr\u00e8s nombreuse et la place importante tenue par les p\u00e8lerins malades et handicap\u00e9s. Il y \u00e9tait d\u00e9j\u00e0 venu avant d&rsquo;entrer dans son pontificat, mais sa place de chef de l&rsquo;Eglise lui avait donn\u00e9 un nouvel \u00e9clairage sur ce que je qualifierai de \u00ab ph\u00e9nom\u00e8ne des malades \u00bb devant la Grotte de Massabielle.<\/p>\n<p> Aussi le Saint P\u00e8re a-t-il d\u00e9cid\u00e9 d&rsquo;associer tous ces malades de Lourdes \u00e0 ceux du monde entier en instituant une journ\u00e9e mondiale des malades le 11 F\u00e9vrier de chaque ann\u00e9e.<br \/>\n Le choix de cette date se justifie pleinement puisque c&rsquo;est l&rsquo;anniversaire de la premi\u00e8re apparition de la Vierge Marie \u00e0 Bernadette. Marie, que nous prions chaque jour, est l&rsquo;avocate privil\u00e9gi\u00e9e du malade aupr\u00e8s du Seigneur, l&rsquo;eau purificatrice est pr\u00e9sente \u00e0 la source miraculeuse et Bernadette a \u00e9t\u00e9 la premi\u00e8re p\u00e8lerine malade \u00e0 Lourdes.<br \/>\nIl est curieux mais normal que le malade soit le premier remarqu\u00e9 mais en second plan apparaissent  ses accompagnateurs, les hospitaliers et hospitali\u00e8res. Ils ont pour mission d&rsquo;accompagner et d&rsquo;assister le malade de son domicile jusqu&rsquo;\u00e0 la Grotte pour y poser  leur fardeau, souvent trop lourd, de toutes leurs vicissitudes morales et physiques.<\/p>\n<div align=\"center\"><img decoding=\"async\" src=\"\/IMG\/jpg\/arrosage.jpg\" width=500><\/div>\n<p> <\/p>\n<p> A Meaux, la moyenne d&rsquo;\u00e2ge des hospitaliers est assez \u00e9lev\u00e9e et la rel\u00e8ve est urgente. Notre centaine de malades a besoin de vos bras, de vos jambes, de vos yeux et surtout de votre \u00e9coute, car beaucoup sont isol\u00e9s physiquement et moralement. Pour \u00eatre hospitalier ou hospitali\u00e8re, il n&rsquo;est pas n\u00e9cessaire d&rsquo;avoir des connaissances m\u00e9dicales  d\u00e9velopp\u00e9es. Il faut surtout laisser parler son coeur en \u00e9tant \u00e0 l&rsquo;\u00e9coute du handicap\u00e9 et vous d\u00e9couvrirez en le mettant en pratique ce qu&rsquo;est l&rsquo;amour du prochain. Vous aurez \u00ab r\u00e9ussi \u00bb votre p\u00e8lerinage lorsque vous entendrez un malade vous dire : \u00ab Je suis venu ici pour \u00eatre gu\u00e9ri, certes je ne l&rsquo;ai pas \u00e9t\u00e9, mais je repars avec l&rsquo;esp\u00e9rance en la mis\u00e9ricorde du Seigneur \u00bb<\/p>\n<p> Pour aider les moins fortun\u00e9s de nos malades et handicap\u00e9s  \u00e0 payer une partie des frais du voyage et du s\u00e9jour dans les accueils \u00e0 Lourdes, nous avons besoin aussi de votre soutien financier. Nous recevrons volontiers votre don dans les corbeilles qui vous seront pr\u00e9sent\u00e9es \u00e0 la fin de cette messe. Soyez-en remercier par le sourire du p\u00e8lerin malade qui, gr\u00e2ce \u00e0 votre g\u00e9n\u00e9rosit\u00e9, pourra prier Marie \u00e0 la Grotte ou se baigner aux piscines. <\/p>\n<div align=\"center\"><img decoding=\"async\" src=\"\/IMG\/jpg\/logo_Lourdes.jpg\" width=500><\/div>\n<p> <br \/>\n Cette ann\u00e9e (en 2011), le p\u00e8lerinage dioc\u00e9sain se d\u00e9roule du mardi 28 juin au soir au 3 juillet 2011 et exceptionnellement les jeunes auront un p\u00e8lerinage sp\u00e9cial du 2 au 8 juillet pour leur laisser passer leurs examens de fin d&rsquo;ann\u00e9e. J&rsquo;ai retenu cette encouragement de notre \u00e9v\u00eaque,  Monseigneur de Monl\u00e9on : Lourdes est le p\u00e8lerinage dioc\u00e9sain qui attire encore le plus de monde parce qu&rsquo;il y  a le myst\u00e8re de Marie. Elle appelle, attire et rassemble ses enfants. C&rsquo;est pour nous une grande gr\u00e2ce, c&rsquo;est-\u00e0-dire un don de Dieu. Rappelons-nous les paroles de la Vierge \u00e0 Bernadette : \u00ab Voulez-vous me faire la gr\u00e2ce de venir ici pendant quinze jours. \u00bb Et Marie est tr\u00e8s reconnaissante \u00e0 tous ceux qui r\u00e9pondent \u00e0 son appel. Rendez-vous donc, \u00e0 la Grotte, le 29 juin pour vivre l&rsquo;amour du pauvre et du prochain avec nos malades rassembl\u00e9s en pri\u00e8re. <\/p>\n<p> Pour terminer,  je livre \u00e0 votre m\u00e9ditation cette phrase de M\u00e8re Th\u00e9r\u00e9sa : \u00ab A la fin de nos jours, nous ne serons pas jug\u00e9s  selon le nombre de dipl\u00f4mes re\u00e7us, l&rsquo;argent que nous aurons accumul\u00e9 ou les r\u00e9alisations \u00e0 notre actif. Nous serons jug\u00e9s sur notre r\u00e9ponse  \u00e0 : \u00ab J&rsquo;avais faim et vous m&rsquo;avez nourri, j&rsquo;\u00e9tais nu et vous m&rsquo;avez v\u00eatu. J&rsquo;\u00e9tais sans abri et vous m&rsquo;avez accueilli. \u00bb\u00a0\u00bb<\/p><\/div>\n","protected":false},"excerpt":{"rendered":"<p>M. Lucien GUILLAUME, ancien Pr\u00e9sident et Pr\u00e9sident Honoraire de l&rsquo;Hospitalit\u00e9 Dioc\u00e9saine de Meaux, s&rsquo;est \u00e9teint dans la nuit de jeudi \u00e0\u00a0 vendredi 24 f\u00e9vrier 2012. Ses obs\u00e8ques ont eu lieu le jeudi 1er mars&#46;&#46;&#46;<\/p>\n","protected":false},"author":2,"featured_media":0,"comment_status":"open","ping_status":"open","sticky":false,"template":"","format":"standard","meta":{"footnotes":""},"categories":[],"tags":[],"class_list":["post-453","post","type-post","status-publish","format-standard","hentry"],"_links":{"self":[{"href":"http:\/\/www.chapelle-crecy.com\/index.php?rest_route=\/wp\/v2\/posts\/453","targetHints":{"allow":["GET"]}}],"collection":[{"href":"http:\/\/www.chapelle-crecy.com\/index.php?rest_route=\/wp\/v2\/posts"}],"about":[{"href":"http:\/\/www.chapelle-crecy.com\/index.php?rest_route=\/wp\/v2\/types\/post"}],"author":[{"embeddable":true,"href":"http:\/\/www.chapelle-crecy.com\/index.php?rest_route=\/wp\/v2\/users\/2"}],"replies":[{"embeddable":true,"href":"http:\/\/www.chapelle-crecy.com\/index.php?rest_route=%2Fwp%2Fv2%2Fcomments&post=453"}],"version-history":[{"count":0,"href":"http:\/\/www.chapelle-crecy.com\/index.php?rest_route=\/wp\/v2\/posts\/453\/revisions"}],"wp:attachment":[{"href":"http:\/\/www.chapelle-crecy.com\/index.php?rest_route=%2Fwp%2Fv2%2Fmedia&parent=453"}],"wp:term":[{"taxonomy":"category","embeddable":true,"href":"http:\/\/www.chapelle-crecy.com\/index.php?rest_route=%2Fwp%2Fv2%2Fcategories&post=453"},{"taxonomy":"post_tag","embeddable":true,"href":"http:\/\/www.chapelle-crecy.com\/index.php?rest_route=%2Fwp%2Fv2%2Ftags&post=453"}],"curies":[{"name":"wp","href":"https:\/\/api.w.org\/{rel}","templated":true}]}}