{"id":454,"date":"2012-03-09T00:10:43","date_gmt":"2012-03-09T00:10:43","guid":{"rendered":""},"modified":"-0001-11-30T00:00:00","modified_gmt":"-0001-11-29T22:00:00","slug":"","status":"publish","type":"post","link":"http:\/\/www.chapelle-crecy.com\/?p=454","title":{"rendered":"P\u00e8lerinage des \u00e9lus \u00e0\u00a0 Lourdes du 29 mars au 1er avril"},"content":{"rendered":"<div align=\"justify\">Saviez-vous que depuis 4 ans existe \u00e0\u00a0 Lourdes un p\u00e8lerinage des \u00e9lus? Un moment d&rsquo;amiti\u00e9, de r\u00e9flexion et de foi auquel le P\u00e8re Matthieu Roug\u00e9, conseiller spirituel de l&rsquo;association Chr\u00e9tiens \u00e9lus publics et aum nier des parlementaires, invite tous ceux qui ont un mandat politique. Une invitation \u00e0\u00a0 transmettre \u00e0\u00a0 vos \u00e9lus.<\/div>\n<div align=\"center\">\n<p> <img decoding=\"async\" src=\"\/IMG\/jpg\/Rouge.jpg\n\" width=950><\/div>\n<p><\/p>\n<div align=\"center\"><img decoding=\"async\" src=\"\/IMG\/jpg\/Lebrun.jpg\n\" width=950><\/div>\n<p>\n Retrouvez le bulletin d&rsquo;inscription \u00e0 ce p\u00e8lerinage en pi\u00e8ce jointe et les contacts si vous souhaitez avoir plus d&rsquo;informations.<br \/>\n [http:\/\/www.crecylachapelle.eu\/->http:\/\/www.crecylachapelle.eu\/]<br \/>\n [http:\/\/www.cc-payscrecois.fr\/-Crecy-la-Chapelle-.html->http:\/\/www.cc-payscrecois.fr\/-Crecy-la-Chapelle-.html]<\/p>\n<p> Message du P\u00e8re Matthieu Roug\u00e9:<br \/>\n \u00ab\u00a0Comme pr\u00eatre au service des parlementaires et comme accompagnateur spirituel du p\u00e8lerinage des \u00e9lus \u00e0 Lourdes, j&rsquo;encourage toux ceux qui ont un mandat  municipal, d\u00e9partemental, r\u00e9gional, national, europ\u00e9en  \u00e0 nous rejoindre. Si vous n&rsquo;\u00eates pas \u00e9lus vous-m\u00eame, pourquoi ne transmettriez-vous pas l&rsquo;invitation \u00e0 des amis ou des parents qui le sont ? Pourquoi n&rsquo;encourageriez-vous pas ceux de vos \u00e9lus que vous devinez int\u00e9ress\u00e9s par l&rsquo;enracinement spirituel \u00e0 faire cette d\u00e9marche ?\u00a0\u00bb<\/p>\n<div align=\"center\"><img decoding=\"async\" src=\"\/IMG\/jpg\/logo-elus.jpg\n\" width=700><\/div>\n<p><\/p>\n","protected":false},"excerpt":{"rendered":"<p>Saviez-vous que depuis 4 ans existe \u00e0\u00a0 Lourdes un p\u00e8lerinage des \u00e9lus? Un moment d&rsquo;amiti\u00e9, de r\u00e9flexion et de foi auquel le P\u00e8re Matthieu Roug\u00e9, conseiller spirituel de l&rsquo;association Chr\u00e9tiens \u00e9lus publics et aum&#46;&#46;&#46;<\/p>\n","protected":false},"author":2,"featured_media":0,"comment_status":"open","ping_status":"open","sticky":false,"template":"","format":"standard","meta":{"footnotes":""},"categories":[],"tags":[],"class_list":["post-454","post","type-post","status-publish","format-standard","hentry"],"_links":{"self":[{"href":"http:\/\/www.chapelle-crecy.com\/index.php?rest_route=\/wp\/v2\/posts\/454","targetHints":{"allow":["GET"]}}],"collection":[{"href":"http:\/\/www.chapelle-crecy.com\/index.php?rest_route=\/wp\/v2\/posts"}],"about":[{"href":"http:\/\/www.chapelle-crecy.com\/index.php?rest_route=\/wp\/v2\/types\/post"}],"author":[{"embeddable":true,"href":"http:\/\/www.chapelle-crecy.com\/index.php?rest_route=\/wp\/v2\/users\/2"}],"replies":[{"embeddable":true,"href":"http:\/\/www.chapelle-crecy.com\/index.php?rest_route=%2Fwp%2Fv2%2Fcomments&post=454"}],"version-history":[{"count":0,"href":"http:\/\/www.chapelle-crecy.com\/index.php?rest_route=\/wp\/v2\/posts\/454\/revisions"}],"wp:attachment":[{"href":"http:\/\/www.chapelle-crecy.com\/index.php?rest_route=%2Fwp%2Fv2%2Fmedia&parent=454"}],"wp:term":[{"taxonomy":"category","embeddable":true,"href":"http:\/\/www.chapelle-crecy.com\/index.php?rest_route=%2Fwp%2Fv2%2Fcategories&post=454"},{"taxonomy":"post_tag","embeddable":true,"href":"http:\/\/www.chapelle-crecy.com\/index.php?rest_route=%2Fwp%2Fv2%2Ftags&post=454"}],"curies":[{"name":"wp","href":"https:\/\/api.w.org\/{rel}","templated":true}]}}