{"id":456,"date":"2012-03-13T01:07:48","date_gmt":"2012-03-13T01:07:48","guid":{"rendered":""},"modified":"-0001-11-30T00:00:00","modified_gmt":"-0001-11-29T22:00:00","slug":"","status":"publish","type":"post","link":"http:\/\/www.chapelle-crecy.com\/?p=456","title":{"rendered":"Dimanche 11 mars  3\u00e8me dimanche de car\u00eame"},"content":{"rendered":"<div align=\"justify\">En ce temps b\u00e9ni du Car\u00eame, en plus du partage et de la pri\u00e8re, nos efforts doivent r\u00e9ellement se concentrer sur le pardon. C&rsquo;est le th\u00e8me qui avait \u00e9t\u00e9 choisi pour ce deuxi\u00e8me \u00ab\u00a0KT-dimanche\u00a0\u00bb de l&rsquo;ann\u00e9e. Tout le monde conna\u00eet la parabole du \u00ab\u00a0fils prodigue\u00a0\u00bb. Le P\u00e8re Philippe Legrand nous proposait avant la messe de 10h30, de r\u00e9fl\u00e9chir en petits groupes sur ce que nous dit de Dieu et de nous cette parabole. Relisez une nouvelle fois ce texte saisissant, m\u00e9ditez-le dans votre coeur, comme nous l&rsquo;avons fait dimanche.<br \/>\nNous vous proposons ensuite quelques cl\u00e9s de lectures donn\u00e9es par le P\u00e8re Jean. Cette r\u00e9flexion pourra servir de pr\u00e9paration \u00e0\u00a0 la journ\u00e9e du Pardon qui aura lieu \u00e0\u00a0 Beauval le 24 mars, \u00e0\u00a0 partir de 14h30 jusqu&rsquo;\u00e0\u00a0 18h30&#8230;<\/div>\n<p><strong><em><font color=\"#663300\" ><br \/>\nLc 15, 1-3.11-32<\/p>\n<p>Parabole du p\u00e8re et de ses deux fils<\/p>\n<p>Les publicains et les p\u00e9cheurs venaient tous \u00e0 J\u00e9sus pour<br \/>\nl&rsquo;\u00e9couter. Les pharisiens et les scribes r\u00e9criminaient contre lui : \u00ab<br \/>\nCet homme fait bon accueil aux p\u00e9cheurs, et il mange avec eux ! \u00bb <br \/>\nAlors J\u00e9sus leur dit cette parabole : \u00ab Un homme avait deux fils. Le<br \/>\nplus jeune dit \u00e0 son p\u00e8re : &lsquo;P\u00e8re, donne-moi la part d&rsquo;h\u00e9ritage qui me<br \/>\nrevient.&rsquo; Et le p\u00e8re fit le partage de ses biens. Peu de jours apr\u00e8s,<br \/>\nle plus jeune rassembla tout ce qu&rsquo;il avait, et partit pour un pays<br \/>\nlointain o\u00f9 il gaspilla sa fortune en menant une vie de d\u00e9sordre. <br \/>\n\u00ab Quand il eut tout d\u00e9pens\u00e9, une grande famine survint dans cette<br \/>\nr\u00e9gion, et il commen\u00e7a \u00e0 se trouver dans la mis\u00e8re. Il alla s&#8217;embaucher<br \/>\nchez un homme du pays qui l&rsquo;envoya dans ses champs garder les porcs. Il<br \/>\naurait bien voulu se remplir le ventre avec les gousses que mangeaient<br \/>\nles porcs, mais personne ne lui donnait rien. <br \/>\n\u00ab Alors il r\u00e9fl\u00e9chit : &lsquo;Tant d&rsquo;ouvriers chez mon p\u00e8re ont du pain en<br \/>\nabondance, et moi, ici, je meurs de faim ! Je vais retourner chez mon<br \/>\np\u00e8re, et je lui dirai : P\u00e8re, j&rsquo;ai p\u00e9ch\u00e9 contre le ciel et contre toi.<br \/>\nJe ne m\u00e9rite plus d&rsquo;\u00eatre appel\u00e9 ton fils. Prends-moi comme l&rsquo;un de tes<br \/>\nouvriers.&rsquo; <br \/>\n\u00ab Il partit donc pour aller chez son p\u00e8re. Comme il \u00e9tait encore loin,<br \/>\nson p\u00e8re l&rsquo;aper\u00e7ut et fut saisi de piti\u00e9 ; il courut se jeter \u00e0 son cou<br \/>\net le couvrit de baisers. Le fils lui dit : &lsquo;P\u00e8re, j&rsquo;ai p\u00e9ch\u00e9 contre le<br \/>\nciel et contre toi. Je ne m\u00e9rite plus d&rsquo;\u00eatre appel\u00e9 ton fils&#8230;&rsquo; Mais<br \/>\nle p\u00e8re dit \u00e0 ses domestiques : &lsquo;Vite, apportez le plus beau v\u00eatement<br \/>\npour l&rsquo;habiller. Mettez-lui une bague au doigt et des sandales aux<br \/>\npieds. Allez chercher le veau gras, tuez-le ; mangeons et festoyons.<br \/>\nCar mon fils que voil\u00e0 \u00e9tait mort, et il est revenu \u00e0 la vie ; il \u00e9tait<br \/>\nperdu, et il est retrouv\u00e9.&rsquo; Et ils commenc\u00e8rent la f\u00eate. <br \/>\n\u00ab Le fils a \u00een\u00e9 \u00e9tait aux champs. A son retour, quand il fut pr\u00e8s de la<br \/>\nmaison, il entendit la musique et les danses. Appelant un des<br \/>\ndomestiques, il demanda ce qui se passait. Celui-ci r\u00e9pondit : &lsquo;C&rsquo;est<br \/>\nton fr\u00e8re qui est de retour. Et ton p\u00e8re a tu\u00e9 le veau gras, parce<br \/>\nqu&rsquo;il a vu revenir son fils en bonne sant\u00e9.&rsquo; <br \/>\n\u00ab Alors le fils a \u00een\u00e9 se mit en col\u00e8re, et il refusait d&rsquo;entrer. Son<br \/>\np\u00e8re, qui \u00e9tait sorti, le suppliait. Mais il r\u00e9pliqua : &lsquo;Il y a tant<br \/>\nd&rsquo;ann\u00e9es que je suis \u00e0 ton service sans avoir jamais d\u00e9sob\u00e9i \u00e0 tes<br \/>\nordres, et jamais tu ne m&rsquo;as donn\u00e9 un chevreau pour festoyer avec mes<br \/>\namis. Mais, quand ton fils que voil\u00e0 est arriv\u00e9 apr\u00e8s avoir d\u00e9pens\u00e9 ton<br \/>\nbien avec des filles, tu as fait tuer pour lui le veau gras !&rsquo; Le p\u00e8re<br \/>\nr\u00e9pondit : &lsquo;Toi, mon enfant, tu es toujours avec moi, et tout ce qui<br \/>\nest \u00e0 moi est \u00e0 toi. Il fallait bien festoyer et se r\u00e9jouir ; car ton<br \/>\nfr\u00e8re que voil\u00e0 \u00e9tait mort, et il est revenu \u00e0 la vie ; il \u00e9tait perdu,<br \/>\net il est retrouv\u00e9 ! \u00bb<\/div>\n<p><\/font><\/em><\/strong><br \/>\n<\/p>\n<div align=\"center\"><img decoding=\"async\" src=\"\/IMG\/jpg\/rembrandt.jpg\"><\/div>\n<p><font color=\"#663300\" face=\"Times New Roman\" size=\"4\"><\/p>\n<p\nstyle=\"margin: 0cm 0cm 10pt; text-align: center; line-height: normal;\"\nclass=\"MsoNormal\" align=\"center\"><span><strong><font color=\"#000000\">Deux<br \/>\nfils<\/font><\/strong><\/span><\/p>\n<p>\nLc 15,11-32<\/font><\/p>\n<p\nstyle=\"margin: 0cm 0cm 10pt; text-align: justify; line-height: normal; text-indent: 14.2pt;\"\nclass=\"MsoNormal\"><span\nstyle=\"font-family: 'Times New Roman','serif'; font-size: 12pt;\"><font\ncolor=\"#000000\">&nbsp;<\/font><\/span><\/p>\n<p\nstyle=\"margin: 0cm 0cm 10pt; text-align: justify; line-height: normal; text-indent: 14.2pt;\"\nclass=\"MsoNormal\"><span\nstyle=\"font-family: 'Times New Roman','serif'; font-size: 12pt;\"><font\ncolor=\"#000000\">&nbsp;<\/font><\/span><\/p>\n<p\nstyle=\"margin: 0cm 0cm 10pt; text-align: justify; line-height: normal; text-indent: 14.2pt;\"\nclass=\"MsoNormal\"><span\nstyle=\"font-family: 'Times New Roman','serif'; font-size: 12pt;\"><font\ncolor=\"#000000\">Parlant de ce passage de l&rsquo;Evangile, on dit souvent:<br \/>\n\u00ab\u00a0C&rsquo;est la parabole de l&rsquo;enfant prodigue\u00a0\u00bb. Mieux vaudrait dire: la<br \/>\nparabole du p\u00e8re qui avait deux fils, car c&rsquo;est l&rsquo;attitude du p\u00e8re que<br \/>\nJ\u00e9sus a voulu mettre en relief.<\/font><\/span><\/p>\n<p\nstyle=\"margin: 0cm 0cm 10pt; text-align: justify; line-height: normal; text-indent: 14.2pt;\"\nclass=\"MsoNormal\"><span\nstyle=\"font-family: 'Times New Roman','serif'; font-size: 12pt;\"><font\ncolor=\"#000000\">&nbsp;<\/font><\/span><\/p>\n<p\nstyle=\"margin: 0cm 0cm 10pt; text-align: justify; line-height: normal; text-indent: 14.2pt;\"\nclass=\"MsoNormal\"><font color=\"#000000\"><span\nstyle=\"font-family: Wingdings; font-size: 12pt;\">\u00c2\u00b2 <\/span><span\nstyle=\"font-family: 'Times New Roman','serif'; font-size: 12pt;\">Tout<br \/>\ncommence par une histoire lamentable: la d\u00e9ch\u00e9ance d&rsquo;un jeune.<\/span><\/font><\/p>\n<p\nstyle=\"margin: 0cm 0cm 10pt; text-align: justify; line-height: normal; text-indent: 14.2pt;\"\nclass=\"MsoNormal\"><span\nstyle=\"font-family: 'Times New Roman','serif'; font-size: 12pt;\"><font\ncolor=\"#000000\">Le fils cadet revendique des droits, d&rsquo;une mani\u00e8re qui<br \/>\na d\u00fb sembler odieuse \u00e0 son p\u00e8re, puisqu&rsquo;il lui d\u00e9clare en quelque<br \/>\nsorte: \u00ab\u00a0Tu m&rsquo;as mis au monde, et maintenant, paye-moi!\u00a0\u00bb Pris entre la<br \/>\nfid\u00e9lit\u00e9 \u00e0 son p\u00e8re et la pression de la bande des copains, il choisit<br \/>\nla bande, et fait la f\u00eate. <\/font><\/span><\/p>\n<p\nstyle=\"margin: 0cm 0cm 10pt; text-align: justify; line-height: normal; text-indent: 14.2pt;\"\nclass=\"MsoNormal\"><span\nstyle=\"font-family: 'Times New Roman','serif'; font-size: 12pt;\"><font\ncolor=\"#000000\">Tr\u00e8s vite la vie se charge de le d\u00e9griser, et en<br \/>\nexp\u00e9rimentant la mis\u00e8re des pauvres et des exclus, il commence \u00e0<br \/>\nmesurer la chance qu&rsquo;il avait et le g\u00e2chis qu&rsquo;il en a fait. Confront\u00e9<br \/>\nau r\u00e9el avec ses seules forces, il l\u00e2che toute arrogance et d\u00e9cide de<br \/>\nreprendre la route de la maison.<\/font><\/span><\/p>\n<p\nstyle=\"margin: 0cm 0cm 10pt; text-align: justify; line-height: normal; text-indent: 14.2pt;\"\nclass=\"MsoNormal\"><span\nstyle=\"font-family: 'Times New Roman','serif'; font-size: 12pt;\"><font\ncolor=\"#000000\">&nbsp;<\/font><\/span><\/p>\n<p\nstyle=\"margin: 0cm 0cm 10pt; text-align: justify; line-height: normal; text-indent: 14.2pt;\"\nclass=\"MsoNormal\"><span\nstyle=\"font-family: 'Times New Roman','serif'; font-size: 12pt;\"><font\ncolor=\"#000000\">Son histoire est celle de tous les naufrages<br \/>\nspirituels: on commence par gaspiller l&rsquo;h\u00e9ritage du P\u00e8re; puis on a<br \/>\nfaim; alors on devient esclave. Mais ce destin du prodigue est surtout<br \/>\nun magnifique exemple de ce que doit \u00eatre le retour vers Dieu. Quand<br \/>\nvient le moment de v\u00e9rit\u00e9, du fond de la mis\u00e8re on se tourne vers Dieu,<br \/>\net l&rsquo;on revient au P\u00e8re, source de l&rsquo;amour et de la paix. <\/font><\/span><\/p>\n<p\nstyle=\"margin: 0cm 0cm 10pt; text-align: justify; line-height: normal; text-indent: 14.2pt;\"\nclass=\"MsoNormal\"><span\nstyle=\"font-family: 'Times New Roman','serif'; font-size: 12pt;\"><font\ncolor=\"#000000\">Et c&rsquo;est l\u00e0 toute la diff\u00e9rence entre le d\u00e9pit et la<br \/>\ncontrition. Tant que le croyant, aux prises avec son p\u00e9ch\u00e9, en reste au<br \/>\nstade du d\u00e9pit, il demeure courb\u00e9 sur lui-m\u00eame, et il stagne sur place,<br \/>\nprostr\u00e9 dans son impuissance, d\u00e9sesp\u00e9r\u00e9 d&rsquo;avoir g\u00e2ch\u00e9 l&rsquo;image qu&rsquo;il se<br \/>\nfaisait de lui-m\u00eame. Quand vient au contraire la vraie contrition, non<br \/>\nseulement on rentre en soi-m\u00eame, mais on se l\u00e8ve, on se met en marche<br \/>\nvers le P\u00e8re, s\u00fbr d&rsquo;avance qu&rsquo;on sera \u00e9cout\u00e9, compris, pardonn\u00e9, parce<br \/>\nqu&rsquo;on est certain d&rsquo;\u00eatre aim\u00e9. On ne se d\u00e9sole plus tellement d&rsquo;avoir<br \/>\n\u00e9corn\u00e9 l&rsquo;image de soi-m\u00eame que d&rsquo;avoir terni en soi l&rsquo;image de Dieu et<br \/>\nd&rsquo;avoir bless\u00e9 l&rsquo;amour d&rsquo;un P\u00e8re qui nous a voulus libres. Et c&rsquo;est<br \/>\ncela qui bouleverse le coeur de Dieu: de voir ses enfants malheureux<br \/>\ncroire plus \u00e0 son amour qu&rsquo;\u00e0 leur propre mis\u00e8re.<\/font><\/span><\/p>\n<p\nstyle=\"margin: 0cm 0cm 10pt; text-align: justify; line-height: normal; text-indent: 14.2pt;\"\nclass=\"MsoNormal\"><span\nstyle=\"font-family: 'Times New Roman','serif'; font-size: 12pt;\"><font\ncolor=\"#000000\">&nbsp;<\/font><\/span><\/p>\n<p\nstyle=\"margin: 0cm 0cm 10pt; text-align: justify; line-height: normal; text-indent: 14.2pt;\"\nclass=\"MsoNormal\"><font color=\"#000000\"><span\nstyle=\"font-family: Wingdings; font-size: 12pt;\">\u00c2\u00b2 <\/span><span\nstyle=\"font-family: 'Times New Roman','serif'; font-size: 12pt;\">Mais<br \/>\nle fils a \u00een\u00e9, le sage, est-il moins aim\u00e9 parce qu&rsquo;il est moins<br \/>\nmis\u00e9rable?<\/span><\/font><\/p>\n<p\nstyle=\"margin: 0cm 0cm 10pt; text-align: justify; line-height: normal; text-indent: 14.2pt;\"\nclass=\"MsoNormal\"><span\nstyle=\"font-family: 'Times New Roman','serif'; font-size: 12pt;\"><font\ncolor=\"#000000\">On l&rsquo;imagine parfois, mais c&rsquo;est mal comprendre les<br \/>\nparoles du p\u00e8re. Certes l&rsquo;a \u00een\u00e9 a un grand tort, malgr\u00e9 sa fid\u00e9lit\u00e9:<br \/>\nc&rsquo;est de n&rsquo;avoir pas compris comment r\u00e9agit le coeur d&rsquo;un p\u00e8re, et<br \/>\nd&rsquo;\u00eatre rest\u00e9 bloqu\u00e9 sur les fautes de son fr\u00e8re alors que le p\u00e8re,<br \/>\ndepuis longtemps, avait ouvert les bras. Mais le p\u00e8re, \u00e0 lui non plus,<br \/>\nne fait aucun reproche, car en un sens il a raison. Au plan o\u00f9 il<br \/>\nsitue, celui de la justice stricte, l&rsquo;a \u00een\u00e9 raisonne juste, et son<br \/>\nr\u00e9flexe est compr\u00e9hensible. Il parle de droit, de faiblesse paternelle,<br \/>\nde manque d&rsquo;autorit\u00e9. Le p\u00e8re, lui, ne r\u00e9pond pas \u00e0 ce niveau, qui ne<br \/>\nd\u00e9bouche pas sur la vie. Il reprend, paisiblement, les mots tout<br \/>\nsimples et sublimes de l&rsquo;amour et de la r\u00e9ciprocit\u00e9: \u00ab\u00a0Toi, mon enfant,<br \/>\ntu es toujours avec moi, et tout ce qui est \u00e0 moi est \u00e0 toi! Tu as mon<br \/>\namour, tu as tout! Tu es dans mon amour: tu as plus que toutes les<br \/>\nfortunes, toutes les f\u00eates et toutes les aventures! Je suis l\u00e0 avec<br \/>\ntoi, que chercherais-tu ailleurs?\u00a0\u00bb<\/font><\/span><\/p>\n<p\nstyle=\"margin: 0cm 0cm 10pt; text-align: justify; line-height: normal; text-indent: 14.2pt;\"\nclass=\"MsoNormal\"><span\nstyle=\"font-family: 'Times New Roman','serif'; font-size: 12pt;\"><font\ncolor=\"#000000\">Le tort du fils a \u00een\u00e9, c&rsquo;est de se sentir frustr\u00e9 parce<br \/>\nque son p\u00e8re fait mis\u00e9ricorde, de m\u00e9sestimer le prix de son intimit\u00e9 et<br \/>\nde sa confiance, et de brouiller par sa jalousie l&rsquo;oeuvre du p\u00e8re, qui<br \/>\nn&rsquo;est que g\u00e9n\u00e9rosit\u00e9 et pardon.<\/font><\/span><\/p>\n<p><\/p>\n<p\nstyle=\"margin: 0cm 0cm 10pt; text-align: justify; line-height: normal; text-indent: 14.2pt;\"\nclass=\"MsoNormal\"><font color=\"#000000\"><span\nstyle=\"font-family: Wingdings; font-size: 12pt;\">\u00c2\u00b2 <\/span><span\nstyle=\"font-family: 'Times New Roman','serif'; font-size: 12pt;\">Dans<br \/>\nla pens\u00e9e de J\u00e9sus, c&rsquo;est bien le p\u00e8re qui est au centre de la parabole.<\/span><\/font><\/p>\n<p\nstyle=\"margin: 0cm 0cm 10pt; text-align: justify; line-height: normal; text-indent: 14.2pt;\"\nclass=\"MsoNormal\"><span\nstyle=\"font-family: 'Times New Roman','serif'; font-size: 12pt;\"><font\ncolor=\"#000000\">Il laisse faire le plus jeune et fait droit \u00e0 ses<br \/>\nrevendications, sans savoir jusqu&rsquo;o\u00f9 il ira dans sa soif de plaisir. Le<br \/>\ncadet est pouss\u00e9 par un besoin d&rsquo;autonomie, et son p\u00e8re lui en laisse<br \/>\nle risque: il ne veut pas \u00eatre libre \u00e0 la place de son fils. Mais il ne<br \/>\ncesse pas d&rsquo;attendre, parce qu&rsquo;il ne cesse pas d&rsquo;aimer. Ne plus l&rsquo;avoir<br \/>\npr\u00e8s de lui, c&rsquo;est comme s&rsquo;il \u00e9tait mort.<\/font><\/span><\/p>\n<p\nstyle=\"margin: 0cm 0cm 10pt; text-align: justify; line-height: normal; text-indent: 14.2pt;\"\nclass=\"MsoNormal\"><span\nstyle=\"font-family: 'Times New Roman','serif'; font-size: 12pt;\"><font\ncolor=\"#000000\">Quand son fils, revenu, lui saute au cou, le p\u00e8re ne<br \/>\nveut m\u00eame pas \u00e9couter toute sa confession: l&rsquo;attitude de son enfant lui<br \/>\nparle plus que des paroles. Et le p\u00e8re organise une f\u00eate,<br \/>\ndisproportionn\u00e9e selon nos vues \u00e9galitaires, mais tout \u00e0 fait<br \/>\nproportionn\u00e9e \u00e0 son amour de p\u00e8re, qui n&rsquo;est mesur\u00e9 par rien: \u00ab\u00a0Il<br \/>\nfallait bien festoyer et se r\u00e9jouir, puisque<em> ton fr\u00e8re<\/em> que<br \/>\nvoil\u00e0 \u00e9tait mort et il est revenu \u00e0 la vie; il \u00e9tait perdu et il est<br \/>\nretrouv\u00e9!\u00a0\u00bb<\/font><\/span><\/p>\n<p\nstyle=\"margin: 0cm 0cm 10pt; text-align: justify; line-height: normal; text-indent: 14.2pt;\"\nclass=\"MsoNormal\"><span\nstyle=\"font-family: 'Times New Roman','serif'; font-size: 12pt;\"><font\ncolor=\"#000000\">Pourquoi le pardon serait-il moins puissant dans le<br \/>\ncoeur d&rsquo;un fr\u00e8re que dans celui d&rsquo;un p\u00e8re?<\/font><\/span><\/p>\n<p\nstyle=\"margin: 0cm 0cm 10pt; text-align: justify; line-height: normal; text-indent: 14.2pt;\"\nclass=\"MsoNormal\"><span\nstyle=\"font-family: 'Times New Roman','serif'; font-size: 12pt;\"><font\ncolor=\"#000000\">Pourquoi parlerions-nous obstin\u00e9ment de justice et de<br \/>\ns\u00e9v\u00e9rit\u00e9, quand Dieu veut nous inculquer son parti pris de mis\u00e9ricorde?<\/font><\/span><\/p>\n<p\nstyle=\"margin: 0cm 0cm 10pt; text-align: justify; line-height: normal; text-indent: 14.2pt;\"\nclass=\"MsoNormal\"><span\nstyle=\"font-family: 'Times New Roman','serif'; font-size: 12pt;\"><font\ncolor=\"#000000\">Pourquoi fermerions-nous notre coeur au fr\u00e8re qui<br \/>\nrevient, alors que son retour fait toute la joie de Dieu?<\/font><\/span><\/p>\n<p\nstyle=\"margin: 0cm 0cm 10pt; text-align: justify; line-height: normal; text-indent: 14.2pt;\"\nclass=\"MsoNormal\"><span\nstyle=\"font-family: 'Times New Roman','serif'; font-size: 12pt;\"><font\ncolor=\"#000000\">P\u00e8re Jean<\/font><\/span><\/p>\n<p><\/font><\/p>\n<div align=\"center\"><img decoding=\"async\" src=\"\/IMG\/jpg\/KT-1.jpg\n\" width=500><\/div>\n<p><\/p>\n<div align=\"center\"><img decoding=\"async\" src=\"\/IMG\/jpg\/KT-2.jpg\n\" width=500><\/div>\n<p><\/p>\n<div align=\"center\"><img decoding=\"async\" src=\"\/IMG\/jpg\/KT-3.jpg\n\" width=500><\/div>\n<p><\/p>\n","protected":false},"excerpt":{"rendered":"<p>En ce temps b\u00e9ni du Car\u00eame, en plus du partage et de la pri\u00e8re, nos efforts doivent r\u00e9ellement se concentrer sur le pardon. C&rsquo;est le th\u00e8me qui avait \u00e9t\u00e9 choisi pour ce deuxi\u00e8me \u00ab\u00a0KT-dimanche\u00a0\u00bb&#46;&#46;&#46;<\/p>\n","protected":false},"author":2,"featured_media":0,"comment_status":"open","ping_status":"open","sticky":false,"template":"","format":"standard","meta":{"footnotes":""},"categories":[],"tags":[],"class_list":["post-456","post","type-post","status-publish","format-standard","hentry"],"_links":{"self":[{"href":"http:\/\/www.chapelle-crecy.com\/index.php?rest_route=\/wp\/v2\/posts\/456","targetHints":{"allow":["GET"]}}],"collection":[{"href":"http:\/\/www.chapelle-crecy.com\/index.php?rest_route=\/wp\/v2\/posts"}],"about":[{"href":"http:\/\/www.chapelle-crecy.com\/index.php?rest_route=\/wp\/v2\/types\/post"}],"author":[{"embeddable":true,"href":"http:\/\/www.chapelle-crecy.com\/index.php?rest_route=\/wp\/v2\/users\/2"}],"replies":[{"embeddable":true,"href":"http:\/\/www.chapelle-crecy.com\/index.php?rest_route=%2Fwp%2Fv2%2Fcomments&post=456"}],"version-history":[{"count":0,"href":"http:\/\/www.chapelle-crecy.com\/index.php?rest_route=\/wp\/v2\/posts\/456\/revisions"}],"wp:attachment":[{"href":"http:\/\/www.chapelle-crecy.com\/index.php?rest_route=%2Fwp%2Fv2%2Fmedia&parent=456"}],"wp:term":[{"taxonomy":"category","embeddable":true,"href":"http:\/\/www.chapelle-crecy.com\/index.php?rest_route=%2Fwp%2Fv2%2Fcategories&post=456"},{"taxonomy":"post_tag","embeddable":true,"href":"http:\/\/www.chapelle-crecy.com\/index.php?rest_route=%2Fwp%2Fv2%2Ftags&post=456"}],"curies":[{"name":"wp","href":"https:\/\/api.w.org\/{rel}","templated":true}]}}