{"id":457,"date":"2012-03-15T23:34:29","date_gmt":"2012-03-15T23:34:29","guid":{"rendered":""},"modified":"-0001-11-30T00:00:00","modified_gmt":"-0001-11-29T22:00:00","slug":"","status":"publish","type":"post","link":"http:\/\/www.chapelle-crecy.com\/?p=457","title":{"rendered":"EXPO PHOTOS 100 % LE CLICHE CRECOIS"},"content":{"rendered":"<div align=\"justify\">L&rsquo;association Culture et Loisirs vous invite \u00e0\u00a0 la 2\u00e8me exposition des adh\u00e9rents du club photo \u00ab\u00a0Le Clich\u00e9 Cr\u00e9\u00e7ois\u00a0\u00bb Salle Altmann 3 rue du G\u00e9n\u00e9ral Leclerc :<br \/>\nSamedi 24 mars et dimanche 25 mars de 10h \u00e0\u00a0 18h. Entr\u00e9e libre.<br \/>\nPlus de 100 clich\u00e9s num\u00e9riques et argentiques.<br \/>\nPOUR 2012 NOUS VOUS EN OFFRONS \u00ab LA PHOTO DANS UNE AUTRE DIMENSION ! \u00bb<\/div>\n","protected":false},"excerpt":{"rendered":"<p>L&rsquo;association Culture et Loisirs vous invite \u00e0\u00a0 la 2\u00e8me exposition des adh\u00e9rents du club photo \u00ab\u00a0Le Clich\u00e9 Cr\u00e9\u00e7ois\u00a0\u00bb Salle Altmann 3 rue du G\u00e9n\u00e9ral Leclerc : Samedi 24 mars et dimanche 25 mars de&#46;&#46;&#46;<\/p>\n","protected":false},"author":2,"featured_media":0,"comment_status":"open","ping_status":"open","sticky":false,"template":"","format":"standard","meta":{"footnotes":""},"categories":[],"tags":[],"class_list":["post-457","post","type-post","status-publish","format-standard","hentry"],"_links":{"self":[{"href":"http:\/\/www.chapelle-crecy.com\/index.php?rest_route=\/wp\/v2\/posts\/457","targetHints":{"allow":["GET"]}}],"collection":[{"href":"http:\/\/www.chapelle-crecy.com\/index.php?rest_route=\/wp\/v2\/posts"}],"about":[{"href":"http:\/\/www.chapelle-crecy.com\/index.php?rest_route=\/wp\/v2\/types\/post"}],"author":[{"embeddable":true,"href":"http:\/\/www.chapelle-crecy.com\/index.php?rest_route=\/wp\/v2\/users\/2"}],"replies":[{"embeddable":true,"href":"http:\/\/www.chapelle-crecy.com\/index.php?rest_route=%2Fwp%2Fv2%2Fcomments&post=457"}],"version-history":[{"count":0,"href":"http:\/\/www.chapelle-crecy.com\/index.php?rest_route=\/wp\/v2\/posts\/457\/revisions"}],"wp:attachment":[{"href":"http:\/\/www.chapelle-crecy.com\/index.php?rest_route=%2Fwp%2Fv2%2Fmedia&parent=457"}],"wp:term":[{"taxonomy":"category","embeddable":true,"href":"http:\/\/www.chapelle-crecy.com\/index.php?rest_route=%2Fwp%2Fv2%2Fcategories&post=457"},{"taxonomy":"post_tag","embeddable":true,"href":"http:\/\/www.chapelle-crecy.com\/index.php?rest_route=%2Fwp%2Fv2%2Ftags&post=457"}],"curies":[{"name":"wp","href":"https:\/\/api.w.org\/{rel}","templated":true}]}}