{"id":458,"date":"2012-03-18T22:06:13","date_gmt":"2012-03-18T22:06:13","guid":{"rendered":""},"modified":"-0001-11-30T00:00:00","modified_gmt":"-0001-11-29T22:00:00","slug":"","status":"publish","type":"post","link":"http:\/\/www.chapelle-crecy.com\/?p=458","title":{"rendered":"2\u00e8me cat\u00e9-dimanche \u00e0\u00a0 Cr\u00e9cy"},"content":{"rendered":"<div align=\"justify\">La messe dominicale du 11 mars 2012 fut l&rsquo;occasion du 2\u00e8me cat\u00e9-dimanche, cette belle initiative de l&rsquo;EAP du secteur dans le cadre de la nouvelle cat\u00e9ch\u00e8se voulue par les \u00e9v\u00eaques de France, afin d&rsquo; approfondir, toutes g\u00e9n\u00e9rations confondues, sous forme d&rsquo;ateliers adapt\u00e9s \u00e0\u00a0 chaque  ge, le m\u00eame th\u00e8me li\u00e9 au temps liturgique. Th\u00e8me de la matin\u00e9e : le pardon, \u00e9clair\u00e9 par la lecture du texte de Saint Luc , le fils prodigue.<\/div>\n<div align=\"justify\">Avant la r\u00e9partition en groupes pour les diff\u00e9rents ateliers propos\u00e9s, le p\u00e8re Philippe Legrand, cur\u00e9 du p\u00f4le de Meaux, nous invite \u00e0 \u00eatre \u00e9clair\u00e9s pendant cette matin\u00e9e par cette souriante figure de pr\u00eatre qu&rsquo;a \u00e9t\u00e9 le p\u00e8re Bernard Lallemant,  dont les obs\u00e8ques ont eu lieu en d\u00e9but de semaine, le lundi 5 mars, \u00e0 Montereau. Le p\u00e8re Lallemant fut cur\u00e9 de la paroisse de Cr\u00e9cy pendant 18 ans, de 1976 \u00e0 1994, qu&rsquo;il a tant marqu\u00e9e par ses nombreuses imitatives, notamment aupr\u00e8s des jeunes. Une nouvelle cat\u00e9ch\u00e8se avant l&rsquo;heure certainement \u00e2\u20ac\u00a6 Le p\u00e8re Philippe, avec son humour si fin, dit m\u00eame que ce 2\u00e8me cat\u00e9 dimanche est un clin d&rsquo;oeil, voire un clin Dieu, pour le p\u00e8re Lallemant !<\/p>\n<div align=\"center\"><img decoding=\"async\" src=\"\/IMG\/jpg\/Pere_Philippe.jpg\"><\/div>\n<p>\n Puis c&rsquo;est le d\u00e9part pour les diff\u00e9rents ateliers,  pour les enfants, ados et adultes.<\/p>\n<p> Les enfants de l&rsquo;\u00e9veil \u00e0 la foi suivent Laurence et Fanny dans la salle de r\u00e9union du presbyt\u00e8re pour une s\u00e9ance bricolage sur le th\u00e8me de la journ\u00e9e. Chaque enfant va fabriquer une silhouette qui repr\u00e9sente le fils prodigue mais aussi chacun de nous, et dont l&rsquo;ensemble sera d\u00e9pos\u00e9 dans un bac \u00e0 fleur rempli de sable et apport\u00e9 devant l&rsquo;autel, en offrande lors de la messe, comme le symbole du retour vers le P\u00e8re.<\/p>\n<div align=\"center\"><img decoding=\"async\" src=\"\/IMG\/jpg\/Atelier_Eveil-a-la_foi.jpg\"><\/div>\n<div align=\"center\"><img decoding=\"async\" src=\"\/IMG\/jpg\/Fils_Prodigue.jpg\"><\/div>\n<p> Les enfants de 1\u00e8re et 2\u00e8me ann\u00e9e partent \u00e9galement au presbyt\u00e8re, accompagn\u00e9s par Nicole et Anne-Marie, dans le bureau d&rsquo;accueil, pour trouver dans le texte du fils prodigue ce qui \u00e9voque la pri\u00e8re du Notre P\u00e8re et surtout pour apprendre \u00e0 la gestuer . Au moment du Notre P\u00e8re pendant la messe, les enfants, entourant l&rsquo;autel,  accompagneront  ainsi l&rsquo;assembl\u00e9e.<\/p>\n<div align=\"center\"><img decoding=\"async\" src=\"\/IMG\/jpg\/Notre_Pere_gestue.jpg\"><\/div>\n<p> Toujours au presbyt\u00e8re, mais au sous-sol, se retrouvent nos jeunes ados, certains du MEJ ou de l&rsquo;aum\u00f4nerie, pour suivre un dvd t\u00e9moignage sur la force du pardon qui est lib\u00e9ratrice.  Laetitia, Thierry et Xavier les entourent.  Au presbyt\u00e8re, c&rsquo;est vraiment cat\u00e9 et t\u00e9moignage \u00e0 tous les \u00e9tages ! <\/p>\n<div align=\"center\"><img decoding=\"async\" src=\"\/IMG\/jpg\/Video_Ados.jpg\"><\/div>\n<p> Les salles de cat\u00e9 sont aussi utilis\u00e9es ; c&rsquo;est la moindre des choses, que les salles qui portent ce nom soient aussi le lieu d&rsquo;atelier en cette journ\u00e9e de cat\u00e9-dimanche \u00e2\u20ac\u00a6 L\u00e0, ce sont les enfants de 3\u00e8me et 4\u00e8me ann\u00e9e qui vont d\u00e9couvrir le lien entre le bapt\u00eame et le pardon, avec l&rsquo;aide d&rsquo;Evelyne et de Ren\u00e9e. S&rsquo;ajoute \u00e0 cela la fabrication d&rsquo;un petit baptist\u00e8re, qui sera rempli d&rsquo;eau ensuite et dont le contenu sera vers\u00e9 par chaque enfant dans le grand baptist\u00e8re paroissial. Apr\u00e8s la b\u00e9n\u00e9diction de l&rsquo;eau par le pr\u00eatre, le p\u00e8re Philippe pratiquera le rite p\u00e9nitentiel de l&rsquo;aspersion des fid\u00e8les.<\/p>\n<div align=\"center\"><img decoding=\"async\" src=\"\/IMG\/jpg\/Atelier-Evelyne1.jpg\"><\/div>\n<div align=\"center\"><img decoding=\"async\" src=\"\/IMG\/jpg\/Atelier_Evelyne2.jpg\"><\/div>\n<p> Tout ce qui est fait dans les ateliers  est ainsi utilis\u00e9 pour la liturgie de la messe mais surtout pr\u00e9pare les coeurs \u00e0 bien vivre la c\u00e9l\u00e9bration \u00e0 venir dans l&rsquo;\u00e9glise. Mais pour l&rsquo;instant, dans l&rsquo;\u00e9glise, ce sont les adultes qui y sont rest\u00e9s, pour suivre une vid\u00e9o t\u00e9moignage sur la gr\u00e2ce du sacrement de r\u00e9conciliation, en rapport avec le th\u00e8me de la journ\u00e9e, le pardon. Nous sommes \u00e9clair\u00e9s surtout par le t\u00e9moignage d&rsquo;un ancien chanteur \u00e0 succ\u00e8s, Steven Gunnell, un des quatre \u00ab boys \u00bb du groupe Alliage, groupe de chanteurs fran\u00e7ais de la fin des ann\u00e9es 90 \u00e0 l&rsquo;\u00e9poque du ph\u00e9nom\u00e8ne des \u00ab boys band \u00bb.  Le r\u00e9cit est celui d&rsquo;une r\u00e9demption, celle d&rsquo;un jeune bris\u00e9 par les mirages de la gloire et arrach\u00e9 des t\u00e9n\u00e8bres par la red\u00e9couverte du Christ et la puissance de son Amour. <\/p>\n<div align=\"center\"><img decoding=\"async\" src=\"\/IMG\/jpg\/Video_adultes.jpg\"><\/div>\n<p>Apr\u00e8s la projection du petit film, le p\u00e8re Philippe propose la lecture de l&rsquo;Evangile selon saint Luc (15, 1-3. 11-32), la parabole du p\u00e8re mis\u00e9ricordieux et du fils prodigue. Puis il invite l&rsquo;assembl\u00e9e pr\u00e9sente \u00e0 r\u00e9fl\u00e9chir, par petits groupes, ce que ce texte dit de Dieu et de nous-m\u00eames et de discerner les joies et les difficult\u00e9s du pardon de Dieu et du pardon \u00e0 nos fr\u00e8res. C&rsquo;est un moment de partage, permettant aussi aux paroissiens de mieux se conna \u00eetre.<\/p>\n<div align=\"center\"><img decoding=\"async\" src=\"\/IMG\/jpg\/Partage-adulte2.jpg\"><\/div>\n<div align=\"center\"><img decoding=\"async\" src=\"\/IMG\/jpg\/Partage-adulte3.jpg\"><\/div>\n<p> 10h30, fin des diff\u00e9rents ateliers, tout le monde se retrouve pour la messe dans l&rsquo;\u00e9glise St Georges, qui sera ponctu\u00e9e aujourd&rsquo;hui par la  2\u00e8me  \u00e9tape de pr\u00e9paration au bapt\u00eame d&rsquo;Alban, jeune enfant qui sera baptis\u00e9 le 13 mai. A cette occasion, il re\u00e7oit du p\u00e8re Philippe une croix et un livre des Evangiles, \u00ab le portable de J\u00e9sus \u00bb selon la belle formule du p\u00e8re Philippe.     <\/p>\n<div align=\"center\"><img decoding=\"async\" src=\"\/IMG\/jpg\/Alban-1.jpg\"><\/div>\n<div align=\"center\"><img decoding=\"async\" src=\"\/IMG\/jpg\/Alban-2.jpg\"><\/div>\n<p> La 1\u00e8re lecture de la Parole met l&rsquo;accent surtout sur les 10 commandements que Dieu nous invite \u00e0 suivre ; mais comme le dit le p\u00e8re Philippe, \u00eatre chr\u00e9tien, ce n&rsquo;est pas appliquer seulement un r\u00e8glement,  qui est certes juste,  c&rsquo;est  d&rsquo;abord \u00eatre s\u00e9duit par la pr\u00e9sence du Christ, l&rsquo;\u00e9couter, le suivre et imiter sa vie.  Devenir maison de Dieu, voil\u00e0 le beau programme de tout baptis\u00e9 !<\/p>\n<div align=\"center\"><img decoding=\"async\" src=\"\/IMG\/jpg\/Baptistere.jpg\"><\/div>\n<p> En tout cas l&rsquo;autre maison de Dieu, l&rsquo;\u00e9glise St Georges, est bien remplie ce matin, avec un \u00e9ventail de g\u00e9n\u00e9rations  qui rend la communaut\u00e9 bien vivante. Merci aux cat\u00e9chistes et aux accompagnateurs(trices) pour leur engagement aupr\u00e8s des enfants et ados. <\/p>\n<p> Rendez-vous au prochain cat\u00e9-dimanche, lors de la messe d&rsquo;action de gr\u00e2ces avant les vacances d&rsquo;\u00e9t\u00e9, le 24 juin !<\/p>\n<div align=\"center\"><img decoding=\"async\" src=\"\/IMG\/jpg\/Enfants_Eveil_a_la_foi.jpg\"><\/div>\n<div align=\"center\"><img decoding=\"async\" src=\"\/IMG\/jpg\/Affiche-pardon.jpg\"><\/div>\n<\/div>\n","protected":false},"excerpt":{"rendered":"<p>La messe dominicale du 11 mars 2012 fut l&rsquo;occasion du 2\u00e8me cat\u00e9-dimanche, cette belle initiative de l&rsquo;EAP du secteur dans le cadre de la nouvelle cat\u00e9ch\u00e8se voulue par les \u00e9v\u00eaques de France, afin d&rsquo;&#46;&#46;&#46;<\/p>\n","protected":false},"author":2,"featured_media":0,"comment_status":"open","ping_status":"open","sticky":false,"template":"","format":"standard","meta":{"footnotes":""},"categories":[],"tags":[],"class_list":["post-458","post","type-post","status-publish","format-standard","hentry"],"_links":{"self":[{"href":"http:\/\/www.chapelle-crecy.com\/index.php?rest_route=\/wp\/v2\/posts\/458","targetHints":{"allow":["GET"]}}],"collection":[{"href":"http:\/\/www.chapelle-crecy.com\/index.php?rest_route=\/wp\/v2\/posts"}],"about":[{"href":"http:\/\/www.chapelle-crecy.com\/index.php?rest_route=\/wp\/v2\/types\/post"}],"author":[{"embeddable":true,"href":"http:\/\/www.chapelle-crecy.com\/index.php?rest_route=\/wp\/v2\/users\/2"}],"replies":[{"embeddable":true,"href":"http:\/\/www.chapelle-crecy.com\/index.php?rest_route=%2Fwp%2Fv2%2Fcomments&post=458"}],"version-history":[{"count":0,"href":"http:\/\/www.chapelle-crecy.com\/index.php?rest_route=\/wp\/v2\/posts\/458\/revisions"}],"wp:attachment":[{"href":"http:\/\/www.chapelle-crecy.com\/index.php?rest_route=%2Fwp%2Fv2%2Fmedia&parent=458"}],"wp:term":[{"taxonomy":"category","embeddable":true,"href":"http:\/\/www.chapelle-crecy.com\/index.php?rest_route=%2Fwp%2Fv2%2Fcategories&post=458"},{"taxonomy":"post_tag","embeddable":true,"href":"http:\/\/www.chapelle-crecy.com\/index.php?rest_route=%2Fwp%2Fv2%2Ftags&post=458"}],"curies":[{"name":"wp","href":"https:\/\/api.w.org\/{rel}","templated":true}]}}