{"id":459,"date":"2012-03-17T20:34:07","date_gmt":"2012-03-17T20:34:07","guid":{"rendered":""},"modified":"-0001-11-30T00:00:00","modified_gmt":"-0001-11-29T22:00:00","slug":"","status":"publish","type":"post","link":"http:\/\/www.chapelle-crecy.com\/?p=459","title":{"rendered":"Annonces de la semaine du 19 au 25 mars 2012"},"content":{"rendered":"<table bgcolor =\"F0FAFF\" border=0>\n<tbody>\n<tr>\n<td>\n<div align=\"justify\">\n<div \"388\">Voici les annonces de la semaine du lundi 19 au dimanche 25 mars 2012 pour la paroisse des 3 clochers Cr\u00e9cy-la-Chapelle, Villiers-sur-Morin, Voulangis.<br \/>\nSamedi 24 \u00e0\u00a0 18h30 : messe \u00e0\u00a0 Voulangis &#8211; Dimanche 25 \u00e0\u00a0 10h30 messe \u00e0\u00a0 Cr\u00e9cy.<br \/>Tous les d\u00e9tails dans la suite &#8230;<\/div>\n<\/div>\n<\/td>\n<\/tr>\n<\/tbody>\n<\/table>\n<table bgcolor =\"F0F6FF\" border=0>\n<tbody>\n<tr>\n<td width=\"20%\"><font color=\"00CC00\">Lundi 19 mars<\/font><\/td>\n<td><font color=\"00CC00\">17 h  Messe \u00e0 la maison de retraite pour les d\u00e9funts de la famille DE ABREU.<\/font><\/td>\n<td><font color=\"00CC00\"><\/p>\n<div align=\"center\"><img decoding=\"async\" src=\"\/IMG\/gif\/lumiere_65.gif\"><\/div>\n<p><\/font><\/td>\n<\/tr>\n<tr>\n<td><font color=\"802020\">Mardi 20 mars<font><\/td>\n<td><font color=\"802020\"><\/p>\n<div align=\"center\"><img decoding=\"async\" src=\"\/IMG\/gif\/cross.gif\"><\/div>\n<p><font><\/td>\n<td><font color=\"802020\">18 h &#8211; Messe pour Raymonde et Robert GUILLAUMY.<\/font><\/td>\n<\/tr>\n<tr>\n<td><font color=\"0020FF\">Mercredi 21 mars<font><\/td>\n<td><font color=\"0020FF\">9h &#8211; Messe pour Philippe CAIN et Pierre MATTHIEU.<\/font><\/td>\n<td><font color=\"00CC00\"><\/p>\n<div align=\"center\"><img decoding=\"async\" src=\"\/IMG\/gif\/bibles004.gif\"><\/div>\n<p><font><\/td>\n<\/tr>\n<tr>\n<td><font color=\"00CC00\">Jeudi 22 mars<font><\/td>\n<td><font color=\"00CC00\"><\/p>\n<div align=\"center\"><img decoding=\"async\" src=\"\/IMG\/jpg\/bible-1.jpg\" width=150><\/div>\n<p><font><\/td>\n<td><font color=\"00CC00\">9 h &#8211; Messe pour les Ames du Purgatoire.<\/font><\/td>\n<\/tr>\n<tr>\n<td><font color=\"802020\">Vendredi 23 mars<font><\/td>\n<td><font color=\"802020\">18 h &#8211; Messe pour Mich\u00e8le BOISSAVIT et Claude LABBE.<font><\/td>\n<td><font color=\"802020\">19 h  Soupe de Car\u00eame et soir\u00e9e vid\u00e9o \u00ab Carnets de voyage \u00bb.<\/font><\/td>\n<\/tr>\n<tr>\n<td><font color=\"0020FF\">Samedi 24 mars<\/font><\/td>\n<td><font color=\"0020FF\">de 14 h. \u00e0 17 h &#8211; journ\u00e9e du Pardon \u00e0 l&rsquo;Eglise St Jean Bosco \u00e0 Meaux.<font><\/td>\n<td><font color=\"0020FF\">18h30  Messe \u00e0 Voulangis pour Gilbert CAPITAINE et Paul LECUYER.<\/font><\/td>\n<\/tr>\n<tr>\n<td><font color=\"00CC00\">Dimanche 25 mars<\/font><\/td>\n<td><font color=\"00CC00\"><\/p>\n<div align=\"center\"><img decoding=\"async\" src=\"\/IMG\/lieux\/stgeorges12.jpg\"  width=150>\n<\/div>\n<p><\/font><\/td>\n<td><font color=\"00CC00\">10 h 30 &#8211; A Cr\u00e9cy Messe d&rsquo;entr\u00e9e de la d\u00e9marche diaconale \u00e0 Meaux Ainsi que pour C\u00e9cile BOURDESSOULE et Thibaud CHRETIEN.<br \/>\nA la fin de la messe, vente de g\u00e2teaux par les jeunes de l&rsquo;Aum\u00f4nerie et du MEJ pour aider au financement de leur participation au FRAT de<br \/>\nLourdes.<br \/>\nMerci de faire bon accueil \u00e0 ces jeunes qui comptent sur nous.<br \/>\n<\/font><\/td>\n<\/tr>\n<\/tbody>\n<\/table>\n","protected":false},"excerpt":{"rendered":"<p>Voici les annonces de la semaine du lundi 19 au dimanche 25 mars 2012 pour la paroisse des 3 clochers Cr\u00e9cy-la-Chapelle, Villiers-sur-Morin, Voulangis. Samedi 24 \u00e0\u00a0 18h30 : messe \u00e0\u00a0 Voulangis &#8211; Dimanche 25&#46;&#46;&#46;<\/p>\n","protected":false},"author":2,"featured_media":0,"comment_status":"open","ping_status":"open","sticky":false,"template":"","format":"standard","meta":{"footnotes":""},"categories":[],"tags":[],"class_list":["post-459","post","type-post","status-publish","format-standard","hentry"],"_links":{"self":[{"href":"http:\/\/www.chapelle-crecy.com\/index.php?rest_route=\/wp\/v2\/posts\/459","targetHints":{"allow":["GET"]}}],"collection":[{"href":"http:\/\/www.chapelle-crecy.com\/index.php?rest_route=\/wp\/v2\/posts"}],"about":[{"href":"http:\/\/www.chapelle-crecy.com\/index.php?rest_route=\/wp\/v2\/types\/post"}],"author":[{"embeddable":true,"href":"http:\/\/www.chapelle-crecy.com\/index.php?rest_route=\/wp\/v2\/users\/2"}],"replies":[{"embeddable":true,"href":"http:\/\/www.chapelle-crecy.com\/index.php?rest_route=%2Fwp%2Fv2%2Fcomments&post=459"}],"version-history":[{"count":0,"href":"http:\/\/www.chapelle-crecy.com\/index.php?rest_route=\/wp\/v2\/posts\/459\/revisions"}],"wp:attachment":[{"href":"http:\/\/www.chapelle-crecy.com\/index.php?rest_route=%2Fwp%2Fv2%2Fmedia&parent=459"}],"wp:term":[{"taxonomy":"category","embeddable":true,"href":"http:\/\/www.chapelle-crecy.com\/index.php?rest_route=%2Fwp%2Fv2%2Fcategories&post=459"},{"taxonomy":"post_tag","embeddable":true,"href":"http:\/\/www.chapelle-crecy.com\/index.php?rest_route=%2Fwp%2Fv2%2Ftags&post=459"}],"curies":[{"name":"wp","href":"https:\/\/api.w.org\/{rel}","templated":true}]}}