{"id":460,"date":"2012-03-21T00:05:00","date_gmt":"2012-03-21T00:05:00","guid":{"rendered":""},"modified":"-0001-11-30T00:00:00","modified_gmt":"-0001-11-29T22:00:00","slug":"","status":"publish","type":"post","link":"http:\/\/www.chapelle-crecy.com\/?p=460","title":{"rendered":"F\u00eate du pardon le 24 mars 2012 \u00e0\u00a0 Meaux-Beauval"},"content":{"rendered":"<div align=\"justify\">Vous \u00eates tous invit\u00e9s \u00e0\u00a0 venir \u00e0\u00a0 la f\u00eate du Pardon, le samedi 24 mars prochain, \u00e0\u00a0 l&rsquo;\u00e9glise St Jean Bosco, rue Henri Dunant \u00e0\u00a0 Meaux (Quartier Collinet). Vous trouverez un plan exact dans la suite de l&rsquo;article. Cette apr\u00e8s-midi de r\u00e9conciliation est essentielle, pour pr\u00e9parer son coeur et participer pleinement aux f\u00eates pascales qui approchent. Le P\u00e8re Philippe vous invite tout particuli\u00e8rement et personnellement \u00e0\u00a0 faire cette d\u00e9marche p\u00e9nitentielle. Tous les pr\u00eatres du P\u00f4le seront \u00e0\u00a0 votre disposition pour vous aider \u00e0\u00a0 confier vos p\u00e9ch\u00e9s, vos fautes, ces lourdeurs qui nous emp\u00eachent de nous approcher du Seigneur. Mais, beaucoup d&rsquo;autres activit\u00e9s vous sont \u00e9galement propos\u00e9es pour que vous soyez pleinement dispos\u00e9s \u00e0\u00a0 recevoir les gr ces abondantes du sacrement de la r\u00e9conciliation. Lisez plut t le programme&#8230;<\/div>\n<div align=\"justify\">\n<p>           Entr\u00e9e libre           de 14h 30 \u00e0 18h<\/p>\n<div align=\"center\"><img decoding=\"async\" src=\"\/IMG\/jpg\/pardon.jpg\"><\/div>\n<p> Une c\u00e9l\u00e9bration p\u00e9nitentielle aura lieu, toutes les heures au fil de l&rsquo;apr\u00e8s-midi, \u00e0:<br \/>\n             14H45 &#8211; 15H45  16H45<\/p>\n<p> Vous avez la possibilit\u00e9 de venir vous confesser:<\/p>\n<p> Pour vous y pr\u00e9parer, chacun peut, s&rsquo;il le souhaite, \u00e0 tout moment :<\/p>\n<p> *suivre une vid\u00e9o qui passera en boucle sur des t\u00e9moignages v\u00e9cus sur le pardon.<\/p>\n<p> * prier devant le Saint Sacrement expos\u00e9.<\/p>\n<p> * parler \u00e0 quelqu&rsquo;un, puisqu&rsquo;il y aura un accueil\/\u00e9coute <\/p>\n<p> * les jeunes seront pris en charge<\/p>\n<p> Sept \u00e0 huit pr\u00eatres seront pr\u00e9sents tout l&rsquo;apr\u00e8s midi.<\/p>\n<p> La f\u00eate se terminera par une farandole \u00e0 l&rsquo;ext\u00e9rieur de l&rsquo;\u00e9glise sur le parking<br \/>\n Puis une c\u00e9l\u00e9bration Eucharistique sera c\u00e9l\u00e9br\u00e9e \u00e0 18 H 30.<\/p>\n<div align=\"center\"><img decoding=\"async\" src=\"\/IMG\/jpg\/fete_pardon.jpg\" width=550><\/div>\n<p> Informez tous vos amis de ce grand \u00e9v\u00e8nement annuel au niveau du p\u00f4le de Meaux, initi\u00e9 d\u00e9j\u00e0 il y a 3 ans. Vous pouvez distribuer \u00e0 tous vos proches le document imprimable ci-joint au bas de cette page, intitul\u00e9 \u00ab\u00a0fete_du_pardon.doc\u00a0\u00bb.  <\/p>\n<div align=\"center\"><img decoding=\"async\" src=\"\/IMG\/jpg\/pecheur.jpg\"><\/div>\n<p> Nous vous communiquons, ici, quelques indications pour rejoindre l&rsquo;\u00e9glise Saint Jean Bosco, rue Henri-Dunant, \u00e0 Meaux:<br \/>\n \u00e0 l&rsquo;entr\u00e9e de Meaux, en venant de l&rsquo;autoroute A4, dans la descente vers Meaux au niveau du feu rouge indiquant la direction de Chalons, tourner \u00e0 droite, traverser le pont de la Marne puis aller tout droit jusqu&rsquo;\u00e0 l&rsquo;indication du quartier Dunant \u00e0 droite; l&rsquo;\u00e9glise se trouve en contrebas. <br \/>\n Voici un plan pour rejoindre l&rsquo;\u00e9glise St Jean Bosco depuis l&rsquo;autoroute A4 (suivre le trait rouge): <\/p>\n<div align=\"center\"><img decoding=\"async\" src=\"\/IMG\/jpg\/planMeaux.jpg\" width=600><\/div>\n<p> et une photo prise par Google de l&rsquo;\u00e9glise St Jean Bosco:<\/p>\n<div align=\"center\"><img decoding=\"async\" src=\"\/IMG\/jpg\/Bosco.jpg\"><\/div>\n<\/div>\n","protected":false},"excerpt":{"rendered":"<p>Vous \u00eates tous invit\u00e9s \u00e0\u00a0 venir \u00e0\u00a0 la f\u00eate du Pardon, le samedi 24 mars prochain, \u00e0\u00a0 l&rsquo;\u00e9glise St Jean Bosco, rue Henri Dunant \u00e0\u00a0 Meaux (Quartier Collinet). Vous trouverez un plan exact dans&#46;&#46;&#46;<\/p>\n","protected":false},"author":2,"featured_media":0,"comment_status":"open","ping_status":"open","sticky":false,"template":"","format":"standard","meta":{"footnotes":""},"categories":[],"tags":[],"class_list":["post-460","post","type-post","status-publish","format-standard","hentry"],"_links":{"self":[{"href":"http:\/\/www.chapelle-crecy.com\/index.php?rest_route=\/wp\/v2\/posts\/460","targetHints":{"allow":["GET"]}}],"collection":[{"href":"http:\/\/www.chapelle-crecy.com\/index.php?rest_route=\/wp\/v2\/posts"}],"about":[{"href":"http:\/\/www.chapelle-crecy.com\/index.php?rest_route=\/wp\/v2\/types\/post"}],"author":[{"embeddable":true,"href":"http:\/\/www.chapelle-crecy.com\/index.php?rest_route=\/wp\/v2\/users\/2"}],"replies":[{"embeddable":true,"href":"http:\/\/www.chapelle-crecy.com\/index.php?rest_route=%2Fwp%2Fv2%2Fcomments&post=460"}],"version-history":[{"count":0,"href":"http:\/\/www.chapelle-crecy.com\/index.php?rest_route=\/wp\/v2\/posts\/460\/revisions"}],"wp:attachment":[{"href":"http:\/\/www.chapelle-crecy.com\/index.php?rest_route=%2Fwp%2Fv2%2Fmedia&parent=460"}],"wp:term":[{"taxonomy":"category","embeddable":true,"href":"http:\/\/www.chapelle-crecy.com\/index.php?rest_route=%2Fwp%2Fv2%2Fcategories&post=460"},{"taxonomy":"post_tag","embeddable":true,"href":"http:\/\/www.chapelle-crecy.com\/index.php?rest_route=%2Fwp%2Fv2%2Ftags&post=460"}],"curies":[{"name":"wp","href":"https:\/\/api.w.org\/{rel}","templated":true}]}}