{"id":461,"date":"2012-03-20T09:31:15","date_gmt":"2012-03-20T09:31:15","guid":{"rendered":""},"modified":"-0001-11-30T00:00:00","modified_gmt":"-0001-11-29T22:00:00","slug":"","status":"publish","type":"post","link":"http:\/\/www.chapelle-crecy.com\/?p=461","title":{"rendered":"Saint Joseph patron de l&rsquo;Eglise universelle"},"content":{"rendered":"<div align=\"justify\"> \u00ab\u00a0Homme juste\u00a0\u00bb (Lc 1, 19), \u00e9poux de la Vierge Marie, il veilla sur J\u00e9sus comme un p\u00e8re. Gardien de la Sainte Famille, il continue aujourd&rsquo;hui \u00e0\u00a0 prot\u00e9ger l&rsquo;Eglise universelle. Rappelons-nous que lorsque le plan de Dieu vient bousculer ses projets d&rsquo;avenir, il ob\u00e9it humblement. Hier, \u00e0\u00a0 la maison de retraite de Cr\u00e9cy, la messe \u00e9tait c\u00e9l\u00e9br\u00e9e par le P\u00e8re Jean-Claude Marjou en l&rsquo;honneur de ce grand Saint, mod\u00e8le d&rsquo;humilit\u00e9 qui a su dire OUI au Seigneur sans comprendre ce qui lui arrivait. En communion avec nos fr\u00e8res malades et affaiblis par la vieillesse, dans les maisons de retraites et dans nos familles, prions&#8230;<\/div>\n<div align=\"center\"><img decoding=\"async\" src=\"\/IMG\/jpg\/MR_Crecy.jpg\n\" width=500><\/div>\n<p><\/p>\n<p> Mon Dieu, tu es toute tendresse<\/p>\n<p> Mon Dieu, tu es toute tendresse pour moi.<br \/>\n Je te le demande par ton Fils bien-aim\u00e9,<br \/>\n accorde-moi de me laisser emplir de mis\u00e9ricorde<br \/>\n et d&rsquo;aimer tout ce que tu m&rsquo;inspires.<br \/>\n Donne-moi de compatir \u00e0 ceux qui sont dans l&rsquo;affliction,<br \/>\n et d&rsquo;aller au secours de ceux qui sont dans le besoin.<\/p>\n<p> Donne-moi de soulager les malheureux,<br \/>\n d&rsquo;offrir un asile \u00e0 ceux qui en manquent,<br \/>\n de consoler les afflig\u00e9s, d&rsquo;encourager les opprim\u00e9s.<\/p>\n<p> Donne-moi de pardonner \u00e0 celui qui m&rsquo;aura offens\u00e9,<br \/>\n d&rsquo;aimer ceux qui me ha\u00efssent,<br \/>\n de rendre toujours le bien pour le mal,<br \/>\n de n&rsquo;avoir de m\u00e9pris pour personne,<br \/>\n et d&rsquo;honorer tous les hommes.<\/p>\n<p>  Pri\u00e8re de Saint Anselme (1033-1109)<\/p>\n<div align=\"center\"><img decoding=\"async\" src=\"\/IMG\/jpg\/MR_Crecy_2.jpg\n\" width=500><\/div>\n<p><\/p>\n","protected":false},"excerpt":{"rendered":"<p>\u00ab\u00a0Homme juste\u00a0\u00bb (Lc 1, 19), \u00e9poux de la Vierge Marie, il veilla sur J\u00e9sus comme un p\u00e8re. Gardien de la Sainte Famille, il continue aujourd&rsquo;hui \u00e0\u00a0 prot\u00e9ger l&rsquo;Eglise universelle. Rappelons-nous que lorsque le plan&#46;&#46;&#46;<\/p>\n","protected":false},"author":2,"featured_media":0,"comment_status":"open","ping_status":"open","sticky":false,"template":"","format":"standard","meta":{"footnotes":""},"categories":[],"tags":[],"class_list":["post-461","post","type-post","status-publish","format-standard","hentry"],"_links":{"self":[{"href":"http:\/\/www.chapelle-crecy.com\/index.php?rest_route=\/wp\/v2\/posts\/461","targetHints":{"allow":["GET"]}}],"collection":[{"href":"http:\/\/www.chapelle-crecy.com\/index.php?rest_route=\/wp\/v2\/posts"}],"about":[{"href":"http:\/\/www.chapelle-crecy.com\/index.php?rest_route=\/wp\/v2\/types\/post"}],"author":[{"embeddable":true,"href":"http:\/\/www.chapelle-crecy.com\/index.php?rest_route=\/wp\/v2\/users\/2"}],"replies":[{"embeddable":true,"href":"http:\/\/www.chapelle-crecy.com\/index.php?rest_route=%2Fwp%2Fv2%2Fcomments&post=461"}],"version-history":[{"count":0,"href":"http:\/\/www.chapelle-crecy.com\/index.php?rest_route=\/wp\/v2\/posts\/461\/revisions"}],"wp:attachment":[{"href":"http:\/\/www.chapelle-crecy.com\/index.php?rest_route=%2Fwp%2Fv2%2Fmedia&parent=461"}],"wp:term":[{"taxonomy":"category","embeddable":true,"href":"http:\/\/www.chapelle-crecy.com\/index.php?rest_route=%2Fwp%2Fv2%2Fcategories&post=461"},{"taxonomy":"post_tag","embeddable":true,"href":"http:\/\/www.chapelle-crecy.com\/index.php?rest_route=%2Fwp%2Fv2%2Ftags&post=461"}],"curies":[{"name":"wp","href":"https:\/\/api.w.org\/{rel}","templated":true}]}}