{"id":462,"date":"2012-03-23T14:29:11","date_gmt":"2012-03-23T14:29:11","guid":{"rendered":""},"modified":"-0001-11-30T00:00:00","modified_gmt":"-0001-11-29T22:00:00","slug":"","status":"publish","type":"post","link":"http:\/\/www.chapelle-crecy.com\/?p=462","title":{"rendered":"Pierre Louis nous a quitt\u00e9s"},"content":{"rendered":"<div align=\"justify\">Les obs\u00e8ques de Pierre Louis ont eu lieu aujourd&rsquo;hui \u00e0\u00a0 14h30 \u00e0\u00a0 l&rsquo;\u00e9glise St Georges de Cr\u00e9cy. Il fut 1er adjoint au maire de La Chapelle s\/ Cr\u00e9cy puis de Cr\u00e9cy-la-Chapelle. Avec le P\u00e8re Lallemant, d\u00e9c\u00e9d\u00e9 le mois dernier, il s&rsquo;est occup\u00e9 activement de la colonie de vacances \u00ab\u00a0de Lamoura\u00a0\u00bb dans le Jura. Soyons en union de pri\u00e8re pour lui et pour sa famille. Nous avons bien s\u00fbr une pens\u00e9e \u00e9mue pour Jacqueline, son \u00e9pouse, qui depuis longtemps fleurit nos \u00e9glises de St Georges et la Coll\u00e9giale. Ces fleurs qui nous font penser \u00e0\u00a0 la vie. Les chr\u00e9tiens fleurissent les tombes en signe d&rsquo;esp\u00e9rance en la vie dans l&rsquo;au-del\u00e0\u00a0. Soyons assur\u00e9s que notre ami Pierre est entr\u00e9 aujourd&rsquo;hui d\u00e9finitivement dans une vie nouvelle avec Dieu&#8230; <\/div>\n<div align=\"justify\"> <br \/>\nL&rsquo;A Dieu \u00e0 Pierre Louis, en l&rsquo;\u00e9glise St Georges de Cr\u00e9cy<br \/>\nLe 23 mars 2012<\/p>\n<p> Nous sommes r\u00e9unis aujourd&rsquo;hui pour l&rsquo;A Dieu \u00e0 Pierre Louis d\u00e9c\u00e9d\u00e9 le 18 mars dernier et c&rsquo;est au nom de l&rsquo;Eglise que la communaut\u00e9 paroissiale de Cr\u00e9cy, Villiers, Voulangis vous accueille et vous t\u00e9moigne de son affection \u00e0 vous, Jacqueline, ainsi qu&rsquo;\u00e0 vos enfants et \u00e0 toute votre famille. <\/p>\n<p> Pierre Louis est n\u00e9 \u00e0 B\u00e9thune, dans le Pas de Calais, le 14 d\u00e9cembre 1923.<br \/>\n Il passe son enfance \u00e0 Esbly et va \u00e0 l&rsquo;\u00e9cole \u00e0 Esbly. C&rsquo;est aussi l\u00e0-bas qu&rsquo;il re\u00e7oit son \u00e9ducation religieuse.<br \/>\n Puis il est pensionnaire \u00e0 Nemours o\u00f9 il passe son Brevet Sup\u00e9rieur.<br \/>\nIl travaille un peu \u00e0 Meaux puis il est embauch\u00e9 par la ville Paris comme dessinateur au plan de Paris. Il y fait toute sa carri\u00e8re professionnelle et finit comme ing\u00e9nieur.<br \/>\nPour se rendre \u00e0 son travail il prend chaque jour le train et c&rsquo;est l\u00e0 qu&rsquo;il rencontre Jacqueline.<br \/>\n Tous 2 se marient le 24 juillet 1952.<br \/>\n De leur union sont n\u00e9s 2 enfants : Elisabeth et Didier.<br \/>\n Aujourd&rsquo;hui la famille s&rsquo;est agrandie et compte 6 petits-enfants et 3 arri\u00e8re-petites-filles.<\/p>\n<p> En plus de son travail, Pierre s&rsquo;investit dans de nombreuses activit\u00e9s :<br \/>\n Il est conseiller municipal \u00e0 Cr\u00e9cy pendant 35 ans.<br \/>\n Il fait partie du syndicat d&rsquo;initiative, du syndicat de la p\u00eache, du syndicat des eaux, du Festival du pays Briard.<br \/>\nHomme de foi, Pierre est membre de l&rsquo;association paroissiale Jean Baptiste Vianney.<br \/>\n Il s&rsquo;est aussi \u00e9norm\u00e9ment occup\u00e9 de la colonie de Lamoura avec le P\u00e8re Lallemant qui fut notre pr\u00eatre pendant 18 ans et qui vient de nous quitter quelques jours avant notre ami.<\/p>\n<p> Pourtant Pierre est un homme discret, consensuel. C&rsquo;est quelqu&rsquo;un qui sait \u00e9couter et s&rsquo;il s&rsquo;investit autant dans la vie publique ce n&rsquo;est pas pour se faire valoir, mais plut\u00f4t par besoin de rendre service.<\/p>\n<p> Pierre aimait beaucoup tout ce qui touchait \u00e0 la Vierge Marie<br \/>\nIl r\u00e9citait r\u00e9guli\u00e8rement son chapelet, priait avec les \u00e9quipes du Rosaire.<br \/>\n Il a aussi particip\u00e9 aux p\u00e8lerinages dioc\u00e9sain de Lourdes jusqu&rsquo;en 2010.<\/p>\n<p> Il venait d&rsquo;entrer \u00e0 la maison de retraite de La Fert\u00e9 Gaucher o\u00f9 il est rest\u00e9 10 jours.<br \/>\n Samedi il a re\u00e7u la communion pour la derni\u00e8re fois. Il avait pr\u00e9vu de regarder la messe \u00e0 la t\u00e9l\u00e9vision dimanche matin, mais le Seigneur l&rsquo;a rappel\u00e9 pour qu&rsquo;il vive cette messe pr\u00e8s de Lui.<\/p>\n<p> Pendant cette c\u00e9l\u00e9bration de l&rsquo;A Dieu, nous \u00e9couterons la Parole de Dieu dans les textes que vous avez choisis. Qu&rsquo;ils vous apportent la s\u00e9r\u00e9nit\u00e9, la paix et l&rsquo;esp\u00e9rance. Pierre, pr\u00e8s de Dieu, restera proche de vous, nous en sommes certains. Avec confiance, demandons \u00e0 Dieu, par son Fils J\u00e9sus-Christ ressuscit\u00e9, de lui accorder de vivre pour toujours pr\u00e8s de Lui.<\/p><\/div>\n","protected":false},"excerpt":{"rendered":"<p>Les obs\u00e8ques de Pierre Louis ont eu lieu aujourd&rsquo;hui \u00e0\u00a0 14h30 \u00e0\u00a0 l&rsquo;\u00e9glise St Georges de Cr\u00e9cy. Il fut 1er adjoint au maire de La Chapelle s\/ Cr\u00e9cy puis de Cr\u00e9cy-la-Chapelle. Avec le P\u00e8re&#46;&#46;&#46;<\/p>\n","protected":false},"author":2,"featured_media":0,"comment_status":"open","ping_status":"open","sticky":false,"template":"","format":"standard","meta":{"footnotes":""},"categories":[],"tags":[],"class_list":["post-462","post","type-post","status-publish","format-standard","hentry"],"_links":{"self":[{"href":"http:\/\/www.chapelle-crecy.com\/index.php?rest_route=\/wp\/v2\/posts\/462","targetHints":{"allow":["GET"]}}],"collection":[{"href":"http:\/\/www.chapelle-crecy.com\/index.php?rest_route=\/wp\/v2\/posts"}],"about":[{"href":"http:\/\/www.chapelle-crecy.com\/index.php?rest_route=\/wp\/v2\/types\/post"}],"author":[{"embeddable":true,"href":"http:\/\/www.chapelle-crecy.com\/index.php?rest_route=\/wp\/v2\/users\/2"}],"replies":[{"embeddable":true,"href":"http:\/\/www.chapelle-crecy.com\/index.php?rest_route=%2Fwp%2Fv2%2Fcomments&post=462"}],"version-history":[{"count":0,"href":"http:\/\/www.chapelle-crecy.com\/index.php?rest_route=\/wp\/v2\/posts\/462\/revisions"}],"wp:attachment":[{"href":"http:\/\/www.chapelle-crecy.com\/index.php?rest_route=%2Fwp%2Fv2%2Fmedia&parent=462"}],"wp:term":[{"taxonomy":"category","embeddable":true,"href":"http:\/\/www.chapelle-crecy.com\/index.php?rest_route=%2Fwp%2Fv2%2Fcategories&post=462"},{"taxonomy":"post_tag","embeddable":true,"href":"http:\/\/www.chapelle-crecy.com\/index.php?rest_route=%2Fwp%2Fv2%2Ftags&post=462"}],"curies":[{"name":"wp","href":"https:\/\/api.w.org\/{rel}","templated":true}]}}