{"id":464,"date":"2012-03-31T14:01:50","date_gmt":"2012-03-31T14:01:50","guid":{"rendered":""},"modified":"-0001-11-30T00:00:00","modified_gmt":"-0001-11-29T22:00:00","slug":"","status":"publish","type":"post","link":"http:\/\/www.chapelle-crecy.com\/?p=464","title":{"rendered":"Annonces de la semaine du 2 au 8 avril 2012"},"content":{"rendered":"<table bgcolor =\"F0FAFF\" border=0>\n<tbody>\n<tr>\n<td>\n<div align=\"justify\">\n<div \"395\">Voici les annonces de la semaine du lundi 2 au dimanche 8 avril 2012 pour la paroisse des 3 clochers Cr\u00e9cy-la-Chapelle, Villiers-sur-Morin, Voulangis.<br \/>\nJeudi saint : 20h c\u00e9l\u00e9bration \u00e0\u00a0 Cr\u00e9cy, vendredi saint : 20h30 c\u00e9l\u00e9bration de la passion \u00e0\u00a0 Cr\u00e9cy.<br \/>\nSamedi 7 \u00e0\u00a0 21h : veill\u00e9e pascale \u00e0\u00a0 Cr\u00e9cy &#8211; Dimanche 8 \u00e0\u00a0 10h30 messe de P\u00e2ques \u00e0\u00a0 Villiers.<br \/>Tous les d\u00e9tails dans la suite &#8230;<\/div>\n<\/div>\n<\/td>\n<\/tr>\n<\/tbody>\n<\/table>\n<table bgcolor =\"F0F6FF\" border=0>\n<tbody>\n<tr>\n<td width=\"20%\"><font color=\"00CC00\">Lundi 2 avril<\/font><\/td>\n<td><font color=\"00CC00\">10 h 30  obs\u00e8ques \u00e0 Cr\u00e9cy de Nelly COFFINET.<\/p>\n<p>14 h 30 &#8211; R\u00e9union de l&rsquo;Equipe du Rosaire chez Mme LOUIS.<br \/> <br \/>\n<\/font><\/td>\n<td><font color=\"00CC00\">17 h  Messe \u00e0 la Maison de Retraite pour les d\u00e9funts de la famille DE ABREU.<\/p>\n<p>20 h 30  C\u00e9l\u00e9bration p\u00e9nitentielle \u00e0 Cr\u00e9cy.<br \/> \n<\/div>\n<p><\/font><\/td>\n<\/tr>\n<tr>\n<td><font color=\"802020\">Mardi 3 avril<font><\/td>\n<td><font color=\"802020\">15 h &#8211; A Cr\u00e9cy, obs\u00e8ques d&rsquo;Alice BARTHEMEMY.<font><\/td>\n<td><font color=\"802020\">18 h &#8211; Messe \u00e0 Cr\u00e9cy pour Robert THEVENIN et Georges PAQUET.<br \/> <\/font><\/td>\n<\/tr>\n<tr>\n<td><font color=\"0020FF\">Mercredi 4 avril<font><\/td>\n<td><font color=\"0020FF\">20 h &#8211; Messe Chrismale \u00e0 la cath\u00e9drale de Meaux.<br \/> <\/font><\/td>\n<td><font color=\"00CC00\"><\/p>\n<div align=\"center\"><img decoding=\"async\" src=\"\/IMG\/jpg\/jeudi_saint.jpg\" width=150><\/div>\n<p><font><\/td>\n<\/tr>\n<tr>\n<td><font color=\"00CC00\">Jeudi 5 avril<font><\/td>\n<td><font color=\"00CC00\"><\/p>\n<div align=\"center\"><img decoding=\"async\" src=\"\/IMG\/jpg\/DSC04263.jpg\" width=150><\/div>\n<p><font><\/td>\n<td><font color=\"00CC00\">20  h &#8211; c\u00e9l\u00e9bration du JEUDI SAINT \u00e0 Cr\u00e9cy anim\u00e9e par les jeunes du MEJ.<\/font><\/td>\n<\/tr>\n<tr>\n<td><font color=\"802020\">Vendredi 6 avril<br \/>VENDREDI SAINT<font><\/td>\n<td><font color=\"802020\">Chemin de Croix : <br \/>&#8211; 11h \u00e0 Voulangis, <br \/>&#8211; 15 h \u00e0  Villiers, <br \/>&#8211; 17 h \u00e0 Cr\u00e9cy.<font><\/td>\n<td><font color=\"802020\">20 h 30  C\u00e9l\u00e9bration de la Passion du Seigneur \u00e0 Cr\u00e9cy<\/font><\/td>\n<\/tr>\n<tr>\n<td><font color=\"0020FF\">Samedi 7 avril<\/font><\/td>\n<td><font color=\"0020FF\"><\/p>\n<div align=\"center\"><img decoding=\"async\" src=\"\/IMG\/jpg\/feu2.jpg\"  width=150>\n<\/div>\n<p><font><\/td>\n<td><font color=\"0020FF\">21 h &#8211; VEILLEE PASCALE \u00e0 Cr\u00e9cy.<\/font><\/td>\n<\/tr>\n<tr>\n<td><font color=\"00CC00\">Dimanche 8 avril<\/font><\/td>\n<td><font color=\"00CC00\">10 h 30 &#8211; Messe du JOUR DE PAQUES \u00e0 Villiers<br \/> <br \/>\nA cette Messe du jour de  P\u00e2ques,  \u00e0 Villiers, vous seront propos\u00e9s par les Jeunes du  secteur, des objets vendus au benefice de l&rsquo;Orphelinat de Nots\u00e9, au Togo.<\/font><\/td>\n<td><font color=\"00CC00\"><\/p>\n<div align=\"center\"><img decoding=\"async\" src=\"\/IMG\/lieux\/villiers_eglise2.jpg\"  width=150>\n<\/div>\n<p><\/font><\/td>\n<\/tr>\n<\/tbody>\n<\/table>\n","protected":false},"excerpt":{"rendered":"<p>Voici les annonces de la semaine du lundi 2 au dimanche 8 avril 2012 pour la paroisse des 3 clochers Cr\u00e9cy-la-Chapelle, Villiers-sur-Morin, Voulangis. Jeudi saint : 20h c\u00e9l\u00e9bration \u00e0\u00a0 Cr\u00e9cy, vendredi saint : 20h30&#46;&#46;&#46;<\/p>\n","protected":false},"author":2,"featured_media":0,"comment_status":"open","ping_status":"open","sticky":false,"template":"","format":"standard","meta":{"footnotes":""},"categories":[],"tags":[],"class_list":["post-464","post","type-post","status-publish","format-standard","hentry"],"_links":{"self":[{"href":"http:\/\/www.chapelle-crecy.com\/index.php?rest_route=\/wp\/v2\/posts\/464","targetHints":{"allow":["GET"]}}],"collection":[{"href":"http:\/\/www.chapelle-crecy.com\/index.php?rest_route=\/wp\/v2\/posts"}],"about":[{"href":"http:\/\/www.chapelle-crecy.com\/index.php?rest_route=\/wp\/v2\/types\/post"}],"author":[{"embeddable":true,"href":"http:\/\/www.chapelle-crecy.com\/index.php?rest_route=\/wp\/v2\/users\/2"}],"replies":[{"embeddable":true,"href":"http:\/\/www.chapelle-crecy.com\/index.php?rest_route=%2Fwp%2Fv2%2Fcomments&post=464"}],"version-history":[{"count":0,"href":"http:\/\/www.chapelle-crecy.com\/index.php?rest_route=\/wp\/v2\/posts\/464\/revisions"}],"wp:attachment":[{"href":"http:\/\/www.chapelle-crecy.com\/index.php?rest_route=%2Fwp%2Fv2%2Fmedia&parent=464"}],"wp:term":[{"taxonomy":"category","embeddable":true,"href":"http:\/\/www.chapelle-crecy.com\/index.php?rest_route=%2Fwp%2Fv2%2Fcategories&post=464"},{"taxonomy":"post_tag","embeddable":true,"href":"http:\/\/www.chapelle-crecy.com\/index.php?rest_route=%2Fwp%2Fv2%2Ftags&post=464"}],"curies":[{"name":"wp","href":"https:\/\/api.w.org\/{rel}","templated":true}]}}