{"id":465,"date":"2012-04-14T12:44:00","date_gmt":"2012-04-14T12:44:00","guid":{"rendered":""},"modified":"-0001-11-30T00:00:00","modified_gmt":"-0001-11-29T22:00:00","slug":"","status":"publish","type":"post","link":"http:\/\/www.chapelle-crecy.com\/?p=465","title":{"rendered":"Rassemblement de tous les mari\u00e9s de 2011 \u00e0\u00a0 Cr\u00e9cy"},"content":{"rendered":"<div align=\"justify\">Se marier n&rsquo;est pas une mince affaire. C&rsquo;est un engagement pour la vie. Pour se pr\u00e9parer au mieux \u00e0\u00a0 l&rsquo;\u00e9v\u00e8nement fondateur de toute une vie, une \u00e9quipe de \u00ab\u00a0professionnels\u00a0\u00bb de la pr\u00e9paration au mariage, compos\u00e9e de 2 couples charmants, Sophie et Franck Barbier et Fanny et Andr\u00e9 Pessik sont \u00e0\u00a0 votre disposition dans la paroisse de Cr\u00e9cy. Passionn\u00e9s par leur travail et habit\u00e9s d&rsquo;une foi toute naturelle en la famille, en l&rsquo;avenir, en la vie et en J\u00e9sus-Christ aussi, nos amis vous invitent chaleureusement \u00e0\u00a0 participer \u00e0\u00a0 la grande messe des mari\u00e9s et des fianc\u00e9s de l&rsquo;ann\u00e9e qui aura lieu demain , 15 avril \u00e0\u00a0 10h30 \u00e0\u00a0 l&rsquo;\u00e9glise St Georges de Cr\u00e9cy. Vous pourrez leur poser, entre autres toutes les questions qui vous pr\u00e9occupent dans l&rsquo;organisation de votre prochain mariage, un verre de sangria \u00e0\u00a0 la main, pendant le pot de l&rsquo;amiti\u00e9&#8230;  <\/div>\n<div align=\"justify\">Voici une petite s\u00e9lection des mariages qui ont \u00e9t\u00e9 c\u00e9l\u00e9br\u00e9s dans notre secteur paroissial par les 2 couples de pr\u00e9paration au mariage: <\/p>\n<div align=\"center\"><img decoding=\"async\" src=\"\/IMG\/jpg\/preparation-au-mariage.jpg\n\" width=450><\/div>\n<p> <br \/>\n &#8211; Sophie et Franck Barbier:<br \/>\n * T\u00e9l : 01.60.25.62.04<br \/>\n * Port: 06.10.97.03.38<br \/>\n &#8211; Fanny et Andr\u00e9 Pessik:<br \/>\n * Port: 06.83.51.99.21<\/p>\n<div align=\"center\">\n<a href=\"\/IMG\/mp3\/ToiQuiAimesLAmour_19591.mp3\"><img decoding=\"async\" src=\"\/IMG\/jpg\/Nelson.jpg\n\" width=300><\/div>\n<p> <\/p>\n<div align=\"center\">Mariage d&rsquo;Ang\u00e9lique et Nelson, le 3 septembre 2011 \u00e0 Villiers<\/div>\n<p><\/p>\n<div align=\"center\"><img decoding=\"async\" src=\"\/IMG\/jpg\/Anthony.jpg\n\" width=300><\/div>\n<div align=\"center\">Mariage de Prisca et Anthony, le 3 juillet 2011 \u00e0 Villiers<\/div>\n<p><\/p>\n<div align=\"center\"><img decoding=\"async\" src=\"\/IMG\/jpg\/Vincent.jpg\n\" width=300><\/div>\n<p> <\/p>\n<div align=\"center\">Mariage de Celia et Vincent, le 10 septembre  2011 \u00e0 Cr\u00e9cy-la-Chapelle<\/div>\n<p><\/p>\n<div align=\"center\"><img decoding=\"async\" src=\"\/IMG\/jpg\/Marie.jpg\n\" width=300><\/div>\n<div align=\"center\">Les mari\u00e9s se confient volontiers \u00e0 la Vierge Marie (ici, ND de l&rsquo;Assomption \u00e0 la Coll\u00e9giale de Cr\u00e9cy), au cours de leur c\u00e9r\u00e9monie de mariage<\/div>\n<p> <\/p>\n<div align=\"center\"><img decoding=\"async\" src=\"\/IMG\/jpg\/bouquet.jpg\n\" width=300><\/div>\n<div align=\"center\">Les fleurs, symboles de la beaut\u00e9 et de vie, sont tr\u00e8s pr\u00e9sentes dans les c\u00e9r\u00e9monies de mariage<\/div>\n<p> <\/p>\n<div align=\"center\"><img decoding=\"async\" src=\"\/IMG\/jpg\/balai.jpg\n\" width=300><\/div>\n<p><\/p>\n<div align=\"center\">Et la traditionelle voiture-balai&#8230;<\/div>\n<p> <br \/>\n<i>(cliquez sur une photo pour \u00e9couter le chant \u00ab\u00a0Toi qui Aimes Ceux qui s&rsquo;Aiment\u00a0\u00bb)<\/i><\/a><br \/>\n Pri\u00e8re pour les \u00e9poux<br \/>\n Notre P\u00e8re<\/p>\n<p> Notre P\u00e8re<br \/>\n Nous voici, devant toi.<br \/>\n riches de l&rsquo;amour que tu as d\u00e9pos\u00e9 en nous.<br \/>\n Cet amour s&rsquo;est fait alliance<br \/>\n Au coeur m\u00eame du sacrement de notre mariage.<br \/>\n Nous le recevons chaque jour<br \/>\n Comme un tr\u00e9sor commun \u00e0 partager&#8230;<br \/>\n Nous savons nos fragilit\u00e9s<br \/>\n Au risque parfois de nous d\u00e9courager.<br \/>\n Mais nous savons aussi la force de la foi<br \/>\n La joie du don et du pardon&#8230;<br \/>\n Nous savons la force d&rsquo;un \u00aboui\u00bb<br \/>\n librement donn\u00e9, dans la v\u00e9rit\u00e9.<br \/>\n P\u00e8re,<br \/>\n Tiens-nous fermement dans la fid\u00e9lit\u00e9<br \/>\n Que, par ta gr\u00e2ce, le sacrement de notre mariage<br \/>\n Demeure une source de vie et d&rsquo;amour<br \/>\n Pour notre couple, nos enfants<br \/>\n et tous ceux qui nous entourent.<br \/>\n Amen.<\/p>\n<p>P\u00e8re Marc H\u00e9mar <\/p>\n<\/div>\n","protected":false},"excerpt":{"rendered":"<p>Se marier n&rsquo;est pas une mince affaire. C&rsquo;est un engagement pour la vie. Pour se pr\u00e9parer au mieux \u00e0\u00a0 l&rsquo;\u00e9v\u00e8nement fondateur de toute une vie, une \u00e9quipe de \u00ab\u00a0professionnels\u00a0\u00bb de la pr\u00e9paration au mariage,&#46;&#46;&#46;<\/p>\n","protected":false},"author":2,"featured_media":0,"comment_status":"open","ping_status":"open","sticky":false,"template":"","format":"standard","meta":{"footnotes":""},"categories":[],"tags":[],"class_list":["post-465","post","type-post","status-publish","format-standard","hentry"],"_links":{"self":[{"href":"http:\/\/www.chapelle-crecy.com\/index.php?rest_route=\/wp\/v2\/posts\/465","targetHints":{"allow":["GET"]}}],"collection":[{"href":"http:\/\/www.chapelle-crecy.com\/index.php?rest_route=\/wp\/v2\/posts"}],"about":[{"href":"http:\/\/www.chapelle-crecy.com\/index.php?rest_route=\/wp\/v2\/types\/post"}],"author":[{"embeddable":true,"href":"http:\/\/www.chapelle-crecy.com\/index.php?rest_route=\/wp\/v2\/users\/2"}],"replies":[{"embeddable":true,"href":"http:\/\/www.chapelle-crecy.com\/index.php?rest_route=%2Fwp%2Fv2%2Fcomments&post=465"}],"version-history":[{"count":0,"href":"http:\/\/www.chapelle-crecy.com\/index.php?rest_route=\/wp\/v2\/posts\/465\/revisions"}],"wp:attachment":[{"href":"http:\/\/www.chapelle-crecy.com\/index.php?rest_route=%2Fwp%2Fv2%2Fmedia&parent=465"}],"wp:term":[{"taxonomy":"category","embeddable":true,"href":"http:\/\/www.chapelle-crecy.com\/index.php?rest_route=%2Fwp%2Fv2%2Fcategories&post=465"},{"taxonomy":"post_tag","embeddable":true,"href":"http:\/\/www.chapelle-crecy.com\/index.php?rest_route=%2Fwp%2Fv2%2Ftags&post=465"}],"curies":[{"name":"wp","href":"https:\/\/api.w.org\/{rel}","templated":true}]}}