{"id":466,"date":"2012-04-06T23:36:09","date_gmt":"2012-04-06T23:36:09","guid":{"rendered":""},"modified":"-0001-11-30T00:00:00","modified_gmt":"-0001-11-29T22:00:00","slug":"","status":"publish","type":"post","link":"http:\/\/www.chapelle-crecy.com\/?p=466","title":{"rendered":"L&rsquo;Assembl\u00e9e G\u00e9n\u00e9rale de Amiti\u00e9-Brie-B\u00e9nin 2012"},"content":{"rendered":"<p>L&rsquo;Assembl\u00e9e G\u00e9n\u00e9rale de Amiti\u00e9 Brie B\u00e9nin a eu lieu vendredi 30 mars 2012 \u00e0\u00a0 20 heures. Elle s&rsquo;est d\u00e9roul\u00e9e en plusieurs volets :<br \/>\n&#8211; reportage photo et vid\u00e9o sur la ferme de Tori r\u00e9alis\u00e9 en octobre 2011,<br \/>\n&#8211; assembl\u00e9e g\u00e9n\u00e9ral ordinaire,<br \/>\n&#8211; assembl\u00e9e g\u00e9n\u00e9rale extraordinaire,<br \/>\n&#8211; \u00e9lections au sein du conseil d&rsquo;administration.<\/p>\n<div align=\"justify\">A -Assembl\u00e9e G\u00e9n\u00e9rale ordinaire<\/p>\n<p> L&rsquo;assembl\u00e9e G\u00e9n\u00e9rale a commenc\u00e9 par la projection du film r\u00e9alis\u00e9 par Catherine Leblanc et Pascal Deloche \u00e0 Tori en octobre 2011.<\/p>\n<p> 1 &#8211; Rapport moral  par la pr\u00e9sidente : <\/p>\n<p> Ann\u00e9e 2011 :<br \/>\n-35 membres adh\u00e9rents<br \/>\n-142 \u00ab sympathisants \u00bb (liste de diffusion pr\u00e8s de 150 personnes)<br \/>\n-12 r\u00e9unions de bureau<br \/>\n-Participation \u00e0<br \/>\n-La brocante (objets d\u00e9pos\u00e9s par les sympathisants)<br \/>\n-La St Michel (enveloppes gagnantes : dons des sympathisants)<br \/>\n-Le march\u00e9 de l&rsquo;Avent (objets de l&rsquo;artisanat b\u00e9ninois)<br \/>\nMerci au CLAP qui nous offre le g \u00eete, les emplacements pour ces 3 manifestations<br \/>\n-Au forum des associations<br \/>\n-Organisation d&rsquo;un concert offert par le Choeur Anguelos, \u00e0 la Coll\u00e9giale<br \/>\n-Cr\u00e9ation du site internet www.amitie-brie-benin.com , r\u00e9alis\u00e9 et mis \u00e0 jour b\u00e9n\u00e9volement par Jean-Michel Sagnes<br \/>\n-Des membres du bureau, des membres de l&rsquo;association, des sympathisants tr\u00e8s investis pour l&rsquo;organisation de toutes les manifestations (pour la brocante : d\u00e8s 5h30 le matin  appel \u00e0 l&rsquo;aide pour le 15 avril !)<br \/>\n-La visite \u00e0 Tori de membres de l&rsquo;association (et \u00e0 leurs frais !) en janvier et en octobre<br \/>\n-Pr\u00e9sentation du B\u00e9nin et des projets aux \u00e9l\u00e8ves de CP et CM2 de Maisoncelles, Pierrelev\u00e9e et Giremoutiers. Les \u00e9l\u00e8ves aident un orphelinat et une \u00e9cole par le biais de l&rsquo;association \u00ab les amis yovo du B\u00e9nin \u00bb<\/p>\n<p>-D\u00e9marches :<br \/>\n-Dossier pour l&rsquo;obtention d&rsquo;une subvention r\u00e9gionale : il s&rsquo;agissait de financer les nouvelles loges pour les porcs, l&rsquo;enclos en dur pour les bovins, la lapinerie. En novembre, la r\u00e9gion a vot\u00e9 une subvention de 5 000\u00e2\u201a\u00ac dont le 1er versement a \u00e9t\u00e9 effectu\u00e9 en mars (4 000\u00e2\u201a\u00ac).<br \/>\n-Dossier pour obtenir la d\u00e9duction fiscale : envoy\u00e9 le 9 ao\u00fbt 2011, r\u00e9ponse dat\u00e9e du 15 d\u00e9cembre 2011. R\u00e9ponse n\u00e9gative, mais possibilit\u00e9 d&rsquo;appel (effectu\u00e9 le 3 f\u00e9vrier 2012) et de rendez-vous pour d\u00e9fendre notre dossier. Pas de r\u00e9ponse \u00e0 ce jour, mais le service des imp\u00f4ts dispose chaque fois d&rsquo;un d\u00e9lai de 6 mois pour apporter une r\u00e9ponse.<br \/>\n-Jeannine Godard a demand\u00e9 une subvention \u00e0 la F\u00e9d\u00e9ration Nationale des Combattants Prisonniers de Guerre et Combattants d&rsquo;Alg\u00e9rie, Tunisie, Maroc. Celle-ci a adress\u00e9, \u00e0 titre exceptionnel, une aide de 1250\u00e2\u201a\u00ac. Cette somme est pr\u00e9vue pour l&rsquo;\u00e9lectrification de la ferme et la construction d&rsquo;une paillotte.<br \/>\n-Changement de banque : l&rsquo;association a transf\u00e9r\u00e9 ses comptes (compte-courant de livret) au Cr\u00e9dit Agricole qui ne prend aucun frais pour les associations.<\/p>\n<p>-Total des sommes adress\u00e9es par ABB \u00e0 AADR entre 2009 et fin 2011 : 16 670\u00e2\u201a\u00ac.<\/p>\n<p>Un grand merci<br \/>\n&#8211; \u00e0 tous ceux qui se sont investis dans les pr\u00e9parations, animations: Germaine, Isabelle, Jane, Jeannine, Mireille, Eliane, Fran\u00e7oise, Jacqueline, Dominique, Brigitte C,  Lucie, Monique, Patrice, Gabriel, Jacques, Michel, Luc,  Jean-Michel, Alain, Georges, Robert, Marc&#8230;<br \/>\n&#8211; \u00e0 Delphine Guillaumy qui a fait un travail remarquable en pr\u00e9parant la pr\u00e9sentation de nos photos et projets sur les panneaux et en nous offrant les tirages, en r\u00e9alisant nos affiches&#8230;<br \/>\n&#8211; au Comit\u00e9 Local d&rsquo;Animation et Patrimoine qui organise les manifestations et nous a beaucoup apport\u00e9 en nous offrant les emplacements, les stands et leur \u00e9quipement, \u00e0 Marc Robert pour sa logistique.<br \/>\n-Aux municipalit\u00e9s qui nous soutiennent : Villiers-sur-Morin et particuli\u00e8rement celle de Cr\u00e9cy-la-Chapelle pour l&rsquo;aide apport\u00e9e lors du concert, de la repr\u00e9sentation th\u00e9\u00e2trale, pour la subvention qu&rsquo;elle accorde \u00e0 l&rsquo;association.<br \/>\n-A Cr\u00e9cyv\u00e9lo, au choeur Anguelos, \u00e0 la presse locale qui relaie nos manifestations\u00e2\u20ac\u00a6.<\/p>\n<p> Bilan AADR (avec photos)<br \/>\n Ce qui a \u00e9t\u00e9 fait en 2011 :<br \/>\n-Deux bassins de pisciculture, achat de tilapias  premi\u00e8re p\u00eache en janvier 2012 embauche de jeunes du village, \u00e9levage guid\u00e9 par le v\u00e9t\u00e9rinaire et en relation avec les pisciculteurs de la r\u00e9gion. Prochaine p\u00eache : mai 2012 responsable : Sylvain<br \/>\n-Cultures mara \u00eech\u00e8res \u00e0 destination des familles. Et avec l&rsquo;aide des jeunes du village (sarclage, nettoyage\u00e2\u20ac\u00a6)<br \/>\n-Plantation d&rsquo;arbres fruitiers : manguiers, orangers, mandariniers, bananiers, papayers<br \/>\n-La fabrication de briques de banco pour la construction des nouvelles loges pour les porcs.<\/p>\n<p>Ce qui a continu\u00e9 \u00e0 fonctionner ou s&rsquo;est d\u00e9velopp\u00e9 :<br \/>\n-Le moulin pour les familles des hameaux environnants  responsable : David<br \/>\n-Le troupeau de bovins sous la houlette de Boukari : 10 vaches, 1 taureau et 3 veaux\u00e2\u20ac\u00a6. L&rsquo;\u00e9pouse du vacher fait du fromage qu&rsquo;elle vend au march\u00e9 de Tori.<br \/>\n-L&rsquo;\u00e9levage des porcs : 19 porcs, \u00e0 ce jour. Engraiss\u00e9s, 10 porcs ont \u00e9t\u00e9 vendus en janvier 2012.<br \/>\n-Les cultures de ma\u00efs, manioc \u00e2\u20ac\u00a6 destin\u00e9es aux familles et aux animaux.<\/p>\n<p>Fin 2011, d\u00e9but 2012 :<br \/>\n-Construction de 7 nouvelles loges pour les porcs (engraissement)- 2317\u00e2\u201a\u00ac.<\/p>\n<p>Les projets 2012 :<br \/>\n-L&rsquo;achat d&rsquo;une motopompe  500\u00e2\u201a\u00ac<br \/>\n-La construction d&rsquo;un enclos en dur pour les bovins  1308\u00e2\u201a\u00ac<br \/>\n-L&rsquo;achat de 5 000m2 de terrain compl\u00e9mentaire  2290\u00e2\u201a\u00ac<br \/>\n-La construction de la lapinerie-5381\u00e2\u201a\u00ac (le fonds de roulement n\u00e9cessaire aux premiers 6 mois est de 2520\u00e2\u201a\u00ac)<br \/>\n-La construction de la paillotte  534\u00e2\u201a\u00ac<br \/>\n-La formation de Sylvain \u00e0 la ferme Songha\u00ef de Porto-Novo  formation dans le domaine de la pisciculture.<br \/>\n-Construction d&rsquo;un troisi\u00e8me bassin pour la pisciculture : 534\u00e2\u201a\u00ac<br \/>\n-Electrification de la ferme (achat de groupe \u00e9lectrog\u00e8ne + mat\u00e9riaux : lampadaires, ampoules, fil \u00e9lectrique\u00e2\u20ac\u00a6) : 763\u00e2\u201a\u00ac<br \/>\n-L&rsquo;achat de mat\u00e9riel et d&rsquo;un v\u00e9hicule utilitaire pour l&rsquo;acheminement des produits que l&rsquo;on ne trouve pas sur place. Environ 5340\u00e2\u201a\u00ac<\/p>\n<p>Fin 2011, AADR a re\u00e7u 4 000\u00e2\u201a\u00ac de ABB. Ils ont \u00e9t\u00e9 utilis\u00e9s \u00e0 la construction des nouvelles loges (avec assainissement) et les bassins de pisciculture (avec location de motopompe+digue+filets).<br \/>\nLe retour sur investissement n&rsquo;est pas r\u00e9alis\u00e9 \u00e0 ce jour ; les productions ne sont pas suffisantes pour faire vivre les familles de Boukari et Sylvain (David se r\u00e9mun\u00e8re sur son travail au moulin). Le budget indique une diff\u00e9rence n\u00e9gative de 2 880\u00e2\u201a\u00ac qui a \u00e9t\u00e9 \u00ab assur\u00e9e sur fonds propres \u00bb selon Guillaume.<\/p>\n<p> L&rsquo;association travaille en lien avec les autorit\u00e9s locales et la population : une photo montre quelques \u00ab\u00a0notables\u00a0\u00bb et jeunes du village de Tori-Avam\u00e8 rassembl\u00e9s autour des membres de l&rsquo;association AADR pour une r\u00e9union d&rsquo;information (\u00ab nous avons fait le point sur nos activit\u00e9s avec eux et parl\u00e9 de nos projets dans l&rsquo;avenir pour demander leur collaboration et leur soutien \u00bb) et une rencontre de convivialit\u00e9 (\u00ab il y avait du vin de palme et quelques amuse gueules&#8230; \u00bb).<\/p>\n<p> Ce rapport moral est accept\u00e9 \u00e0 l&rsquo;unanimit\u00e9.<\/p>\n<p> 2 &#8211; rapport financier  pr\u00e9sent\u00e9 par le tr\u00e9sorier,<\/p>\n<div align=\"center\"><img decoding=\"async\" src=\"http:\/\/www.amitie-brie-benin.com\/IMG\/jpg\/AG2012A.jpg\"><\/div>\n<p>Le rapport financier est approuv\u00e9 \u00e0 l&rsquo;unanimit\u00e9.<\/p>\n<p>-Proposition de cotisation :<br \/>\nLe bureau propose de fixer le montant de la cotisation \u00e0 10\u00e2\u201a\u00ac, les frais g\u00e9n\u00e9raux \u00e9tant tr\u00e8s limit\u00e9s (frais d&rsquo;assurance, de transferts de fonds, d&rsquo;envois en recommand\u00e9\u00e2\u20ac\u00a6). Si l&rsquo;association obtient la possibilit\u00e9 de d\u00e9duction fiscale, les dons au-del\u00e0 de ces 10\u00e2\u201a\u00ac seront concern\u00e9s. <\/p>\n<p> Le montant de la cotisation est approuv\u00e9 \u00e0 l&rsquo;unanimit\u00e9.<\/p>\n<p> 3 &#8211; 2012 : r\u00e9alisations \u00e0 ce jour et projets, questions diverses<\/p>\n<p>-Pr\u00e9sentation du B\u00e9nin et des projets aux \u00e9l\u00e8ves de CM2  de l&rsquo;\u00e9cole l&rsquo;Eau Vive de Cr\u00e9cy-la-Chapelle<br \/>\n-R\u00e9flexion sur des projets entre l&rsquo;\u00e9cole l&rsquo;Eau Vive et Tori, entre l&rsquo;\u00e9cole et coll\u00e8ge Sainte Th\u00e9r\u00e8se et le B\u00e9nin.<br \/>\n-Manifestations :<br \/>\n -Pi\u00e8ce de th\u00e9\u00e2tre, le 16 mars avec l&rsquo;association \u00ab les Amis Yovo du B\u00e9nin \u00bb<br \/>\n -Brocante, le 15 avril<br \/>\n -Foire de la St Michel, les 28 et 29 septembre<br \/>\n -Le march\u00e9 de l&rsquo;Avent, le 27 novembre<\/p>\n<p>-Visite de membres \u00e0 Tori: en janvier Liliane Fiessli et Dani\u00e8le Tardy-<br \/>\n-6 000\u00e2\u201a\u00ac sont envoy\u00e9s d\u00e9but avril 2012 pour financer la motopompe, le terrain et l&rsquo;enclos.<br \/>\n-Les Amis Yovo du B\u00e9nin : activit\u00e9s, projets : association oeuvrant dans le m\u00eame esprit avec laquelle a \u00e9t\u00e9 organis\u00e9e la pi\u00e8ce de th\u00e9\u00e2tre. R\u00e9partition des t\u00e2ches entre les membres des 2 associations  bilan financier : 805\u00e2\u201a\u00ac. 500\u00e2\u201a\u00ac sont destin\u00e9s \u00e0 l&rsquo;achat de la motopompe de la ferme de Tori. Les Amis Yovo du B\u00e9nin qui soutiennent un orphelinat \u00e0 Toffo et un centre de formation de jeunes filles \u00e0 Parakou organisent le 9 septembre une croisi\u00e8re sur la Marne de Lagny \u00e0 Esbly. Les participations demand\u00e9es (10\u00e2\u201a\u00ac\/personne) seront int\u00e9gralement consacr\u00e9es \u00e0 l&rsquo;orphelinat de Toffo.<br \/>\n-Projet d&rsquo;organisation d&rsquo;un voyage au B\u00e9nin d\u00e9but 2013 pour un petit groupe  \u00e0 \u00e9tudier avec Fran\u00e7ois Chogolou. Deux guides du B\u00e9nin \u00e0 conseiller : aux \u00e9ditions S\u00e9pia 2 : \u00ab B\u00e9nin, culture et tradition \u00bb (12,20\u00e2\u201a\u00ac 186p.) et  \u00ab Cotonou,Porto-Novo, Ouidah, Ganvi\u00e9 \u00bb (14,20\u00e2\u201a\u00ac et 312p.)<\/p>\n<p> 4 &#8211; conseil d&rsquo;administration :<br \/>\nGeorges Dedieu, membre du Conseil d&rsquo;administration et tr\u00e9sorier de l&rsquo;association, Gabriel Corradin, membre du Conseil d&rsquo;administration et secr\u00e9taire de l&rsquo;association souhaitent se retirer.<br \/>\n D\u00e9signation de nouveaux membres du CA :<br \/>\nSe pr\u00e9sentent Michelle Beurrier, Mireille Huyghe et Germaine Limmois. Le nombre de membres du Conseil d&rsquo;Administration n&rsquo;\u00e9tant pas pr\u00e9cis\u00e9, donc limit\u00e9 dans les statuts, <\/p>\n<p>Les trois candidates sont \u00e9lues.<\/p>\n<p>Conseil d&rsquo;administration au 30 mars 2012:<\/p>\n<p>Michelle Beurrier<br \/>\nPatrice Chr\u00e9tien (secr\u00e9taire adjoint)<br \/>\nJeannine Godard<br \/>\nJacques Guillaumy (vice-pr\u00e9sident)<br \/>\nMireille Huyghe<br \/>\nBrigitte Letissier (pr\u00e9sidente)<br \/>\nGermaine Limmois<br \/>\nAlain Macquart (tr\u00e9sorier adjoint)<br \/>\nChristiane Robert<br \/>\nJean-Michel Sagnes<\/p>\n<p>B &#8211; Assembl\u00e9e G\u00e9n\u00e9rale Extraordinaire<br \/>\npour une modification des statuts et vote.<\/p>\n<p>Assembl\u00e9e G\u00e9n\u00e9rale Extraordinaire  modification des statuts :<\/p>\n<p> Propositions :<\/p>\n<p> Article 2 : supprimer \u00ab sa dur\u00e9e\u00e2\u20ac\u00a6.quinquennale \u00bb<\/p>\n<p> Article 6 : Les membres &#8211; Sont membres, ceux qui versent annuellement une cotisation dont le montant est fix\u00e9 par -\u00ab l&rsquo;assembl\u00e9e g\u00e9n\u00e9rale annuelle \u00bb remplacer par \u00ab le conseil d&rsquo;administration \u00bb.<\/p>\n<p> Article 9 &#8211; Conseil d&rsquo;administration : supprimer : \u00ab Le conseil \u00e9tant renouvel\u00e9 chaque ann\u00e9e par moiti\u00e9, la premi\u00e8re ann\u00e9e, les membres sortant sont d\u00e9sign\u00e9s par le sort \u00bb. <\/p>\n<p> Article 10 : modification :<br \/>\nActuel : Article 10 &#8211; R\u00e9union du conseil d&rsquo;administration<br \/>\nLe conseil d&rsquo;administration se r\u00e9unit au moins une fois tous les six mois, sur convocation du pr\u00e9sident, ou sur la demande du quart de ses membres.<br \/>\n Les d\u00e9cisions sont prises \u00e0 la majorit\u00e9 des voix ; en cas de partage, la voix du pr\u00e9sident est pr\u00e9pond\u00e9rante.<br \/>\nTout membre du comit\u00e9 qui, sans excuse, n&rsquo;aura pas assist\u00e9 \u00e0 trois r\u00e9unions cons\u00e9cutives pourra \u00eatre consid\u00e9r\u00e9 comme d\u00e9missionnaire.<br \/>\nNul ne peut faire partie du conseil s&rsquo;il n&rsquo;est pas majeur.<\/p>\n<p> Modifi\u00e9 : Article 10 a &#8211; R\u00e9union du conseil d&rsquo;administration<br \/>\nLe conseil d&rsquo;administration se r\u00e9unit au moins une fois tous les six mois, sur convocation du pr\u00e9sident, ou sur la demande du quart de ses membres.<br \/>\n Tout membre du conseil qui, sans excuse, n&rsquo;aura pas assist\u00e9 \u00e0 trois r\u00e9unions cons\u00e9cutives pourra \u00eatre consid\u00e9r\u00e9 comme d\u00e9missionnaire.<br \/>\nNul ne peut faire partie du conseil s&rsquo;il n&rsquo;est pas majeur.<\/p>\n<p> Article 10 b &#8211; Missions du conseil d&rsquo;administration<br \/>\nLe conseil d&rsquo;administration a pour missions de statuer sur les projets \u00e0 mettre en oeuvre. Il \u00e9tudie les devis et budgets propos\u00e9s par AADR, ainsi que le rapport annuel d&rsquo;AADR (\u00ab Association d&rsquo; Action pour le D\u00e9veloppement Rural \u00bb dont le si\u00e8ge est \u00e0 Cotonou au B\u00e9nin et qui est en charge du d\u00e9veloppement de la ferme de Tori).<br \/>\n Les d\u00e9cisions sont prises \u00e0 la majorit\u00e9 des voix ; en cas de partage, la voix du pr\u00e9sident est pr\u00e9pond\u00e9rante.<br \/>\n Les r\u00e8glements concernant les projets accept\u00e9s se feront au vu des factures.<br \/>\n Le conseil d&rsquo;administration entendra et analysera le rapport des visites effectu\u00e9es sur site et \u00e0 leur frais par des membres d&rsquo;ABB, chaque ann\u00e9e.<\/p>\n<p>Ces modifications des 4 articles des statuts sont approuv\u00e9es \u00e0 l&rsquo;unanimit\u00e9.<\/p>\n<p>L&rsquo;Assembl\u00e9e G\u00e9n\u00e9rale est close \u00e0 22 heures<\/p>\n<p>C  r\u00e9union du Conseil d&rsquo;administration : \u00e9lection du tr\u00e9sorier et du secr\u00e9taire<\/p>\n<p>En remplacement des d\u00e9missionnaires, sont \u00e9lues :<br \/>\n-Tr\u00e9sori\u00e8re : Germaine Limmois<br \/>\n-Secr\u00e9taire : Jeannine Godard.<br \/>\n-Les titulaires des autres fonctions restent inchang\u00e9s.<\/p>\n<p> D &#8211; Verre de l&rsquo;amiti\u00e9 et appel des cotisations 2012<\/p><\/div>\n<div align=\"center\"><img decoding=\"async\" src=\"http:\/\/www.amitie-brie-benin.com\/IMG\/jpg\/AG2012B.jpg\" ><\/div>\n<div align=\"center\"><img decoding=\"async\" src=\"http:\/\/www.amitie-brie-benin.com\/IMG\/jpg\/AG2012C.jpg\"  ><\/div>\n<div align=\"center\"><img decoding=\"async\" src=\"http:\/\/www.amitie-brie-benin.com\/IMG\/jpg\/AG2012D.jpg\" ><\/div>\n<div align=\"center\"><img decoding=\"async\" src=\"http:\/\/www.amitie-brie-benin.com\/IMG\/jpg\/AG2012E.jpg\"  ><\/div>\n<div align=\"center\"><img decoding=\"async\" src=\"http:\/\/www.amitie-brie-benin.com\/IMG\/jpg\/AG2012F.jpg\"  ><\/div>\n<p>Les derni\u00e8res photos envoy\u00e9es par Guillaume :<\/p>\n<div align=\"center\"><img decoding=\"async\" src=\"http:\/\/www.amitie-brie-benin.com\/IMG\/jpg\/DSC02876.jpg\" ><\/div>\n<div align=\"center\"><img decoding=\"async\" src=\"http:\/\/www.amitie-brie-benin.com\/IMG\/jpg\/DSC02880.jpg\" ><\/div>\n<div align=\"center\"><img decoding=\"async\" src=\"http:\/\/www.amitie-brie-benin.com\/IMG\/jpg\/DSC02881.jpg\" ><\/div>\n<div align=\"center\"><img decoding=\"async\" src=\"http:\/\/www.amitie-brie-benin.com\/IMG\/jpg\/DSC02889.jpg\" ><\/div>\n<div align=\"center\"><img decoding=\"async\" src=\"http:\/\/www.amitie-brie-benin.com\/IMG\/jpg\/DSC02932.jpg\" ><\/div>\n<div align=\"center\"><img decoding=\"async\" src=\"http:\/\/www.amitie-brie-benin.com\/IMG\/jpg\/DSC02933.jpg\" ><\/div>\n<div align=\"center\"><img decoding=\"async\" src=\"http:\/\/www.amitie-brie-benin.com\/IMG\/jpg\/DSC02938.jpg\" ><\/div>\n<div align=\"center\"><img decoding=\"async\" src=\"http:\/\/www.amitie-brie-benin.com\/IMG\/jpg\/DSC02942.jpg\" ><\/div>\n<div align=\"center\"><img decoding=\"async\" src=\"http:\/\/www.amitie-brie-benin.com\/IMG\/jpg\/DSC02949.jpg\" ><\/div>\n<div align=\"center\"><img decoding=\"async\" src=\"http:\/\/www.amitie-brie-benin.com\/IMG\/jpg\/DSC02951.jpg\" ><\/div>\n<div align=\"center\"><img decoding=\"async\" src=\"http:\/\/www.amitie-brie-benin.com\/IMG\/jpg\/DSC02953.jpg\" ><\/div>\n<div align=\"center\"><img decoding=\"async\" src=\"http:\/\/www.amitie-brie-benin.com\/IMG\/jpg\/DSC02959.jpg\" ><\/div>\n<div align=\"center\"><img decoding=\"async\" src=\"http:\/\/www.amitie-brie-benin.com\/IMG\/jpg\/DSC02963.jpg\" ><\/div>\n<p>Photos :<br \/>\n Assembl\u00e9e G\u00e9n\u00e9rale : Michel Letissier<br \/>\n Tori : Guillaume Chogolou<\/p>\n","protected":false},"excerpt":{"rendered":"<p>L&rsquo;Assembl\u00e9e G\u00e9n\u00e9rale de Amiti\u00e9 Brie B\u00e9nin a eu lieu vendredi 30 mars 2012 \u00e0\u00a0 20 heures. Elle s&rsquo;est d\u00e9roul\u00e9e en plusieurs volets : &#8211; reportage photo et vid\u00e9o sur la ferme de Tori r\u00e9alis\u00e9&#46;&#46;&#46;<\/p>\n","protected":false},"author":2,"featured_media":0,"comment_status":"open","ping_status":"open","sticky":false,"template":"","format":"standard","meta":{"footnotes":""},"categories":[],"tags":[],"class_list":["post-466","post","type-post","status-publish","format-standard","hentry"],"_links":{"self":[{"href":"http:\/\/www.chapelle-crecy.com\/index.php?rest_route=\/wp\/v2\/posts\/466","targetHints":{"allow":["GET"]}}],"collection":[{"href":"http:\/\/www.chapelle-crecy.com\/index.php?rest_route=\/wp\/v2\/posts"}],"about":[{"href":"http:\/\/www.chapelle-crecy.com\/index.php?rest_route=\/wp\/v2\/types\/post"}],"author":[{"embeddable":true,"href":"http:\/\/www.chapelle-crecy.com\/index.php?rest_route=\/wp\/v2\/users\/2"}],"replies":[{"embeddable":true,"href":"http:\/\/www.chapelle-crecy.com\/index.php?rest_route=%2Fwp%2Fv2%2Fcomments&post=466"}],"version-history":[{"count":0,"href":"http:\/\/www.chapelle-crecy.com\/index.php?rest_route=\/wp\/v2\/posts\/466\/revisions"}],"wp:attachment":[{"href":"http:\/\/www.chapelle-crecy.com\/index.php?rest_route=%2Fwp%2Fv2%2Fmedia&parent=466"}],"wp:term":[{"taxonomy":"category","embeddable":true,"href":"http:\/\/www.chapelle-crecy.com\/index.php?rest_route=%2Fwp%2Fv2%2Fcategories&post=466"},{"taxonomy":"post_tag","embeddable":true,"href":"http:\/\/www.chapelle-crecy.com\/index.php?rest_route=%2Fwp%2Fv2%2Ftags&post=466"}],"curies":[{"name":"wp","href":"https:\/\/api.w.org\/{rel}","templated":true}]}}