{"id":467,"date":"2012-04-07T12:00:17","date_gmt":"2012-04-07T12:00:17","guid":{"rendered":""},"modified":"-0001-11-30T00:00:00","modified_gmt":"-0001-11-29T22:00:00","slug":"","status":"publish","type":"post","link":"http:\/\/www.chapelle-crecy.com\/?p=467","title":{"rendered":"Annonces de la semaine du 9 au 15 avril 2012"},"content":{"rendered":"<table bgcolor =\"F0FAFF\" border=0>\n<tbody>\n<tr>\n<td>\n<div align=\"justify\">\n<div \"398\">Voici les annonces de la semaine du lundi 9 au dimanche 15 avril 2012 pour la paroisse des 3 clochers Cr\u00e9cy-la-Chapelle, Villiers-sur-Morin, Voulangis.<br \/>\nSamedi 14 \u00e0\u00a0 18h30 : messe \u00e0\u00a0 Voulangis &#8211; Dimanche 15 \u00e0\u00a0 10h30 messe \u00e0\u00a0 Cr\u00e9cy.<font color=\"#EF3810\"> Attention: l&rsquo;acc\u00e8s \u00e0\u00a0 l&rsquo;\u00e9glise St Georges sera difficile en raison de la brocante de Cr\u00e9cy. Pr\u00e9voir d&rsquo;arriver 1\/4 d&rsquo;heure \u00e0\u00a0 l&rsquo;avance.<font><\/div>\n<\/div>\n<\/td>\n<\/tr>\n<\/tbody>\n<\/table>\n<table bgcolor =\"F0F6FF\" border=0>\n<tbody>\n<tr>\n<td width=\"20%\"><font color=\"00CC00\">Lundi 9 avril<\/font><\/td>\n<td><font color=\"00CC00\">17 h  Messe \u00e0 la maison de retraite.<\/font><\/td>\n<td><font color=\"00CC00\"><\/p>\n<div align=\"center\"><img decoding=\"async\" src=\"\/IMG\/gif\/lumiere_65.gif\"><\/div>\n<p><\/font><\/td>\n<\/tr>\n<tr>\n<td><font color=\"802020\">Mardi 10 avril<font><\/td>\n<td><font color=\"802020\">14 h 30  R\u00e9union de l&rsquo;Equipe du Rosaire chez Mme TRAVET.<font><\/td>\n<td><font color=\"802020\">18 h &#8211; Messe pour Pierre BEAUMONT.<\/font><\/td>\n<\/tr>\n<tr>\n<td><font color=\"0020FF\">Mercredi 11 avril<font><\/td>\n<td><font color=\"0020FF\">9h &#8211; Messe \u00e0 Cr\u00e9cy pour Robert VALLEE et Maurice MARTIN.<\/font><\/td>\n<td><font color=\"00CC00\"><\/p>\n<div align=\"center\"><img decoding=\"async\" src=\"\/IMG\/gif\/bibles004.gif\"><\/div>\n<p><font><\/td>\n<\/tr>\n<tr>\n<td><font color=\"00CC00\">Jeudi 12 avril<font><\/td>\n<td><font color=\"00CC00\"><\/p>\n<div align=\"center\"><img decoding=\"async\" src=\"\/IMG\/jpg\/bible-1.jpg\" width=150><\/div>\n<p><font><\/td>\n<td><font color=\"00CC00\">9 h &#8211; Messe \u00e0 Cr\u00e9cy pour les d\u00e9funts de la famille THION-MUNIER.<\/font><\/td>\n<\/tr>\n<tr>\n<td><font color=\"802020\">Vendredi 13 avril<font><\/td>\n<td><font color=\"802020\">9 h &#8211; Messe \u00e0 Cr\u00e9cy pour Fran\u00e7oise BESSON et Marcel COTTARD.<\/font><\/td>\n<td><font color=\"802020\"><\/p>\n<div align=\"center\"><img decoding=\"async\" src=\"\/IMG\/gif\/cross.gif\"><\/div>\n<p><font><\/td>\n<\/tr>\n<tr>\n<td><font color=\"0020FF\">Samedi 14 avril<\/font><\/td>\n<td><font color=\"0020FF\"><\/p>\n<div align=\"center\"><img decoding=\"async\" src=\"\/IMG\/lieux\/voulangis_eglise1.jpg\"  width=150>\n<\/div>\n<p><font><\/td>\n<td><font color=\"0020FF\">18h30  Messe \u00e0 Voulangis pour Maryvonne MATHONNET et Josette LECLERE.<\/font><\/td>\n<\/tr>\n<tr>\n<td><font color=\"00CC00\">Dimanche 15 avril<\/font>\n<\/td>\n<p><\/p>\n<td><font color=\"00CC00\"> 10 h 30 &#8211; Messe \u00e0 Cr\u00e9cy, avec pr\u00e9sence des mari\u00e9s et fianc\u00e9s de 2011 et 2012. Elle sera c\u00e9l\u00e8br\u00e9e pour Andr\u00e9e PHILIPPE et Georgette PAQUET.<br \/>Tout le monde est invit\u00e9 au pot de l&rsquo;amiti\u00e9 qui sera servi \u00e0 l&rsquo;issue de la messe.<br \/>\n11 h 45 &#8211;  Bapt\u00eame d&rsquo;Alice MARAIS.<\/font><\/td>\n<td><font color=\"00CC00\"><\/p>\n<div align=\"center\"><img decoding=\"async\" src=\"\/IMG\/lieux\/stgeorges12.jpg\"  width=150>\n<\/div>\n<p><\/font><\/td>\n<\/tr>\n<\/tbody>\n<\/table>\n","protected":false},"excerpt":{"rendered":"<p>Voici les annonces de la semaine du lundi 9 au dimanche 15 avril 2012 pour la paroisse des 3 clochers Cr\u00e9cy-la-Chapelle, Villiers-sur-Morin, Voulangis. Samedi 14 \u00e0\u00a0 18h30 : messe \u00e0\u00a0 Voulangis &#8211; Dimanche 15&#46;&#46;&#46;<\/p>\n","protected":false},"author":2,"featured_media":0,"comment_status":"open","ping_status":"open","sticky":false,"template":"","format":"standard","meta":{"footnotes":""},"categories":[],"tags":[],"class_list":["post-467","post","type-post","status-publish","format-standard","hentry"],"_links":{"self":[{"href":"http:\/\/www.chapelle-crecy.com\/index.php?rest_route=\/wp\/v2\/posts\/467","targetHints":{"allow":["GET"]}}],"collection":[{"href":"http:\/\/www.chapelle-crecy.com\/index.php?rest_route=\/wp\/v2\/posts"}],"about":[{"href":"http:\/\/www.chapelle-crecy.com\/index.php?rest_route=\/wp\/v2\/types\/post"}],"author":[{"embeddable":true,"href":"http:\/\/www.chapelle-crecy.com\/index.php?rest_route=\/wp\/v2\/users\/2"}],"replies":[{"embeddable":true,"href":"http:\/\/www.chapelle-crecy.com\/index.php?rest_route=%2Fwp%2Fv2%2Fcomments&post=467"}],"version-history":[{"count":0,"href":"http:\/\/www.chapelle-crecy.com\/index.php?rest_route=\/wp\/v2\/posts\/467\/revisions"}],"wp:attachment":[{"href":"http:\/\/www.chapelle-crecy.com\/index.php?rest_route=%2Fwp%2Fv2%2Fmedia&parent=467"}],"wp:term":[{"taxonomy":"category","embeddable":true,"href":"http:\/\/www.chapelle-crecy.com\/index.php?rest_route=%2Fwp%2Fv2%2Fcategories&post=467"},{"taxonomy":"post_tag","embeddable":true,"href":"http:\/\/www.chapelle-crecy.com\/index.php?rest_route=%2Fwp%2Fv2%2Ftags&post=467"}],"curies":[{"name":"wp","href":"https:\/\/api.w.org\/{rel}","templated":true}]}}