{"id":470,"date":"2012-04-30T16:19:33","date_gmt":"2012-04-30T16:19:33","guid":{"rendered":""},"modified":"-0001-11-30T00:00:00","modified_gmt":"-0001-11-29T22:00:00","slug":"","status":"publish","type":"post","link":"http:\/\/www.chapelle-crecy.com\/?p=470","title":{"rendered":"Grande collecte du Secours Catholique \u00e0\u00a0 Cr\u00e9cy les 12 et 13 mai prochain"},"content":{"rendered":"<div align=\"justify\"><span style=\"color: rgb(51, 51, 255);\">\u00ab\u00a0Il n&rsquo;y a pas d&rsquo;autre mani\u00e8re de vivre en Eglise que de vivre le service de la charit\u00e9.\u00a0\u00bb<\/span>. Cette phrase est tir\u00e9e de l&rsquo;encyclique de Benoit XVI \u00ab\u00a0Deus Caritas Est\u00a0\u00bb (Dieu est Amour). Ce Pape, grand th\u00e9ologien et grand intellectuel s&rsquo;il en est, nous rappelle les points fondamentaux qui engagent notre propre foi, en tant que chr\u00e9tien. A Cr\u00e9cy, de nombreux b\u00e9n\u00e9voles du Secours Catholique se mettent en route pour servir leur fr\u00e8re. Ce sont toutes ces personnes que vous apercevrez en bin me et rev\u00eatues d&rsquo;une chasuble,  devant les magasins d&rsquo;Intermarch\u00e9 et de Carrefour City de Cr\u00e9cy, les 12 et 13 mai prochain, et qui solliciteront votre g\u00e9n\u00e9rosit\u00e9 pour leur traditionnelle collecte de bo\u00eetes de conserves. Merci donc de leur r\u00e9server un tr\u00e8s bon accueil!\n<\/div>\n<div align=\"justify\">\nLe <span style=\"color: rgb(51, 51, 255);\">samedi 12 mai toute la journ\u00e9e<\/span> et le <span style=\"color: rgb(51, 51, 255);\">matin du dimanche 13 Mai <\/span>2012, nous (Antenne du Secours Catholique de Cr\u00e9cy) serons \u00e0 l&rsquo;entr\u00e9e des Magasins Intermarch\u00e9 et Carrefour City. De sympathiques b\u00e9n\u00e9voles r\u00e9colteront vos dons en produits alimentaires (non p\u00e9rissables), produits d&rsquo;hygi\u00e8ne, et produits d&rsquo;entretien.<\/p>\n<div align=\"center\"><img decoding=\"async\" src=\"\/IMG\/jpg\/BAP2012.jpg\n\" width=550><\/div>\n<p> Le Secours Catholique de Cr\u00e9cy-la-Chapelle apporte de <span style=\"color: rgb(51, 51, 255);\">l&rsquo;aide alimentaire<\/span> aux familles et personnes seules victimes de la <span style=\"color: rgb(51, 51, 255);\">pr\u00e9carit\u00e9<\/span> dans nos villages, uniquement gr\u00e2ce \u00e0 votre <span style=\"color: rgb(51, 51, 255);\">g\u00e9n\u00e9rosit\u00e9<\/span>.<br \/>\nSoyez solidaires\u00e2\u20ac\u00a6 Partagez votre caddie ! Participez \u00e0 la collecte\u00e2\u20ac\u00a6<br \/>\nUn grand merci pour votre g\u00e9n\u00e9rosit\u00e9 !<\/p>\n<div align=\"center\"><img decoding=\"async\" src=\"\/IMG\/jpg\/Xavier.jpg\n\" width=550><\/div>\n<p> Secours Catholique 45, rue du G\u00e9n\u00e9ral Leclerc 77580 Cr\u00e9cy-la-Chapelle<br \/>\n (soutien scolaire, accueil et \u00e9coute, aide financi\u00e8re et aide aux d\u00e9marches administratives, alphab\u00e9tisation, aide alimentaire, visite \u00e0 domicile, ateliers)<\/p>\n<p> T\u00e9l : <span style=\"color: rgb(51, 51, 255);\">01.75.78.38.63<\/span><br \/>\n E-mail: <span style=\"color: rgb(51, 51, 255);\">sc77.crecy@sfr.fr <\/span> <\/p>\n<p> Permanence le lundi de 15h \u00e0 17h30 et le samedi de 9h30 \u00e0 12h.\n<\/p><\/div>\n","protected":false},"excerpt":{"rendered":"<p>\u00ab\u00a0Il n&rsquo;y a pas d&rsquo;autre mani\u00e8re de vivre en Eglise que de vivre le service de la charit\u00e9.\u00a0\u00bb. Cette phrase est tir\u00e9e de l&rsquo;encyclique de Benoit XVI \u00ab\u00a0Deus Caritas Est\u00a0\u00bb (Dieu est Amour). Ce&#46;&#46;&#46;<\/p>\n","protected":false},"author":2,"featured_media":0,"comment_status":"open","ping_status":"open","sticky":false,"template":"","format":"standard","meta":{"footnotes":""},"categories":[],"tags":[],"class_list":["post-470","post","type-post","status-publish","format-standard","hentry"],"_links":{"self":[{"href":"http:\/\/www.chapelle-crecy.com\/index.php?rest_route=\/wp\/v2\/posts\/470","targetHints":{"allow":["GET"]}}],"collection":[{"href":"http:\/\/www.chapelle-crecy.com\/index.php?rest_route=\/wp\/v2\/posts"}],"about":[{"href":"http:\/\/www.chapelle-crecy.com\/index.php?rest_route=\/wp\/v2\/types\/post"}],"author":[{"embeddable":true,"href":"http:\/\/www.chapelle-crecy.com\/index.php?rest_route=\/wp\/v2\/users\/2"}],"replies":[{"embeddable":true,"href":"http:\/\/www.chapelle-crecy.com\/index.php?rest_route=%2Fwp%2Fv2%2Fcomments&post=470"}],"version-history":[{"count":0,"href":"http:\/\/www.chapelle-crecy.com\/index.php?rest_route=\/wp\/v2\/posts\/470\/revisions"}],"wp:attachment":[{"href":"http:\/\/www.chapelle-crecy.com\/index.php?rest_route=%2Fwp%2Fv2%2Fmedia&parent=470"}],"wp:term":[{"taxonomy":"category","embeddable":true,"href":"http:\/\/www.chapelle-crecy.com\/index.php?rest_route=%2Fwp%2Fv2%2Fcategories&post=470"},{"taxonomy":"post_tag","embeddable":true,"href":"http:\/\/www.chapelle-crecy.com\/index.php?rest_route=%2Fwp%2Fv2%2Ftags&post=470"}],"curies":[{"name":"wp","href":"https:\/\/api.w.org\/{rel}","templated":true}]}}