{"id":472,"date":"2012-04-20T11:42:45","date_gmt":"2012-04-20T11:42:45","guid":{"rendered":""},"modified":"-0001-11-30T00:00:00","modified_gmt":"-0001-11-29T22:00:00","slug":"","status":"publish","type":"post","link":"http:\/\/www.chapelle-crecy.com\/?p=472","title":{"rendered":"FRAT 2012: un rassemblement de jeunes \u00e0\u00a0 Lourdes haut en couleurs !"},"content":{"rendered":"<div align=\"justify\">Depuis quelques mois, les jeunes de l&rsquo;aum nerie vont ont propos\u00e9s \u00e0\u00a0 la sortie des messes de notre secteur de Cr\u00e9cy, la vente de g teaux et autres p tisseries maison r\u00e9alis\u00e9es par eux-m\u00eames. Ces ventes avaient pour but de financer leur voyage et s\u00e9jour pour Lourdes \u00e0\u00a0 l&rsquo;occasion du FRAT 2012 qui se d\u00e9roule du 16 au 21 avril 2012. Nous vous offrons, en image, un aper\u00e7u de ce que nos jeunes vivent dans la cit\u00e9 mariale: un album photo et une vid\u00e9o superbe en signe de MERCI \u00e0\u00a0 vous tous qui avez aid\u00e9 ces jeunes \u00e0\u00a0 partir au pied le grotte de Massabielle, tout pr\u00e8s de Marie, pour prier, rire, chanter, \u00eatre heureux&#8230;<\/div>\n<div align=\"justify\">\n Pour visualiser ce magnifique album-photo, veuillez cliquer sur le lien suivant:<br \/>\n [https:\/\/plus.google.com\/photos\/118284853553517612146\/albums\/5732374869273635649?banner=pwa-> https:\/\/plus.google.com\/photos\/118284853553517612146\/albums\/5732374869273635649?banner=pwa]<br \/>\n Retrouvez en pi\u00e8ces jointes toutes les nouvelles de nos jeunes gr\u00e2ce aux lettres que nous avons re\u00e7ues de leur part, en direct de Lourdes.<\/p>\n<p> Et la vid\u00e9o, comme si vous \u00e9tiez:<\/p>\n<p> <iframe loading=\"lazy\" width=\"560\" height=\"315\" src=\"http:\/\/www.youtube.com\/embed\/QptrSK64viY\" frameborder=\"0\" allowfullscreen><\/iframe><\/p>\n<div align=\"center\"><u><br \/>\nPri\u00e8re Frat Jeune<\/u><br \/>\n<br \/>\nMerci Seigneur pour la vie que tu me donnes<br \/>\nMerci pour ta pr\u00e9sence \u00e0 mes c\u00f4t\u00e9s<br \/>\nAujourd&rsquo;hui, je veux accueillir ton amour<br \/>\nEt m&rsquo;offrir \u00e0 toi, tel que je suis.<br \/>\nJ\u00e9sus rends-moi semblable \u00e0 toi<br \/>\nQue par mes paroles, mes actes et mes sacrifices<br \/>\nJe sois t\u00e9moin de foi, d&rsquo;esp\u00e9rance et de charit\u00e9<br \/>\nAupr\u00e8s de ceux que tu me donneras de rencontrer.<br \/>\nAvec le secours de ta gr\u00e2ce,<br \/>\nGarde-moi joyeux dans le don de moi-m\u00eame<br \/>\nToujours pr\u00eat \u00e0 m&rsquo;oublier et \u00e0 pardonner<br \/>\nPour faire ta joie et celle des autres.<\/p>\n<p>Amen<br \/>\n <img decoding=\"async\" src=\"\/IMG\/jpg\/FRAT-2.jpg\" width=350><\/p>\n<p> Tournons-nous vers notre M\u00e8re du Ciel, celle qui nous a donn\u00e9 son Fils J\u00e9sus pour nous sauver:<br \/> <br \/>\n <img decoding=\"async\" src=\"\/IMG\/jpg\/Grotto_5.jpg\" width=150><\/p>\n<p><b>Tu as port\u00e9 celui qui porte tout.<\/b><\/p>\n<p> Tu as port\u00e9 celui qui porte tout,<br \/>\n Notre sauveur en ton sein a pris chair,<br \/>\n Porte du ciel, Reine de l&rsquo;univers,<br \/>\n O Marie, nous te saluons !<\/p>\n<p> 1 &#8211; Par amour, ton Dieu t&rsquo;a choisie, Vierge b\u00e9nie.<br \/>\n Le Seigneur exulte pour toi, tu es sa joie !<\/p>\n<p> 2 &#8211; Tu accueilles, servante de Dieu, l&rsquo;ange des Cieux<br \/>\n La promesse en toi s \u00e2\u20ac\u02dcaccomplit : tu as dit \u00a0\u00bb oui \u00a0\u00bb !<\/div>\n<\/div>\n","protected":false},"excerpt":{"rendered":"<p>Depuis quelques mois, les jeunes de l&rsquo;aum nerie vont ont propos\u00e9s \u00e0\u00a0 la sortie des messes de notre secteur de Cr\u00e9cy, la vente de g teaux et autres p tisseries maison r\u00e9alis\u00e9es par eux-m\u00eames.&#46;&#46;&#46;<\/p>\n","protected":false},"author":2,"featured_media":0,"comment_status":"open","ping_status":"open","sticky":false,"template":"","format":"standard","meta":{"footnotes":""},"categories":[],"tags":[],"class_list":["post-472","post","type-post","status-publish","format-standard","hentry"],"_links":{"self":[{"href":"http:\/\/www.chapelle-crecy.com\/index.php?rest_route=\/wp\/v2\/posts\/472","targetHints":{"allow":["GET"]}}],"collection":[{"href":"http:\/\/www.chapelle-crecy.com\/index.php?rest_route=\/wp\/v2\/posts"}],"about":[{"href":"http:\/\/www.chapelle-crecy.com\/index.php?rest_route=\/wp\/v2\/types\/post"}],"author":[{"embeddable":true,"href":"http:\/\/www.chapelle-crecy.com\/index.php?rest_route=\/wp\/v2\/users\/2"}],"replies":[{"embeddable":true,"href":"http:\/\/www.chapelle-crecy.com\/index.php?rest_route=%2Fwp%2Fv2%2Fcomments&post=472"}],"version-history":[{"count":0,"href":"http:\/\/www.chapelle-crecy.com\/index.php?rest_route=\/wp\/v2\/posts\/472\/revisions"}],"wp:attachment":[{"href":"http:\/\/www.chapelle-crecy.com\/index.php?rest_route=%2Fwp%2Fv2%2Fmedia&parent=472"}],"wp:term":[{"taxonomy":"category","embeddable":true,"href":"http:\/\/www.chapelle-crecy.com\/index.php?rest_route=%2Fwp%2Fv2%2Fcategories&post=472"},{"taxonomy":"post_tag","embeddable":true,"href":"http:\/\/www.chapelle-crecy.com\/index.php?rest_route=%2Fwp%2Fv2%2Ftags&post=472"}],"curies":[{"name":"wp","href":"https:\/\/api.w.org\/{rel}","templated":true}]}}