{"id":473,"date":"2012-04-19T08:38:00","date_gmt":"2012-04-19T08:38:00","guid":{"rendered":""},"modified":"-0001-11-30T00:00:00","modified_gmt":"-0001-11-29T22:00:00","slug":"","status":"publish","type":"post","link":"http:\/\/www.chapelle-crecy.com\/?p=473","title":{"rendered":"Dimanche 22 avril 1er tour des \u00e9lections pr\u00e9sidentielles"},"content":{"rendered":"<div align=\"justify\">Depuis des mois d\u00e9j\u00e0\u00a0, notre attention est largement sollicit\u00e9e par la pr\u00e9paration des \u00e9lections pr\u00e9sidentielles et l\u00e9gislatives. L&rsquo;objet du document qui suit n&rsquo;est pas de vous donner de consigne de vote ni certainement pas d&rsquo;orienter votre choix dimanche prochain. Nous souhaitons seulement vous faire part du texte qu&rsquo;ont \u00e9crit les Ev\u00eaques de France, en octobre dernier. Voici ce que dit l&rsquo;Eglise de France sur la situation actuelle de notre soci\u00e9t\u00e9 [http:\/\/www.eglise.catholique.fr\/accueil.html->http:\/\/www.eglise.catholique.fr\/accueil.html]. Un document en pi\u00e8ce jointe d\u00e9taille quelques points que l&rsquo;Eglise estime \u00eatre importants \u00e0\u00a0 prendre en compte en vue de l&rsquo;\u00e9lection de dimanche. Bonne lecture et bon choix ! <\/div>\n<div align=\"justify\">\n Ces temps que nous traversons sont des temps de crise. Une crise globale touche tous les pays occidentaux depuis plusieurs dizaines d&rsquo;ann\u00e9es. Ce n&rsquo;est pas une particularit\u00e9 fran\u00e7aise. Les effets de la crise financi\u00e8re mondiale qui s&rsquo;est acc\u00e9l\u00e9r\u00e9e en septembre 2008 sont loin d&rsquo;\u00eatre \u00e9puis\u00e9s. Ce d\u00e9s\u00e9quilibre s&rsquo;est ajout\u00e9 aux difficult\u00e9s sociales et politiques qui sont les cons\u00e9quences de la transformation profonde et rapide de nos soci\u00e9t\u00e9s et de toutes les structures qui organisent notre vie sociale.<\/p>\n<p>De nombreux facteurs de transformation se conjuguent.<\/p>\n<p>Trois d&rsquo;entre eux m\u00e9ritent, selon nous, de retenir l&rsquo;attention de tous :<\/p>\n<p>&#8211; Tout d&rsquo;abord, nous pensons au formidable d\u00e9veloppement des techniques scientifiques. Celui-ci ne cesse de se poursuivre. Il incite \u00e0 projeter ou m\u00eame \u00e0 mettre \u00e0 ex\u00e9cution des id\u00e9es qui \u00e9taient rest\u00e9es jusque-l\u00e0 au stade des r\u00eaves ou des cauchemars. Ainsi le perfectionnement de la connaissance et de la compr\u00e9hension du vivant suscitent des d\u00e9sirs que rien ne para \u00eet pouvoir limiter. Il est donc urgent et indispensable que l&rsquo;homme puisse mieux d\u00e9finir qui il est, et d\u00e9terminer les conditions de son propre respect. Faute d&rsquo;une appr\u00e9hension pr\u00e9cise de sa dignit\u00e9, il se laisse inexorablement fasciner par son pouvoir scientifique, dont il est tent\u00e9 d&rsquo;attendre la solution \u00e0 tous ses probl\u00e8mes, en oubliant de voir ce qui risque de se retourner contre lui.<\/p>\n<p>&#8211; Un deuxi\u00e8me facteur de transformation est la fin d&rsquo;une certaine homog\u00e9n\u00e9it\u00e9 culturelle de nos soci\u00e9t\u00e9s. Bien avant que la r\u00e9alit\u00e9 de la mondialisation soit appr\u00e9hend\u00e9e et comment\u00e9e, nos pays d&rsquo;Europe occidentale ont connu &#8211; et connaissent encore &#8211; des vagues d&rsquo;immigration diverses. Ainsi coexistent aujourd&rsquo;hui, \u00e0 \u00e9galit\u00e9 de droits, des personnes ayant des origines ethniques et des r\u00e9f\u00e9rences culturelles et religieuses les plus vari\u00e9es. Pour des citoyens de plus ou moins vieille souche, ceci peut engendrer un sentiment d&rsquo;instabilit\u00e9 tr\u00e8s d\u00e9licat \u00e0 vivre. Pour beaucoup de nouveaux arriv\u00e9s, cela se traduit par le fait de se sentir mal accueillis et de ne pas pouvoir trouver une place dans une soci\u00e9t\u00e9 qu&rsquo;ils ne peuvent pourtant plus quitter.<\/p>\n<p>&#8211; Enfin, dans nos soci\u00e9t\u00e9s, chacun revendique toujours plus ses droits sans beaucoup s&rsquo;inqui\u00e9ter de ses devoirs. Dans ce domaine, nous assistons sans doute \u00e0 un mouvement amorc\u00e9 depuis longtemps. Les libert\u00e9s individuelles ont contribu\u00e9 \u00e0 augmenter le sens de la responsabilit\u00e9 personnelle. Mais l&rsquo;individualisme finit par dissoudre la vie sociale, d\u00e8s lors que chacun juge toute chose en fonction de son int\u00e9r\u00eat propre. Le bien commun de tous risque d&rsquo;\u00eatre confondu avec la somme des avantages particuliers.<\/p>\n<p>Ces transformations interrogent la conception que l&rsquo;on se fait de l&rsquo;homme, de sa dignit\u00e9 et de sa vocation. Les gouvernants et les l\u00e9gislateurs sont confront\u00e9s \u00e0 des questions nouvelles. L&rsquo;\u00e9clatement des r\u00e9f\u00e9rences \u00e9thiques fait reposer un poids moral toujours plus lourd sur la formulation des lois. Puisqu&rsquo;elles jouent in\u00e9vitablement un r\u00f4le de r\u00e9f\u00e9rence morale dont il convient de tenir compte, le l\u00e9gislateur ne peut se contenter d&rsquo;enregistrer l&rsquo;\u00e9volution des moeurs.<\/p>\n<p>Dans ce contexte, notre devoir d&rsquo;\u00e9v\u00eaques est de rappeler la haute importance que l&rsquo;Eglise, depuis ses origines, reconna \u00eet \u00e0 la fonction politique. Dans une d\u00e9mocratie repr\u00e9sentative, le vote est la mani\u00e8re par laquelle chacun peut participer \u00e0 l&rsquo;exercice du pouvoir. Il est donc essentiel d&rsquo;y prendre part, de la mani\u00e8re la plus s\u00e9rieuse possible. Un vote ne peut \u00eatre simplement dict\u00e9 par l&rsquo;habitude, par l&rsquo;appartenance \u00e0 une classe sociale ou par la poursuite int\u00e9r\u00eats particuliers. Il doit prendre en compte les d\u00e9fis qui se pr\u00e9sentent et viser ce qui pourra rendre notre pays plus agr\u00e9able \u00e0 vivre et plus humain pour tous.<\/p>\n<p>Comme chr\u00e9tiens, nous devons \u00eatre confiants : les crises qui traversent les soci\u00e9t\u00e9s humaines peuvent \u00eatre des occasions de renouveau et des exp\u00e9riences qui r\u00e9orientent l&rsquo;avenir. Elles ne doivent pas nous emp\u00eacher de viser toujours et en toutes circonstances le respect de la dignit\u00e9 de toute personne humaine, l&rsquo;attention particuli\u00e8re aux plus faibles, le d\u00e9veloppement des coop\u00e9rations avec d&rsquo;autres pays, et la recherche de la justice et de la paix pour tous les peuples.<\/p>\n<p>Cependant, nous ne pouvons pas attendre du pouvoir politique plus qu&rsquo;il ne peut donner. Elire un pr\u00e9sident de la R\u00e9publique et choisir des repr\u00e9sentants ne suffira pas \u00e0 relever les d\u00e9fis qui se pr\u00e9sentent \u00e0 nous aujourd&rsquo;hui. Les d\u00e9s\u00e9quilibres actuels, avec leurs dimensions sociales, culturelles et \u00e9conomiques, nous font mesurer l&rsquo;apport consid\u00e9rable de la production industrielle et de la soci\u00e9t\u00e9 de consommation, mais aussi leurs limites et leurs fragilit\u00e9s. Le mode de vie qui est le n\u00f4tre depuis quelques d\u00e9cennies ne pourra pas \u00eatre celui de tous les pays du monde, ni m\u00eame se maintenir perp\u00e9tuellement tel quel chez nous.<\/p>\n<p>Depuis longtemps, avec d&rsquo;autres, les papes et les \u00e9v\u00eaques appellent chacun \u00e0 reconsid\u00e9rer sa mani\u00e8re de vivre, \u00e0 privil\u00e9gier l&rsquo;\u00eatre plus que l&rsquo;avoir, \u00e0 chercher et promouvoir un \u00ab d\u00e9veloppement int\u00e9gral \u00bb pour tous. Sous des termes vari\u00e9s, c&rsquo;est la m\u00eame invitation pressante \u00e0 un changement de mode de vie. Chr\u00e9tiens, \u00e0 bien des \u00e9gards, nous sommes mieux \u00e9quip\u00e9s que beaucoup d&rsquo;autres pour choisir ce changement plut\u00f4t que de le subir seulement.<\/p>\n<p>A cette lettre, nous joignons un document qui d\u00e9taille quelques points qui nous semblent importants \u00e0 prendre en compte en vue de ces \u00e9lections. A chaque citoyen, \u00e0 chacun de vous donc, il revient d&rsquo;examiner comment les programmes et les projets des partis et des candidats traitent ces diff\u00e9rents points, et de d\u00e9terminer si ces approches sont coh\u00e9rentes ou non avec la soci\u00e9t\u00e9 dans laquelle nous voulons vivre. A chacun de vous il reviendra aussi de hi\u00e9rarchiser ces diff\u00e9rents points en vue du vote. D&rsquo;autres, bien s\u00fbr, peuvent y \u00eatre ajout\u00e9s.<\/p>\n<p>Dans un temps d&rsquo;hyperm\u00e9diatisation, il convient d&rsquo;\u00eatre prudent devant la surench\u00e8re des informations qui seront diffus\u00e9es, de ne pas se laisser entra \u00eener par des calomnies ou des m\u00e9disances, de rechercher avec pr\u00e9caution, autant que chacun en est capable, ce qui est vrai et ce qui est juste.<\/p>\n<p>En vous adressant ce message en amont de l&rsquo;ouverture de la campagne \u00e9lectorale, nous croyons r\u00e9pondre \u00e0 l&rsquo;attente de beaucoup. Prions pour que le d\u00e9sir du bien de tous domine dans nos choix et dans ceux de nos concitoyens.<\/p>\n<p>Paris, le 3 octobre 2011<br \/>\nLe Conseil permanent de la Conf\u00e9rence des \u00e9v\u00eaques de France :<\/p>\n<p>Cardinal ANDRE VINGT-TROIS,<br \/>\narchev\u00eaque de Paris<br \/>\npr\u00e9sident de la Conf\u00e9rence des \u00e9v\u00eaques de France<\/p>\n<p>Mgr HIPPOLYTE SIMON,<br \/>\narchev\u00eaque de Clermont<br \/>\nvice-pr\u00e9sident de la Conf\u00e9rence des \u00e9v\u00eaques de France<\/p>\n<p>Mgr LAURENT ULRICH,<br \/>\narchev\u00eaque de Lille<br \/>\nvice-pr\u00e9sident de la Conf\u00e9rence des \u00e9v\u00eaques de France<\/p>\n<p>Mgr JACQUES BLAQUART,<br \/>\n\u00e9v\u00eaque d&rsquo;Orl\u00e9ans<\/p>\n<p>Mgr JEAN-CLAUDE BOULANGER,<br \/>\n\u00e9v\u00eaque de Bayeux et Lisieux<\/p>\n<p>Mgr JEAN-PIERRE GRALLET,<br \/>\narchev\u00eaque de Strasbourg<\/p>\n<p>Mgr HUBERT HERBRETEAU,<br \/>\n\u00e9v\u00eaque d&rsquo;Agen<\/p>\n<p>Mgr JEAN-PAUL JAEGER,<br \/>\n\u00e9v\u00eaque d&rsquo;Arras<\/p>\n<p>Mgr JEAN-PAUL JAMES,<br \/>\n\u00e9v\u00eaque de Nantes <\/div>\n","protected":false},"excerpt":{"rendered":"<p>Depuis des mois d\u00e9j\u00e0\u00a0, notre attention est largement sollicit\u00e9e par la pr\u00e9paration des \u00e9lections pr\u00e9sidentielles et l\u00e9gislatives. L&rsquo;objet du document qui suit n&rsquo;est pas de vous donner de consigne de vote ni certainement pas&#46;&#46;&#46;<\/p>\n","protected":false},"author":2,"featured_media":0,"comment_status":"open","ping_status":"open","sticky":false,"template":"","format":"standard","meta":{"footnotes":""},"categories":[],"tags":[],"class_list":["post-473","post","type-post","status-publish","format-standard","hentry"],"_links":{"self":[{"href":"http:\/\/www.chapelle-crecy.com\/index.php?rest_route=\/wp\/v2\/posts\/473","targetHints":{"allow":["GET"]}}],"collection":[{"href":"http:\/\/www.chapelle-crecy.com\/index.php?rest_route=\/wp\/v2\/posts"}],"about":[{"href":"http:\/\/www.chapelle-crecy.com\/index.php?rest_route=\/wp\/v2\/types\/post"}],"author":[{"embeddable":true,"href":"http:\/\/www.chapelle-crecy.com\/index.php?rest_route=\/wp\/v2\/users\/2"}],"replies":[{"embeddable":true,"href":"http:\/\/www.chapelle-crecy.com\/index.php?rest_route=%2Fwp%2Fv2%2Fcomments&post=473"}],"version-history":[{"count":0,"href":"http:\/\/www.chapelle-crecy.com\/index.php?rest_route=\/wp\/v2\/posts\/473\/revisions"}],"wp:attachment":[{"href":"http:\/\/www.chapelle-crecy.com\/index.php?rest_route=%2Fwp%2Fv2%2Fmedia&parent=473"}],"wp:term":[{"taxonomy":"category","embeddable":true,"href":"http:\/\/www.chapelle-crecy.com\/index.php?rest_route=%2Fwp%2Fv2%2Fcategories&post=473"},{"taxonomy":"post_tag","embeddable":true,"href":"http:\/\/www.chapelle-crecy.com\/index.php?rest_route=%2Fwp%2Fv2%2Ftags&post=473"}],"curies":[{"name":"wp","href":"https:\/\/api.w.org\/{rel}","templated":true}]}}