{"id":475,"date":"2012-04-22T23:09:20","date_gmt":"2012-04-22T23:09:20","guid":{"rendered":""},"modified":"-0001-11-30T00:00:00","modified_gmt":"-0001-11-29T22:00:00","slug":"","status":"publish","type":"post","link":"http:\/\/www.chapelle-crecy.com\/?p=475","title":{"rendered":"Pourquoi la Coll\u00e9giale de Cr\u00e9cy est-elle si appr\u00e9ci\u00e9e ?"},"content":{"rendered":"<div align=\"justify\">Avec P\u00e2ques, c&rsquo;est notre vie qui a \u00e9t\u00e9 toute renouvel\u00e9e en Christ. Le printemps, c&rsquo;est la saison du renouveau, la campagne endormie reprend vie. Les arbres fleurissent, les champs verdissent, les champs de colza s&rsquo;\u00e9tirent \u00e0\u00a0 perte de vue, la nature est belle. En ces temps nouveaux, soyons \u00e9merveill\u00e9 par le beau! A deux pas de chez nous, notre superbe Coll\u00e9giale resplendit sous le doux soleil printanier. L\u00e0\u00a0 voil\u00e0\u00a0 toute pr\u00eate et par\u00e9e \u00e0\u00a0 accueillir visiteurs enchant\u00e9s, m\u00e9lomanes avertis, amateurs de belles pierres et d&rsquo;histoire, photographes passionn\u00e9s, chr\u00e9tiens affermis dans la foi cherchant \u00e0\u00a0 toujours louer Dieu pour tant de merveilles&#8230;<\/div>\n<p><body><br \/>\n Les visites ont repris \u00e0 la Coll\u00e9giale. Les horaires sont disponibles sur le site des brionautes [http:\/\/www.brionautes.com->http:\/\/www.brionautes.com\/index.php?op=edito] ou sur le site de l&rsquo;Office de Tourisme du Pays Cr\u00e9\u00e7ois [http:\/\/www.cc-payscrecois.fr->http:\/\/www.cc-payscrecois.fr\/Les-visites-guidees.html]. L&rsquo;autre jour, un groupe fort sympathique de Chelles a \u00e9t\u00e9 \u00e9bloui par la beaut\u00e9 de l&rsquo;\u00e9difice. Voici, en remerciement, \u00e9crit \u00e0 l&rsquo;issue de sa visite, le po\u00e8me que nous adresse Marie-Claude, en l&rsquo;honneur de la Coll\u00e9giale:<\/p>\n<p class=\"MsoNormal\"\nstyle=\"margin-bottom: 6pt; line-height: normal; text-align: left;\"><span\nstyle=\"font-size: 14pt; font-family: &quot;Monotype Corsiva&quot;; letter-spacing: 1pt;\">&nbsp;&nbsp;&nbsp;&nbsp;&nbsp;&nbsp;&nbsp;&nbsp;&nbsp;&nbsp;&nbsp;&nbsp;&nbsp;&nbsp;&nbsp;&nbsp;&nbsp;&nbsp;&nbsp;<br \/>\nLa<br \/>\nColl\u00e9giale<o:p><\/o:p><\/span><\/p>\n<p class=\"MsoNormal\" style=\"margin-bottom: 6pt; line-height: normal;\"><span\nstyle=\"font-size: 14pt; font-family: &quot;Monotype Corsiva&quot;; letter-spacing: 1pt;\"><o:p>&nbsp;<\/o:p><\/span><\/p>\n<p class=\"MsoNormal\" style=\"margin-bottom: 6pt; line-height: normal;\"><span\nstyle=\"font-size: 14pt; font-family: &quot;Monotype Corsiva&quot;; letter-spacing: 1pt;\">Une<br \/>\nrencontre de bon aloi nous permit<o:p><\/o:p><\/span><\/p>\n<p class=\"MsoNormal\" style=\"margin-bottom: 6pt; line-height: normal;\"><span\nstyle=\"font-size: 14pt; font-family: &quot;Monotype Corsiva&quot;; letter-spacing: 1pt;\">D&rsquo;entrer<br \/>\ndans ce joyau gothique de la Brie<o:p><\/o:p><\/span><\/p>\n<p class=\"MsoNormal\" style=\"margin-bottom: 6pt; line-height: normal;\"><span\nstyle=\"font-size: 14pt; font-family: &quot;Monotype Corsiva&quot;; letter-spacing: 1pt;\">La<br \/>\nColl\u00e9giale de N.D. de l&rsquo;Assomption<o:p><\/o:p><\/span><\/p>\n<p class=\"MsoNormal\" style=\"margin-bottom: 6pt; line-height: normal;\"><span\nstyle=\"font-size: 14pt; font-family: &quot;Monotype Corsiva&quot;; letter-spacing: 1pt;\">Chef<br \/>\nd&rsquo;oeuvre suscitant toute notre admiration.<o:p><\/o:p><\/span><\/p>\n<p class=\"MsoNormal\" style=\"margin-bottom: 6pt; line-height: normal;\"><span\nstyle=\"font-size: 14pt; font-family: &quot;Monotype Corsiva&quot;; letter-spacing: 1pt;\"><o:p>&nbsp;<\/o:p><\/span><\/p>\n<p class=\"MsoNormal\" style=\"margin-bottom: 6pt; line-height: normal;\"><span\nstyle=\"font-size: 14pt; font-family: &quot;Monotype Corsiva&quot;; letter-spacing: 1pt;\">La<br \/>\nvoute tendant ses ogives lanc\u00e9ol\u00e9es<o:p><\/o:p><\/span><\/p>\n<p class=\"MsoNormal\" style=\"margin-bottom: 6pt; line-height: normal;\"><span\nstyle=\"font-size: 14pt; font-family: &quot;Monotype Corsiva&quot;; letter-spacing: 1pt;\">Abrite<br \/>\nencore quelques tr\u00e9sors pr\u00e9serv\u00e9s \u00e2\u20ac\u00a6<o:p><\/o:p><\/span><\/p>\n<p class=\"MsoNormal\" style=\"margin-bottom: 6pt; line-height: normal;\"><span\nstyle=\"font-size: 14pt; font-family: &quot;Monotype Corsiva&quot;; letter-spacing: 1pt;\">La<br \/>\nvierge portant l&rsquo;enfant dans un mouvement,<o:p><\/o:p><\/span><\/p>\n<p class=\"MsoNormal\" style=\"margin-bottom: 6pt; line-height: normal;\"><span\nstyle=\"font-size: 14pt; font-family: &quot;Monotype Corsiva&quot;; letter-spacing: 1pt;\">Commun<span\nstyle=\"\">&nbsp; <\/span>au Moyen Age, de d\u00e9hanchement.<o:p><\/o:p><\/span><\/p>\n<p class=\"MsoNormal\" style=\"margin-bottom: 6pt; line-height: normal;\"><span\nstyle=\"font-size: 14pt; font-family: &quot;Monotype Corsiva&quot;; letter-spacing: 1pt;\"><o:p>&nbsp;<\/o:p><\/span><\/p>\n<p class=\"MsoNormal\" style=\"margin-bottom: 6pt; line-height: normal;\"><span\nstyle=\"font-size: 14pt; font-family: &quot;Monotype Corsiva&quot;; letter-spacing: 1pt;\">La<br \/>\nsymbolique de l&rsquo;oiseau chardonneret<o:p><\/o:p><\/span><\/p>\n<p class=\"MsoNormal\" style=\"margin-bottom: 6pt; line-height: normal;\"><span\nstyle=\"font-size: 14pt; font-family: &quot;Monotype Corsiva&quot;; letter-spacing: 1pt;\">Port\u00e9<br \/>\npar l&rsquo;enfant <span style=\"\">&nbsp;<\/span>est joliment illustr\u00e9e<o:p><\/o:p><\/span><\/p>\n<p class=\"MsoNormal\" style=\"margin-bottom: 6pt; line-height: normal;\"><span\nstyle=\"font-size: 14pt; font-family: &quot;Monotype Corsiva&quot;; letter-spacing: 1pt;\">Elle<br \/>\nnous<span style=\"\">&nbsp; <\/span>invite en ce lieu \u00e0 la douceur<o:p><\/o:p><\/span><\/p>\n<p class=\"MsoNormal\" style=\"margin-bottom: 6pt; line-height: normal;\"><span\nstyle=\"font-size: 14pt; font-family: &quot;Monotype Corsiva&quot;; letter-spacing: 1pt;\">Sous<br \/>\nla<span style=\"\">&nbsp; <\/span>lumi\u00e8re iris\u00e9e des vitraux du choeur.<o:p><\/o:p><\/span><\/p>\n<p class=\"MsoNormal\" style=\"margin-bottom: 6pt; line-height: normal;\"><span\nstyle=\"font-size: 14pt; font-family: &quot;Monotype Corsiva&quot;; letter-spacing: 1pt;\"><o:p>&nbsp;<\/o:p><\/span><\/p>\n<p class=\"MsoNormal\" style=\"margin-bottom: 6pt; line-height: normal;\"><span\nstyle=\"font-size: 14pt; font-family: &quot;Monotype Corsiva&quot;; letter-spacing: 1pt;\">Amis,<br \/>\nces quelques lignes n&rsquo;ont pour ambition<o:p><\/o:p><\/span><\/p>\n<p class=\"MsoNormal\" style=\"margin-bottom: 6pt; line-height: normal;\"><span\nstyle=\"font-size: 14pt; font-family: &quot;Monotype Corsiva&quot;; letter-spacing: 1pt;\">Que<br \/>\nde vous inviter \u00e0 entrer en ces lieux<o:p><\/o:p><\/span><\/p>\n<p class=\"MsoNormal\" style=\"margin-bottom: 6pt; line-height: normal;\"><span\nstyle=\"font-size: 14pt; font-family: &quot;Monotype Corsiva&quot;; letter-spacing: 1pt;\">O\u00f9<br \/>\nl&rsquo;esprit dispos entre en contemplation.<o:p><\/o:p><\/span><\/p>\n<p class=\"MsoNormal\"\nstyle=\"margin: 0cm 0cm 6pt 35.4pt; text-indent: 35.4pt; line-height: normal;\"><span\nstyle=\"font-family: &quot;Monotype Corsiva&quot;; letter-spacing: 1pt;\">Marie-Claude<span\nstyle=\"\">&nbsp; <\/span>8 avril 2012<o:p><\/o:p><\/span><\/p>\n<p><\/body><\/p>\n<div align=\"center\"><img decoding=\"async\" src=\"\/IMG\/jpg\/concert-entraide.jpg\" width=450><\/div>\n<p>\n La coll\u00e9giale de Cr\u00e9cy la Chapelle ouvre ses portes<br \/>\n                 au profit  des enfants malades<\/p>\n<p>Grand Concert  \u00e0  la Coll\u00e9giale<br \/>\nDimanche 29 avril 2012 \u00e0 16 heures <\/p>\n<p> Avec la participation d&rsquo;une part de la classe d&rsquo;orchestre de l&rsquo;\u00e9cole de musique de Mareuil, sous la direction de Jean Culis, et d&rsquo;autre part de  Joelle Balestier, soprano, professeur de chant accompagn\u00e9e de ses \u00e9l\u00e8ves.<\/p>\n<p> Ce concert est organis\u00e9 par l&rsquo;Entr&rsquo;Aide au profit de l&rsquo;association<br \/>\n Une Etoile\u00e2\u20ac\u00a6un Soleil.<br \/>\n L&rsquo;entr&rsquo;aide, association cr\u00e9\u00e9e en 1928, oeuvre au profit des enfants, des associations  \u00e0 caract\u00e8re humanitaire et des personnes d\u00e9munies. Sous la houlette de sa pr\u00e9sidente, Pierrette Ducrot, l&rsquo;Entr&rsquo;Aide participe \u00e0 diff\u00e9rentes actions ou manifestations telles que :<br \/>\n L&rsquo;aide aux devoirs en faveur des enfants de l&rsquo;\u00e9cole Sainte Th\u00e9r\u00e8se de Couilly ,le salon des collectionneurs au profit du No\u00ebl des enfants d\u00e9favoris\u00e9s, la brocante de Couilly au profit de la recherche contre la mucoviscidose , le march\u00e9 de No\u00ebl au profit du T\u00e9l\u00e9thon, les caddies au profit du Secours Catholique et des concerts au profit de l&rsquo;association Une Etoile \u00e2\u20ac\u00a6un Soleil, etc\u00e2\u20ac\u00a6<\/p>\n<div align=\"center\"><img decoding=\"async\" src=\"\/IMG\/jpg\/legende-entraide.jpg\" width=450><\/div>\n<p>\n Une Etoile \u00e2\u20ac\u00a6un Soleil, cr\u00e9\u00e9e en 2008, regroupe des familles et amis d&rsquo;enfants atteints de maladies g\u00e9n\u00e9tiques rares et pour la plupart diagnostiqu\u00e9s \u00ab maladie mitochondriale \u00bb. Son si\u00e8ge social est situ\u00e9 \u00e0 Pierre Lev\u00e9e, chez Val\u00e9rie Jumelle, maman de Thibault d\u00e9c\u00e9d\u00e9 en 2005 \u00e0 l&rsquo;\u00e2ge de 5ans.<br \/>\n La mitochondrie est \u00ab l&rsquo;usine \u00e0 \u00e9nergie \u00bb de nos cellules, elle a pour r\u00f4le  de produire l&rsquo;\u00e9nergie n\u00e9cessaire au fonctionnement des organes. Les organes principalement atteints sont ceux qui ont le plus besoin d&rsquo;\u00e9nergie : les muscles, le cerveau, le coeur \u00e2\u20ac\u00a6.<br \/>\n Actuellement, il n&rsquo;existe pas de traitement, le diagnostic est tr\u00e8s difficile car les pathologies sont parfois tr\u00e8s diff\u00e9rentes.<br \/>\nLes objectifs de l&rsquo;association se r\u00e9sument par l&rsquo;aide aux familles et le soutien \u00e0 la recherche m\u00e9dicale.<\/p>\n<p> Ces objectifs peuvent \u00eatre  r\u00e9alis\u00e9s gr\u00e2ce \u00e0 vous, venez nous rejoindre nombreux \u00e0 Cr\u00e9cy la Chapelle, le 29 avril 2012.<br \/>\n Entr\u00e9e libre (libre participation)<\/p>\n<p> Louisette Delage et Jean Migette<\/p>\n<p> Pr\u00e9sentation des intervenants <br \/>\n Jo\u00eblle BALESTIER suit ses \u00e9tudes de chant au conservatoire du X\u00e8me \u00e0 Paris o\u00f9 elle obtient son Dipl\u00f4me Fin Etude de chant et une m\u00e9daille d&rsquo;or, un prix d&rsquo;excellence au Conservatoire National de R\u00e9gion de Rueil-Malmaison. Elle est actuellement professseur de chant au conservatoire de Mitry-Mory et Roissy-en-Brie, elle m\u00e8ne une carri\u00e8re de concertiste avec de nombreuses formations, notamment le trio AURIS avec Christine Lonzieme (pianiste et directrice de l&rsquo;Ecole de musique du Pays Cr\u00e9\u00e7ois) et Alain Trouchaud (clarinettiste). Elle assure r\u00e9guli\u00e8rement les parties solo du choeur Tutti Canti.<\/p>\n<p> Chantal HASQUENOPH, berc\u00e9e par la musique d\u00e8s son enfance, elle commence tr\u00e8s t\u00f4t le piano, se perfectionne ensuite \u00e0 l&rsquo;Ecole Normale de Musique de Paris o\u00f9 elle suit des \u00e9tudes de chant, d&rsquo;art lyrique et d&rsquo;analyse musicale et \u00e9tudie l&rsquo;harmonie au Conservatoire National de R\u00e9gion de Saint-Maur. Elle est actuellement professeur de piano, au conservatoire de Mitry-Mory, o\u00f9 elle accompagne la classe de chant de jo\u00eblle Balestier. Elle dirige \u00e9galement la chorale des enfants et le Choeur Tutti Canti depuis 1993. Parall\u00e8lement, elle accompagne r\u00e9guli\u00e8rement diverses chorales et des chanteurs solistes.<br \/> <br \/>\n Jean CULIS a \u00e9tudi\u00e9 la trompette au Conservatoire National de R\u00e9gion de Versailles avec Roger Delmotte, alors trompettiste solo de l&rsquo;op\u00e9ra Garnier, la guitare au Conservatoire National Sup\u00e9rieur de Musique de paris avec Carel Harms, assistant d&rsquo;Alexandre Lagoya, la direction d&rsquo;orchestre avec Pierre Cao.<br \/>\n Le r\u00e9pertoire de l&rsquo;orchestre s&rsquo;inspire des oeuvres classiques symphoniques, arrang\u00e9es pour orchestres d&rsquo;\u00e9coles de musique. <\/p>\n<p> Aper\u00e7u de quelques-unes des oeuvres du programme<br \/>\n tr\u00e8s all\u00e9chant qui seront interpret\u00e9es par les artistes pr\u00e9sent\u00e9s ci-dessus en compagnie de leurs \u00e9l\u00e8ves :<br \/>\n &#8211; Ave Maria de Caccini<br \/>\n &#8211; Tonight de Bernstein<br \/>\n &#8211; Le temps des cath\u00e9drales de Cocciante<br \/>\n &#8211; Quand on n&rsquo;a que l&rsquo;amour de Jacques Brel<br \/>\n &#8211; Adagio du quintette pour clarinette de W.A Mozart, soliste Auguste Bermo.<\/p>\n<p> Et pleins d&rsquo;autres bonnes surprises vous attendent, pour cette soir\u00e9e exceptionnelle, tout pr\u00e8s de chez vous, dans un cadre \u00e0 vous couper le souffle. Venez nombreux \u00e9couter de la bonne musique et aider l&rsquo;Entr&rsquo;Aide !<\/p>\n","protected":false},"excerpt":{"rendered":"<p>Avec P\u00e2ques, c&rsquo;est notre vie qui a \u00e9t\u00e9 toute renouvel\u00e9e en Christ. Le printemps, c&rsquo;est la saison du renouveau, la campagne endormie reprend vie. Les arbres fleurissent, les champs verdissent, les champs de colza&#46;&#46;&#46;<\/p>\n","protected":false},"author":2,"featured_media":0,"comment_status":"open","ping_status":"open","sticky":false,"template":"","format":"standard","meta":{"footnotes":""},"categories":[],"tags":[],"class_list":["post-475","post","type-post","status-publish","format-standard","hentry"],"_links":{"self":[{"href":"http:\/\/www.chapelle-crecy.com\/index.php?rest_route=\/wp\/v2\/posts\/475","targetHints":{"allow":["GET"]}}],"collection":[{"href":"http:\/\/www.chapelle-crecy.com\/index.php?rest_route=\/wp\/v2\/posts"}],"about":[{"href":"http:\/\/www.chapelle-crecy.com\/index.php?rest_route=\/wp\/v2\/types\/post"}],"author":[{"embeddable":true,"href":"http:\/\/www.chapelle-crecy.com\/index.php?rest_route=\/wp\/v2\/users\/2"}],"replies":[{"embeddable":true,"href":"http:\/\/www.chapelle-crecy.com\/index.php?rest_route=%2Fwp%2Fv2%2Fcomments&post=475"}],"version-history":[{"count":0,"href":"http:\/\/www.chapelle-crecy.com\/index.php?rest_route=\/wp\/v2\/posts\/475\/revisions"}],"wp:attachment":[{"href":"http:\/\/www.chapelle-crecy.com\/index.php?rest_route=%2Fwp%2Fv2%2Fmedia&parent=475"}],"wp:term":[{"taxonomy":"category","embeddable":true,"href":"http:\/\/www.chapelle-crecy.com\/index.php?rest_route=%2Fwp%2Fv2%2Fcategories&post=475"},{"taxonomy":"post_tag","embeddable":true,"href":"http:\/\/www.chapelle-crecy.com\/index.php?rest_route=%2Fwp%2Fv2%2Ftags&post=475"}],"curies":[{"name":"wp","href":"https:\/\/api.w.org\/{rel}","templated":true}]}}