{"id":477,"date":"2012-05-07T07:34:00","date_gmt":"2012-05-07T07:34:00","guid":{"rendered":""},"modified":"-0001-11-30T00:00:00","modified_gmt":"-0001-11-29T22:00:00","slug":"","status":"publish","type":"post","link":"http:\/\/www.chapelle-crecy.com\/?p=477","title":{"rendered":"Cr\u00e9cy: une communaut\u00e9 chr\u00e9tienne bien vivante"},"content":{"rendered":"<div align=\"justify\">Grande nouveaut\u00e9, cette ann\u00e9e se tiendra \u00e0\u00a0 l&rsquo;\u00e9glise Saint Georges de Cr\u00e9cy une grande et exceptionnelle assembl\u00e9e paroissiale o\u00f9 vous \u00eates tous invit\u00e9s. Dans une ambiance chaleureuse et fraternelle, l&rsquo;Equipe d&rsquo;Animation Pastorale conduite par ses 2 pasteurs \u00ab\u00a0hors norme\u00a0\u00bb que sont les P\u00e8res Aim\u00e9 et Philippe, souhaite favoriser l&rsquo;\u00e9change, la rencontre des uns et des autres et avoir ensemble une r\u00e9flexion s\u00e9rieuse sur la vie de notre communaut\u00e9 paroissiale. Alors, jeunes et adultes, c\u00e9libataires et couples, la\u00efcs et religieux, venons tous le 10 mai de 20h \u00e0\u00a0 22h partager nos doutes, nos certitudes, nos attentes et notre foi au cours de cette assembl\u00e9e qui se terminera par un verre tout aussi fraternel. <\/div>\n<div align=\"justify\">\n<div align=\"center\"><img decoding=\"async\" src=\"\/IMG\/jpg\/assoc-paroissiale.jpg\n\" width=400><\/div>\n<p> Nous vous proposons ici le texte d&rsquo;annonce \u00e0 ce grand \u00e9v\u00e8nement paroissial qui a \u00e9t\u00e9 fait dimanche dernier \u00e0 Cr\u00e9cy:<\/p>\n<p> \u00e2\u20ac\u0153Je ne vais pas vous faire un long discours, mais je voudrais juste vous poser une question simple : Avez-vous entendu parler de Vatican II  dont nous c\u00e9l\u00e9brons cette ann\u00e9e le 50\u00e8me anniversaire ? Pour la premi\u00e8re fois dans l&rsquo;Eglise, entre 1962 et 1965, un concile r\u00e9unissant les \u00e9v\u00eaques du monde entier (ils \u00e9taient plus de 2000) a eu pour but de dire clairement au monde ce qu&rsquo;est l&rsquo;Eglise et quelle est sa mission. 50 ans apr\u00e8s, sans que nous ne nous en rendions compte au quotidien, nous vivons de cette Pentec\u00f4te, de ce souffle nouveau qui a souffl\u00e9 sur l&rsquo;Eglise enti\u00e8re.  La preuve, dans nos paroisses, l&rsquo;organisation et le fonctionnement de notre secteur des 3 clochers d\u00e9coule directement des orientations voulues par Vatican II : <\/p>\n<p> Le Christ est la lumi\u00e8re du monde. Nous sommes tous charg\u00e9s, pr\u00eatres et nous aussi la\u00efcs, nous tous qui formons l&rsquo;Eglise, de porter cette lumi\u00e8re dans le monde entier, d&rsquo;annoncer la Bonne Nouvelle. <\/p>\n<p> Depuis le d\u00e9part en 2003 du P\u00e8re Duhamel comme pr\u00eatre r\u00e9sident \u00e0 Cr\u00e9cy, nous fonctionnons en Equipe d&rsquo;Animation Pastorale avec un pr\u00eatre r\u00e9f\u00e9rent. Depuis Trinit\u00e9 2008, notre Eglise dioc\u00e9saine a \u00e9t\u00e9 r\u00e9organis\u00e9 en p\u00f4les missionnaires. Le fonctionnement et la mission des EAP ont \u00e9t\u00e9 clairement red\u00e9finis. Ils sont d&rsquo;ailleurs tr\u00e8s bien d\u00e9crit dans la \u00ab Charte et guide pastoral des P\u00f4les Missionnaires \u00bb que vous avez tous, j&rsquo;esp\u00e8re, sur votre table de chevet\u00e2\u20ac\u00a6   <\/p>\n<p> Je vous ai \u00e9nonc\u00e9 ces quelques dates cl\u00e9s de notre histoire pour vous dire que l&rsquo;assembl\u00e9e paroissiale que nous vous proposons et \u00e0 laquelle vous \u00eates tous convi\u00e9s dans cette m\u00eame \u00e9glise St Georges le jeudi 10 mai \u00e0 20h n&rsquo;est pas anodine, et nous engage tous dans notre mission de chr\u00e9tiens. Je vous proposons, en effet, que vous soyez pratiquant r\u00e9gulier ou occasionnel, jeune ou moins jeune, de venir \u00e9changer et d\u00e9battre avec les p\u00e8res Aim\u00e9 et Philippe et toute notre EAP sur la vie et les actions men\u00e9es dans notre ch\u00e8re paroisse des 3 clochers. <\/p>\n<p> Vous \u00eates tous concern\u00e9s et je suis s\u00fbr que vous avez tous quelque chose \u00e0 dire. Parlez-en largement autour de vous, venez nombreux. Enfin, si vous h\u00e9sitez encore, un pot de l&rsquo;amiti\u00e9 (j&rsquo;ai envie de dire un pot fraternel) vous sera servi \u00e0 22h00, heure pr\u00e9cise de fin de notre assembl\u00e9e paroissiale.<br \/>\n Nous vous distribuerons des tracts \u00e0 la sortie de la messe et l&rsquo;annonce sera faite \u00e9galement sur le site [www.chapelle-crecy.com->www.chapelle-crecy.com]  pour vous rappeler ce rendez-vous \u00e0 ne manquer sous aucun pr\u00e9texte : jeudi 10 mai de 20h \u00e0 22h ici m\u00eame.<br \/>\n Merci beaucoup de votre \u00e9coute et bon dimanche \u00e0 tous.\u00e2\u20ac\u009d<\/p>\n<p> T\u00e9l\u00e9chargez, imprimez et diffusez largement cette invitation aupr\u00e8s de vos parents et vos amis. <\/p>\n<p> Evangile de J\u00e9sus Christ selon saint Jean<br \/>\n J\u00e9sus affirmait avec force :<br \/>\n \u00ab Celui qui croit en moi, ce n&rsquo;est pas en moi qu&rsquo;il croit, mais en celui qui m&rsquo;a envoy\u00e9 ; et celui qui me voit voit celui qui m&rsquo;a envoy\u00e9. Moi qui suis la lumi\u00e8re, je suis venu dans le monde pour que celui qui croit en moi ne demeure pas dans les t\u00e9n\u00e8bres.<br \/>\n Si quelqu&rsquo;un entend mes paroles et n&rsquo;y reste pas fid\u00e8le, moi, je ne le jugerai pas, car je ne suis pas venu juger le monde, mais le sauver.<br \/>\n Celui qui me rejette et n&rsquo;accueille pas mes paroles aura un juge pour le condamner. La parole que j&rsquo;ai prononc\u00e9e, elle le condamnera au dernier jour.<br \/>\n Car ce que j&rsquo;ai dit ne vient pas de moi : le P\u00e8re lui-m\u00eame, qui m&rsquo;a envoy\u00e9, m&rsquo;a donn\u00e9 son commandement sur ce que je dois dire et d\u00e9clarer ; et je sais que son commandement est vie \u00e9ternelle. Donc, ce que je d\u00e9clare, je le d\u00e9clare comme le P\u00e8re me l&rsquo;a dit. \u00bb<\/p>\n<p>  Hom\u00e9lie  2 mai 2012<br \/>\nmercredi, 4e semaine du temps pascal, ann\u00e9e B<br \/>\n Fr\u00e8res et soeurs,<br \/>\n La liturgie de ce mercredi de la quatri\u00e8me semaine du temps pascal nous propose un court passage de l&rsquo;\u00e9vangile de Jean. L&rsquo;\u00e9vang\u00e9liste situe ce discours de J\u00e9sus apr\u00e8s son entr\u00e9e triomphale dans J\u00e9rusalem une semaine avant P\u00e2ques, et avant son dernier repas avec ses<br \/>\ndisciples. Cette d\u00e9claration forme en quelque sorte l&rsquo;\u00e9pilogue de la premi\u00e8re partie de l&rsquo;\u00e9vangile et cl\u00f4t la proclamation publique de J\u00e9sus, qui dor\u00e9navant se retrouvera en petit comit\u00e9 avec ses disciples. Nous comprenons donc l&rsquo;importance de ces paroles qui constituent<br \/>\nun r\u00e9sum\u00e9 de son enseignement public, une sorte de testament.<br \/>\n Et dans la foule \u00e0 laquelle il s&rsquo;adresse, saint Jean nous pr\u00e9cise qu&rsquo;un certain nombre de dirigeants \u00e9taient pr\u00e9sents, mais ils n&rsquo;osaient pas confesser leur foi en lui de crainte d&rsquo;\u00eatre exclus de la synagogue.<br \/>\nIls pr\u00e9f\u00e9raient demeurer dans l&rsquo;ombre de l&rsquo;anonymat plut\u00f4t que d&rsquo;\u00eatre expos\u00e9s en pleine lumi\u00e8re. On peut donc penser que J\u00e9sus s&rsquo;adresse en particulier \u00e0 eux lorsqu&rsquo;il dit :<br \/>\n \u00ab Moi qui suis la lumi\u00e8re, je suis venu dans le monde pour que celui qui croit en moi ne demeure pas dans les t\u00e9n\u00e8bres. \u00bb<br \/>\n Cette parole, elle s&rsquo;adresse bien s\u00fbr aussi \u00e0 nous aujourd&rsquo;hui, et je dois reconna \u00eetre que c&rsquo;est une parole difficile, qui m&rsquo;interroge :<br \/>\n d&rsquo;abord, est-ce que je crois vraiment dans cette parole ?<br \/>\n Comment est-ce que je m&rsquo;y prends pour ne pas demeurer dans les t\u00e9n\u00e8bres?<br \/>\n Sachons que, par la foi, la lumi\u00e8re du Christ en nous touchant nous transforme, \u00e0 tel point qu&rsquo;il dit \u00e0 ses disciples :<br \/>\n \u00ab Vous \u00eates la lumi\u00e8re du monde \u00bb (Mt 5, 14) et encore :<br \/>\n \u00ab que votre lumi\u00e8re brille devant les hommes : alors en voyant ce que vous faites de bien, ils rendront gloire \u00e0 votre P\u00e8re qui est aux cieux. \u00bb (Mt 5, 16)<br \/>\n Comment est-ce que je suis lumi\u00e8re du monde, \u00e0 travers mes paroles, mes attitudes et mes actes ? Comment porter la lumi\u00e8re \u00e0 mes fr\u00e8res ? Il n&rsquo;y a pas de r\u00e9ponse toute faite, bien s\u00fbr, c&rsquo;est \u00e0 chacun de discerner ; dans ce monde qui nous demande d&rsquo;\u00eatre performants et efficaces, il ne s&rsquo;agit pas d&rsquo;\u00eatre maladroits ou na\u00effs, mais il n&rsquo;est pas question non plus d&rsquo;\u00eatre compl\u00e8tement passifs. Il nous est demand\u00e9 de t\u00e9moigner de ce qui nous anime. C&rsquo;est par ma foi et par mes actes que je serai jug\u00e9 ; le Christ n&rsquo;est pas venu me juger, il est venu me sauver, il est venu sauver le monde. Mais pour sauver le monde  et cela, c&rsquo;est un myst\u00e8re  Dieu le tout-puissant a voulu avoir besoin de mes bras, de mon regard, et de ma parole.<br \/>\n Seigneur, donne-moi le discernement n\u00e9cessaire pour \u00eatre pertinent dans mes choix et dans mes attitudes, et le courage d&rsquo;aller au bout du t\u00e9moignage que tu m&rsquo;as donn\u00e9 mission d&rsquo;apporter, afin que je sois avec mes fr\u00e8res lumi\u00e8re du monde.\n <\/p><\/div>\n<p> Renaud Cherel,<br \/>\n diacre permanent<\/p>\n","protected":false},"excerpt":{"rendered":"<p>Grande nouveaut\u00e9, cette ann\u00e9e se tiendra \u00e0\u00a0 l&rsquo;\u00e9glise Saint Georges de Cr\u00e9cy une grande et exceptionnelle assembl\u00e9e paroissiale o\u00f9 vous \u00eates tous invit\u00e9s. Dans une ambiance chaleureuse et fraternelle, l&rsquo;Equipe d&rsquo;Animation Pastorale conduite par&#46;&#46;&#46;<\/p>\n","protected":false},"author":2,"featured_media":0,"comment_status":"open","ping_status":"open","sticky":false,"template":"","format":"standard","meta":{"footnotes":""},"categories":[],"tags":[],"class_list":["post-477","post","type-post","status-publish","format-standard","hentry"],"_links":{"self":[{"href":"http:\/\/www.chapelle-crecy.com\/index.php?rest_route=\/wp\/v2\/posts\/477","targetHints":{"allow":["GET"]}}],"collection":[{"href":"http:\/\/www.chapelle-crecy.com\/index.php?rest_route=\/wp\/v2\/posts"}],"about":[{"href":"http:\/\/www.chapelle-crecy.com\/index.php?rest_route=\/wp\/v2\/types\/post"}],"author":[{"embeddable":true,"href":"http:\/\/www.chapelle-crecy.com\/index.php?rest_route=\/wp\/v2\/users\/2"}],"replies":[{"embeddable":true,"href":"http:\/\/www.chapelle-crecy.com\/index.php?rest_route=%2Fwp%2Fv2%2Fcomments&post=477"}],"version-history":[{"count":0,"href":"http:\/\/www.chapelle-crecy.com\/index.php?rest_route=\/wp\/v2\/posts\/477\/revisions"}],"wp:attachment":[{"href":"http:\/\/www.chapelle-crecy.com\/index.php?rest_route=%2Fwp%2Fv2%2Fmedia&parent=477"}],"wp:term":[{"taxonomy":"category","embeddable":true,"href":"http:\/\/www.chapelle-crecy.com\/index.php?rest_route=%2Fwp%2Fv2%2Fcategories&post=477"},{"taxonomy":"post_tag","embeddable":true,"href":"http:\/\/www.chapelle-crecy.com\/index.php?rest_route=%2Fwp%2Fv2%2Ftags&post=477"}],"curies":[{"name":"wp","href":"https:\/\/api.w.org\/{rel}","templated":true}]}}