{"id":478,"date":"2012-05-05T04:55:28","date_gmt":"2012-05-05T04:55:28","guid":{"rendered":""},"modified":"-0001-11-30T00:00:00","modified_gmt":"-0001-11-29T22:00:00","slug":"","status":"publish","type":"post","link":"http:\/\/www.chapelle-crecy.com\/?p=478","title":{"rendered":"Dimanche 6 mai 2\u00e8me tour des \u00e9lections pr\u00e9sidentielles"},"content":{"rendered":"<div align=\"justify\">\u00ab\u00a0Etre citoyen, c&rsquo;est d&rsquo;abord une chance. Celle de vivre dans une d\u00e9mocratie, qui nous offre la libert\u00e9 d&rsquo;opinion, de croyance et de religion. Cela ouvre au respect de l&rsquo;autre quelles que soient ses origines ou son histoire. La citoyennet\u00e9 nous accorde un certain nombre de droits comme celui de voter, et d&rsquo;exprimer notre opinion sans attendre une \u00e9ch\u00e9ance \u00e9lectorale. Nous avons aussi des devoirs: celui de payer des imp ts pour le bon fonctionnement de la soci\u00e9t\u00e9, de respecter la loi pour le bien de tous. Pour nous la premi\u00e8re occasion de voter se pr\u00e9sente comme un \u00e9v\u00e8nement qui marque concr\u00e8tement notre passage \u00e0\u00a0 la majorit\u00e9.\u00a0\u00bb<\/div>\n<p><body><br \/>\nAujourd&rsquo;hui, notre site paroissial vous propose un message des Associations Familiales Catholiques <\/p>\n<p>Conf\u00e9d\u00e9ration Nationale<br \/>\nMouvement national reconnu d&rsquo;utilit\u00e9 publique<\/p>\n<p>&nbsp; <br \/>\nCommuniqu\u00e9 de presse du 4 mai 2012 <\/p>\n<p>Election pr\u00e9sidentielle : le choix s&rsquo;impose<\/p>\n<p>\n&nbsp;<br \/>\nDimanche prochain, les Fran\u00e7ais vont \u00e9lire le pr\u00e9sident de la<br \/>\nR\u00e9publique. Leur choix va conditionner la vie de la soci\u00e9t\u00e9 et celle de<br \/>\nchacun de ses membres pour les prochaines ann\u00e9es.&nbsp; <br \/>\n&nbsp;<br \/>\nLes AFC appellent pour cela leurs adh\u00e9rents et proches \u00e0 voter, en<br \/>\nconscience, pour le candidat le plus \u00e0 m\u00eame de garantir, dans son<br \/>\naction, la plus grande proximit\u00e9 avec l&rsquo;enseignement social et familial<br \/>\nde l&rsquo;Eglise. <br \/>\n&nbsp;<br \/>\nSur cette base, les AFC souhaitent attirer l&rsquo;attention des \u00e9lecteurs<br \/>\nsur les quatre enjeux sur lesquels elles sont mobilis\u00e9es depuis le<br \/>\nd\u00e9but de la campagne :<\/p>\n<p>\n-quel pr\u00e9sident promouvra au mieux la famille durable fond\u00e9e sur le<br \/>\nmariage, union d&rsquo;un homme et d&rsquo;une femme ?<\/p>\n<p>-quel pr\u00e9sident favorisera une \u00e9cologie de l&rsquo;homme la plus soucieuse<br \/>\ndes plus fragiles ?<\/p>\n<p>-quel pr\u00e9sident renforcera le r\u00f4le des p\u00e8res et m\u00e8res dans leurs<br \/>\nresponsabilit\u00e9s \u00e9ducatives ?<\/p>\n<p>-quel pr\u00e9sident contribuera au mieux aux \u00e0 lever les freins qui p\u00e8sent<br \/>\nsur la vie de famille et l&rsquo;accueil de la vie ?<br \/>\n Ces sujets sont autant de pr\u00e9occupations pour les familles. Sur eux, un<br \/>\nchoix positif s&rsquo;impose qui ne peut \u00eatre ni le vote blanc, ni<br \/>\nl&rsquo;abstention.<br \/>\n&nbsp;<\/p>\n<p>\nLes Associations Familiales Catholiques (AFC) sont un cadre<br \/>\nd&rsquo;engagement et d&rsquo;entraide offert \u00e0 tous ceux qui veulent agir dans la<br \/>\ncit\u00e9 au service de la famille \u00e0 la lumi\u00e8re de l&rsquo;enseignement de<br \/>\nl&rsquo;Eglise Catholique. Elles repr\u00e9sentent 35 000 familles et ont f\u00eat\u00e9<br \/>\nleurs Cent Ans en 2005.<br \/>\n Pour en savoir plus : [www.afc-france.org->www.afc-france.org ] <br \/>\n&nbsp;<\/p>\n<p><\/body><\/p>\n","protected":false},"excerpt":{"rendered":"<p>\u00ab\u00a0Etre citoyen, c&rsquo;est d&rsquo;abord une chance. Celle de vivre dans une d\u00e9mocratie, qui nous offre la libert\u00e9 d&rsquo;opinion, de croyance et de religion. Cela ouvre au respect de l&rsquo;autre quelles que soient ses origines&#46;&#46;&#46;<\/p>\n","protected":false},"author":2,"featured_media":0,"comment_status":"open","ping_status":"open","sticky":false,"template":"","format":"standard","meta":{"footnotes":""},"categories":[],"tags":[],"class_list":["post-478","post","type-post","status-publish","format-standard","hentry"],"_links":{"self":[{"href":"http:\/\/www.chapelle-crecy.com\/index.php?rest_route=\/wp\/v2\/posts\/478","targetHints":{"allow":["GET"]}}],"collection":[{"href":"http:\/\/www.chapelle-crecy.com\/index.php?rest_route=\/wp\/v2\/posts"}],"about":[{"href":"http:\/\/www.chapelle-crecy.com\/index.php?rest_route=\/wp\/v2\/types\/post"}],"author":[{"embeddable":true,"href":"http:\/\/www.chapelle-crecy.com\/index.php?rest_route=\/wp\/v2\/users\/2"}],"replies":[{"embeddable":true,"href":"http:\/\/www.chapelle-crecy.com\/index.php?rest_route=%2Fwp%2Fv2%2Fcomments&post=478"}],"version-history":[{"count":0,"href":"http:\/\/www.chapelle-crecy.com\/index.php?rest_route=\/wp\/v2\/posts\/478\/revisions"}],"wp:attachment":[{"href":"http:\/\/www.chapelle-crecy.com\/index.php?rest_route=%2Fwp%2Fv2%2Fmedia&parent=478"}],"wp:term":[{"taxonomy":"category","embeddable":true,"href":"http:\/\/www.chapelle-crecy.com\/index.php?rest_route=%2Fwp%2Fv2%2Fcategories&post=478"},{"taxonomy":"post_tag","embeddable":true,"href":"http:\/\/www.chapelle-crecy.com\/index.php?rest_route=%2Fwp%2Fv2%2Ftags&post=478"}],"curies":[{"name":"wp","href":"https:\/\/api.w.org\/{rel}","templated":true}]}}