{"id":480,"date":"2012-05-09T03:26:24","date_gmt":"2012-05-09T03:26:24","guid":{"rendered":""},"modified":"-0001-11-30T00:00:00","modified_gmt":"-0001-11-29T22:00:00","slug":"","status":"publish","type":"post","link":"http:\/\/www.chapelle-crecy.com\/?p=480","title":{"rendered":"Pentec\u00f4te 2012: rencontre avec l&rsquo;Esprit Saint \u00e0\u00a0 Coulommiers"},"content":{"rendered":"<div align=\"justify\">La Pentec te (cinquanti\u00e8me jour en grec), c&rsquo;est cette f\u00eate qui est c\u00e9l\u00e9br\u00e9e 50 jours apr\u00e8s la grande f\u00eate de la r\u00e9surrection de J\u00e9sus-Christ, la f\u00eate de P\u00e2ques. Nous f\u00eatons ce jour-l\u00e0\u00a0 la descente de l&rsquo;Esprit Saint sur les ap\u00f4tres qui sont alors envoy\u00e9s en mission. En ce qui nous concerne, nous recevons l&rsquo;Esprit Saint le jour de notre bapt\u00eame, et il se d\u00e9ploie en nous le jour de notre confirmation. C&rsquo;est pour cela qu&rsquo;en tant que chr\u00e9tien baptis\u00e9, nous sommes chacun et tous appel\u00e9s \u00e0\u00a0 annoncer la Bonne Nouvelle autour de nous. La f\u00eate propos\u00e9e \u00e0\u00a0 l&rsquo;\u00e9glise paroissiale St Denis \/ Ste Foy de Coulommiers, les 26 et 27 mai prochains nous invite justement \u00e0\u00a0 red\u00e9couvrir les dons de l&rsquo;Esprit que nous avons personnellement re\u00e7us au fond de notre coeur. <\/div>\n<div align=\"center\"><img decoding=\"async\" src=\"\/IMG\/jpg\/Pentecote1.jpg\n\" width=400><\/div>\n<div align=\"center\"><img decoding=\"async\" src=\"\/IMG\/jpg\/Pentecote2.jpg\n\" width=400><\/div>\n","protected":false},"excerpt":{"rendered":"<p>La Pentec te (cinquanti\u00e8me jour en grec), c&rsquo;est cette f\u00eate qui est c\u00e9l\u00e9br\u00e9e 50 jours apr\u00e8s la grande f\u00eate de la r\u00e9surrection de J\u00e9sus-Christ, la f\u00eate de P\u00e2ques. Nous f\u00eatons ce jour-l\u00e0\u00a0 la descente&#46;&#46;&#46;<\/p>\n","protected":false},"author":2,"featured_media":0,"comment_status":"open","ping_status":"open","sticky":false,"template":"","format":"standard","meta":{"footnotes":""},"categories":[],"tags":[],"class_list":["post-480","post","type-post","status-publish","format-standard","hentry"],"_links":{"self":[{"href":"http:\/\/www.chapelle-crecy.com\/index.php?rest_route=\/wp\/v2\/posts\/480","targetHints":{"allow":["GET"]}}],"collection":[{"href":"http:\/\/www.chapelle-crecy.com\/index.php?rest_route=\/wp\/v2\/posts"}],"about":[{"href":"http:\/\/www.chapelle-crecy.com\/index.php?rest_route=\/wp\/v2\/types\/post"}],"author":[{"embeddable":true,"href":"http:\/\/www.chapelle-crecy.com\/index.php?rest_route=\/wp\/v2\/users\/2"}],"replies":[{"embeddable":true,"href":"http:\/\/www.chapelle-crecy.com\/index.php?rest_route=%2Fwp%2Fv2%2Fcomments&post=480"}],"version-history":[{"count":0,"href":"http:\/\/www.chapelle-crecy.com\/index.php?rest_route=\/wp\/v2\/posts\/480\/revisions"}],"wp:attachment":[{"href":"http:\/\/www.chapelle-crecy.com\/index.php?rest_route=%2Fwp%2Fv2%2Fmedia&parent=480"}],"wp:term":[{"taxonomy":"category","embeddable":true,"href":"http:\/\/www.chapelle-crecy.com\/index.php?rest_route=%2Fwp%2Fv2%2Fcategories&post=480"},{"taxonomy":"post_tag","embeddable":true,"href":"http:\/\/www.chapelle-crecy.com\/index.php?rest_route=%2Fwp%2Fv2%2Ftags&post=480"}],"curies":[{"name":"wp","href":"https:\/\/api.w.org\/{rel}","templated":true}]}}