{"id":488,"date":"2012-05-27T10:39:00","date_gmt":"2012-05-27T10:39:00","guid":{"rendered":""},"modified":"-0001-11-30T00:00:00","modified_gmt":"-0001-11-29T22:00:00","slug":"","status":"publish","type":"post","link":"http:\/\/www.chapelle-crecy.com\/?p=488","title":{"rendered":"Annonces de la semaine du 28 mai au 3 juin 2012"},"content":{"rendered":"<table bgcolor =\"F0FAFF\" border=0>\n<tbody>\n<tr>\n<td>\n<div align=\"justify\">\n<div \"419\">Voici les annonces de la semaine du lundi 28 mai au dimanche 3 juin 2012 pour la paroisse des 3 clochers Cr\u00e9cy-la-Chapelle, Villiers-sur-Morin, Voulangis.<br \/>\nSamedi 2 \u00e0\u00a0 18h30 : messe \u00e0\u00a0 Villiers &#8211; Dimanche 3 \u00e0\u00a0 10h30 messe d&rsquo;action de gr ce de la profession de foi \u00e0\u00a0 la coll\u00e9giale. <br \/> Tous les d\u00e9tails dans la suite &#8230; <\/div>\n<\/div>\n<\/td>\n<\/tr>\n<\/tbody>\n<\/table>\n<table bgcolor =\"F0F6FF\" border=0>\n<tbody>\n<tr>\n<td width=\"20%\"><font color=\"00CC00\">Lundi 28 mai<\/font><\/td>\n<td><font color=\"00CC00\">17 h  Messe  de Pentec\u00f4te \u00e0 la Maison de Retraite.<\/font><\/td>\n<td><font color=\"00CC00\"><\/p>\n<div align=\"center\"><img decoding=\"async\" src=\"\/IMG\/arton418.gif\" width=150><\/font><\/td>\n<\/tr>\n<tr>\n<td><font color=\"802020\">Mardi 29 mai<font><\/td>\n<td><font color=\"802020\"><\/p>\n<div align=\"center\"><img decoding=\"async\" src=\"\/IMG\/gif\/cross.gif\"><\/div>\n<p><font><\/td>\n<td><font color=\"802020\">9 h &#8211; Messe \u00e0 Cr\u00e9cy pour Mich\u00e8le BOISSAVIT et Maurice MARTIN.<\/font><\/td>\n<\/tr>\n<tr>\n<td><font color=\"0020FF\">Mercredi 30 mai<font><\/td>\n<td><font color=\"0020FF\">9 h &#8211; messe \u00e0 Cr\u00e9cy pour Ir\u00e8ne BRETON et Marcel COTTARD.<\/font><\/td>\n<td><font color=\"00CC00\"><\/p>\n<div align=\"center\"><img decoding=\"async\" src=\"\/IMG\/gif\/bibles004.gif\"><\/div>\n<p><font><\/td>\n<\/tr>\n<tr>\n<td><font color=\"00CC00\">Jeudi 31 mai<font><\/td>\n<td><font color=\"00CC00\"><\/p>\n<div align=\"center\"><img decoding=\"async\" src=\"\/IMG\/jpg\/bible-1.jpg\" width=150><\/div>\n<p><font><\/td>\n<td><font color=\"00CC00\">18 h &#8211; Messe \u00e0 Cr\u00e9cy pour Claude  DELABOUGLISE et Marie-Louise CARPANEDO.<\/font><\/td>\n<\/tr>\n<tr>\n<td><font color=\"802020\">Vendredi 1er juin<font><\/td>\n<td><font color=\"802020\">9 h &#8211; Messe \u00e0 Cr\u00e9cy pour Nelly COFFINET et Madeleine CARLI.<br \/>\n19 h 30  R\u00e9union de Pr\u00e9paration au Mariage \u00e0 la salle paroissiale.<\/font><\/td>\n<td><font color=\"802020\">19 h 30 -PROFESSION DE FOI \u00e0 CRECY<font><\/td>\n<\/tr>\n<tr>\n<td><font color=\"0020FF\">Samedi 2 juin<\/font><\/td>\n<td><font color=\"0020FF\"><\/p>\n<div align=\"center\"><img decoding=\"async\" src=\"\/IMG\/lieux\/villiers_eglise2.jpg\"  width=150>\n<\/div>\n<p><font><\/td>\n<td><font color=\"0020FF\">18 h 30 &#8211; Messe \u00e0 Villiers  pour  Andr\u00e9e ADAM et Ginette DELAGE.<br \/>Bapt\u00eame d&rsquo;Enzo DESHAIES.<\/font><\/td>\n<\/tr>\n<tr>\n<td><font color=\"00CC00\">Dimanche 3 juin<br \/>\n<i>Solennit\u00e9 de SAINTE TRINITE<\/i><\/font>\n<\/td>\n<p><\/p>\n<td><font color=\"00CC00\">10 h 30 &#8211;  Messe d&rsquo;Action de Gr\u00e2ce de la Profession de Foi \u00e0 la COLLEGIALE.<br \/>\nEn ce jour de f\u00eate des M\u00e8res, nous prierons pour toutes les  mamans  du monde , avec une intention particuli\u00e8re pour Rachel CALLAY.<\/font><\/td>\n<td><font color=\"00CC00\"><\/p>\n<div align=\"center\"><img decoding=\"async\" src=\"\/IMG\/lieux\/collegiale3.jpg\"  width=150>\n<\/div>\n<p><\/font><\/td>\n<\/tr>\n<\/tbody>\n<\/table>\n","protected":false},"excerpt":{"rendered":"<p>Voici les annonces de la semaine du lundi 28 mai au dimanche 3 juin 2012 pour la paroisse des 3 clochers Cr\u00e9cy-la-Chapelle, Villiers-sur-Morin, Voulangis. Samedi 2 \u00e0\u00a0 18h30 : messe \u00e0\u00a0 Villiers &#8211; Dimanche&#46;&#46;&#46;<\/p>\n","protected":false},"author":2,"featured_media":0,"comment_status":"open","ping_status":"open","sticky":false,"template":"","format":"standard","meta":{"footnotes":""},"categories":[],"tags":[],"class_list":["post-488","post","type-post","status-publish","format-standard","hentry"],"_links":{"self":[{"href":"http:\/\/www.chapelle-crecy.com\/index.php?rest_route=\/wp\/v2\/posts\/488","targetHints":{"allow":["GET"]}}],"collection":[{"href":"http:\/\/www.chapelle-crecy.com\/index.php?rest_route=\/wp\/v2\/posts"}],"about":[{"href":"http:\/\/www.chapelle-crecy.com\/index.php?rest_route=\/wp\/v2\/types\/post"}],"author":[{"embeddable":true,"href":"http:\/\/www.chapelle-crecy.com\/index.php?rest_route=\/wp\/v2\/users\/2"}],"replies":[{"embeddable":true,"href":"http:\/\/www.chapelle-crecy.com\/index.php?rest_route=%2Fwp%2Fv2%2Fcomments&post=488"}],"version-history":[{"count":0,"href":"http:\/\/www.chapelle-crecy.com\/index.php?rest_route=\/wp\/v2\/posts\/488\/revisions"}],"wp:attachment":[{"href":"http:\/\/www.chapelle-crecy.com\/index.php?rest_route=%2Fwp%2Fv2%2Fmedia&parent=488"}],"wp:term":[{"taxonomy":"category","embeddable":true,"href":"http:\/\/www.chapelle-crecy.com\/index.php?rest_route=%2Fwp%2Fv2%2Fcategories&post=488"},{"taxonomy":"post_tag","embeddable":true,"href":"http:\/\/www.chapelle-crecy.com\/index.php?rest_route=%2Fwp%2Fv2%2Ftags&post=488"}],"curies":[{"name":"wp","href":"https:\/\/api.w.org\/{rel}","templated":true}]}}