{"id":489,"date":"2012-05-27T23:37:33","date_gmt":"2012-05-27T23:37:33","guid":{"rendered":""},"modified":"-0001-11-30T00:00:00","modified_gmt":"-0001-11-29T22:00:00","slug":"","status":"publish","type":"post","link":"http:\/\/www.chapelle-crecy.com\/?p=489","title":{"rendered":"Eclair\u00e9s par l&rsquo;Esprit"},"content":{"rendered":"<div align=\"justify\">Depuis quelques semaines, nous avons r\u00e9alis\u00e9 ce petit parcours spirituel qui nous a pr\u00e9par\u00e9 \u00e0\u00a0 ce que Dieu se r\u00e9v\u00e8le \u00e0\u00a0 nous d&rsquo;une mani\u00e8re particuli\u00e8re. Il nous a permis de d\u00e9couvrir son amour pour chacun de nous. Au travers des lectures et des m\u00e9ditations, nous avons vu que J\u00e9sus a souffert et est mort pour nous \u00e9pargner le ch timent qui devait tomber sur nous \u00e0\u00a0 cause de nos p\u00e9ch\u00e9s et nous as r\u00e9concili\u00e9 avec lui. Nous avons adh\u00e9r\u00e9 \u00e0\u00a0 sa personne et nous avons fait de lui notre seul Ma\u00eetre et Seigneur. Aujourd&rsquo;hui, nous \u00e9tions pr\u00eats \u00e0\u00a0 recevoir de J\u00e9sus une force, celle de l&rsquo;Esprit Saint qui fera de nous des t\u00e9moins (Actes 1,8). Retour en image d&rsquo;une c\u00e9l\u00e9bration \u00ab\u00a0\u00e9clatante\u00a0\u00bb de la f\u00eate de la Pentec te \u00e0\u00a0 la Coll\u00e9giale.<\/div>\n<div align=\"center\"><img decoding=\"async\" src=\"\/IMG\/jpg\/Crecy0.jpg\n\" width=400><\/div>\n<div align=\"center\"><img decoding=\"async\" src=\"\/IMG\/jpg\/Crecy1.jpg\n\" width=400><\/div>\n<div align=\"center\"><img decoding=\"async\" src=\"\/IMG\/jpg\/Crecy2.jpg\n\" width=400><\/div>\n<div align=\"center\"><img decoding=\"async\" src=\"\/IMG\/jpg\/Crecy4.jpg\n\" width=400><\/div>\n<div align=\"center\"><img decoding=\"async\" src=\"\/IMG\/jpg\/Crecy5.jpg\n\" width=400><\/div>\n<div align=\"center\"><img decoding=\"async\" src=\"\/IMG\/jpg\/Crecy6.jpg\n\" width=400><\/div>\n","protected":false},"excerpt":{"rendered":"<p>Depuis quelques semaines, nous avons r\u00e9alis\u00e9 ce petit parcours spirituel qui nous a pr\u00e9par\u00e9 \u00e0\u00a0 ce que Dieu se r\u00e9v\u00e8le \u00e0\u00a0 nous d&rsquo;une mani\u00e8re particuli\u00e8re. Il nous a permis de d\u00e9couvrir son amour pour&#46;&#46;&#46;<\/p>\n","protected":false},"author":2,"featured_media":0,"comment_status":"open","ping_status":"open","sticky":false,"template":"","format":"standard","meta":{"footnotes":""},"categories":[],"tags":[],"class_list":["post-489","post","type-post","status-publish","format-standard","hentry"],"_links":{"self":[{"href":"http:\/\/www.chapelle-crecy.com\/index.php?rest_route=\/wp\/v2\/posts\/489","targetHints":{"allow":["GET"]}}],"collection":[{"href":"http:\/\/www.chapelle-crecy.com\/index.php?rest_route=\/wp\/v2\/posts"}],"about":[{"href":"http:\/\/www.chapelle-crecy.com\/index.php?rest_route=\/wp\/v2\/types\/post"}],"author":[{"embeddable":true,"href":"http:\/\/www.chapelle-crecy.com\/index.php?rest_route=\/wp\/v2\/users\/2"}],"replies":[{"embeddable":true,"href":"http:\/\/www.chapelle-crecy.com\/index.php?rest_route=%2Fwp%2Fv2%2Fcomments&post=489"}],"version-history":[{"count":0,"href":"http:\/\/www.chapelle-crecy.com\/index.php?rest_route=\/wp\/v2\/posts\/489\/revisions"}],"wp:attachment":[{"href":"http:\/\/www.chapelle-crecy.com\/index.php?rest_route=%2Fwp%2Fv2%2Fmedia&parent=489"}],"wp:term":[{"taxonomy":"category","embeddable":true,"href":"http:\/\/www.chapelle-crecy.com\/index.php?rest_route=%2Fwp%2Fv2%2Fcategories&post=489"},{"taxonomy":"post_tag","embeddable":true,"href":"http:\/\/www.chapelle-crecy.com\/index.php?rest_route=%2Fwp%2Fv2%2Ftags&post=489"}],"curies":[{"name":"wp","href":"https:\/\/api.w.org\/{rel}","templated":true}]}}