{"id":491,"date":"2012-06-01T16:52:42","date_gmt":"2012-06-01T16:52:42","guid":{"rendered":""},"modified":"-0001-11-30T00:00:00","modified_gmt":"-0001-11-29T22:00:00","slug":"","status":"publish","type":"post","link":"http:\/\/www.chapelle-crecy.com\/?p=491","title":{"rendered":"Le jour du Christ c&rsquo;est le 2 juin 2012"},"content":{"rendered":"<div align=\"justify\">Vous \u00eates chr\u00e9tiens, vous croyez que la foi en J\u00e9sus-Christ est vraiment une Bonne Nouvelle \u00e0\u00a0 vivre et \u00e0\u00a0 partager? Vous aspirez \u00e0\u00a0 ce que l&rsquo;Eglise soit plus visible au sein de la soci\u00e9t\u00e9? Vous avez \u00e0\u00a0 coeur de vivre l&rsquo;unit\u00e9 et la communion avec ceux qui confessent J\u00e9sus-Christ comme leur Seigneur?  Alors, participez au festival \u00ab\u00a0J\u00e9sus au coeur Paris  2012\u00a0\u00bb. Toutes les informations (t\u00e9moignages, gospels, pique-niques, groupes musicaux, etc.) sont sur le site [www.jourduchrist.fr->www.jourduchrist.fr]<\/div>\n<div align=\"center\"><img decoding=\"async\" src=\"\/IMG\/jpg\/jc1.jpg\n\" width=450><\/div>\n<p> Retrouvez la lettre d&rsquo;invitation:<br \/>\n [http:\/\/www.jourduchrist.fr\/lettre-invitation.pdf->http:\/\/www.jourduchrist.fr\/resources\/JDC+-+Lettre+d$27info+$28Janvier+2012$29.pdf]<\/p>\n<p> Site Web pour conna \u00eetre toutes les activit\u00e9s \u00e0 partir de 16h00 demain jusqu&rsquo;au bout de la nuit:<br \/>\n [www.jourduchrist.fr->www.jourduchrist.fr]<\/p>\n<p> Mail: <span style=\"color: blue;\">contact@jourduchrist.fr<\/span><\/p>\n<div align=\"center\"><img decoding=\"async\" src=\"\/IMG\/jpg\/tractjc.jpg\n\" width=450><\/div>\n<p> Consultez le programme complet sur le tract en format PDF ci-joint \u00e0 faire conna \u00eetre absolument tout autour de vous. L&rsquo;unit\u00e9 des chr\u00e9tiens est en marche, ne laissons pas passer cette opportunit\u00e9 d&rsquo;\u00eatre les acteurs de cet \u00e9v\u00e8nement majeur !<\/p>\n","protected":false},"excerpt":{"rendered":"<p>Vous \u00eates chr\u00e9tiens, vous croyez que la foi en J\u00e9sus-Christ est vraiment une Bonne Nouvelle \u00e0\u00a0 vivre et \u00e0\u00a0 partager? Vous aspirez \u00e0\u00a0 ce que l&rsquo;Eglise soit plus visible au sein de la soci\u00e9t\u00e9?&#46;&#46;&#46;<\/p>\n","protected":false},"author":2,"featured_media":0,"comment_status":"open","ping_status":"open","sticky":false,"template":"","format":"standard","meta":{"footnotes":""},"categories":[],"tags":[],"class_list":["post-491","post","type-post","status-publish","format-standard","hentry"],"_links":{"self":[{"href":"http:\/\/www.chapelle-crecy.com\/index.php?rest_route=\/wp\/v2\/posts\/491","targetHints":{"allow":["GET"]}}],"collection":[{"href":"http:\/\/www.chapelle-crecy.com\/index.php?rest_route=\/wp\/v2\/posts"}],"about":[{"href":"http:\/\/www.chapelle-crecy.com\/index.php?rest_route=\/wp\/v2\/types\/post"}],"author":[{"embeddable":true,"href":"http:\/\/www.chapelle-crecy.com\/index.php?rest_route=\/wp\/v2\/users\/2"}],"replies":[{"embeddable":true,"href":"http:\/\/www.chapelle-crecy.com\/index.php?rest_route=%2Fwp%2Fv2%2Fcomments&post=491"}],"version-history":[{"count":0,"href":"http:\/\/www.chapelle-crecy.com\/index.php?rest_route=\/wp\/v2\/posts\/491\/revisions"}],"wp:attachment":[{"href":"http:\/\/www.chapelle-crecy.com\/index.php?rest_route=%2Fwp%2Fv2%2Fmedia&parent=491"}],"wp:term":[{"taxonomy":"category","embeddable":true,"href":"http:\/\/www.chapelle-crecy.com\/index.php?rest_route=%2Fwp%2Fv2%2Fcategories&post=491"},{"taxonomy":"post_tag","embeddable":true,"href":"http:\/\/www.chapelle-crecy.com\/index.php?rest_route=%2Fwp%2Fv2%2Ftags&post=491"}],"curies":[{"name":"wp","href":"https:\/\/api.w.org\/{rel}","templated":true}]}}