{"id":493,"date":"2012-06-22T22:07:00","date_gmt":"2012-06-22T22:07:00","guid":{"rendered":""},"modified":"-0001-11-30T00:00:00","modified_gmt":"-0001-11-29T22:00:00","slug":"","status":"publish","type":"post","link":"http:\/\/www.chapelle-crecy.com\/?p=493","title":{"rendered":"Anguelos: grand concert \u00e0\u00a0 l&rsquo;\u00e9glise de Quincy-Voisins le 23 juin 2012 \u00e0\u00a0 20h30"},"content":{"rendered":"<div align=\"justify\">Depuis son succ\u00e8s au concert parisien pour le Bicentenaire de Franz Liszt \u00e0\u00a0 Notre-Dame de Lorette \u00e0\u00a0 Paris en octobre dernier, l&rsquo;Ensemble Vocal ANGUELOS, sous la direction de Val\u00e9ry Aubertin, compositeur et chef de choeur, a consacr\u00e9 de longs mois au travail de nouvelles musiques afin de renouveler son r\u00e9pertoire.<br \/>\nC&rsquo;est donc \u00e0\u00a0 l&rsquo;\u00e9coute d&rsquo;un tout nouveau programme que l&rsquo;Ensemble Vocal vous convie le Samedi 23 juin 2012 \u00e0\u00a0 20h30 \u00e0\u00a0 l&rsquo;\u00e9glise Saint Denis de Quincy-Voisins pour un grand concert avec l&rsquo;orgue et autour de l&rsquo;orgue.<\/div>\n<p><body><br \/>\n<b><font size=\"4\"><font color=\"#ff9900\">Concert exceptionnel<\/font><\/font><\/b><\/p>\n<p><b><font size=\"4\"><font color=\"#ff9900\">Un programme original et vari\u00e9<\/font><\/font><\/b><\/p>\n<p><b><font size=\"4\"><font color=\"#ff9900\">Des interpr\u00e8tes de talent :<\/font><\/font><\/b><\/p>\n<div align=\"center\"><img decoding=\"async\" src=\"\/IMG\/jpg\/aubertin.jpg\n\" width=400><\/div>\n<p><img align=\"bottom\" border=\"0\"><\/p>\n<p><b><font size=\"4\"><font color=\"#000000\">Ensemble Vocal Angu\u00e9los <\/font><\/font><\/b><br \/>\n<font size=\"4\"><font color=\"#000000\">Direction : Val\u00e9ry Aubertin<\/font><\/font><\/p>\n<p><b><font size=\"4\"><font color=\"#000000\">Corinne Gu\u00e9rin<\/font><\/font><\/b><font\ncolor=\"#000000\"><font size=\"4\">, soprano solo<\/font><\/font><br \/>\n<b><font size=\"4\"><font color=\"#000000\">Sophie Bonneau<\/font><\/font><\/b><font\ncolor=\"#000000\"><font size=\"4\">,<\/font><\/font><font color=\"#000000\"><b><font\nsize=\"4\"> <\/font><\/b><\/font><font color=\"#000000\"><font size=\"4\">harpe<\/font><\/font><br \/>\n<b><font size=\"4\"><font color=\"#000000\">Jean Gob\u00e9<\/font><\/font><\/b><font\ncolor=\"#000000\"><font size=\"4\">, cor,<\/font><\/font><br \/>\n<b><font size=\"4\"><font color=\"#000000\">Catherine Lehnert-Tankovic <\/font><\/font><\/b><font\ncolor=\"#000000\"><font size=\"4\">et<\/font><\/font><font color=\"#000000\"><b><font\nsize=\"4\"> Val\u00e9ry Aubertin<\/font><\/b><\/font><font color=\"#000000\"><font\nsize=\"4\">, orgue<\/font><\/font><\/p>\n<p><font size=\"4\"><font color=\"#000000\">Oeuvres de<\/font><\/font><br \/>\n<font size=\"4\"><font color=\"#000000\">Claudio <\/font><\/font><font\ncolor=\"#000000\"><b><font size=\"4\">Monteverdi<\/font><\/b><\/font><font\ncolor=\"#000000\"><font size=\"4\">, Eric <\/font><\/font><font\ncolor=\"#000000\"><b><font size=\"4\">Lebrun<\/font><\/b><\/font><font\ncolor=\"#000000\"><font size=\"4\">, Ralph <\/font><\/font><font\ncolor=\"#000000\"><b><font size=\"4\">Vaughan-Williams<\/font><\/b><\/font><font\ncolor=\"#000000\"><font size=\"4\">, Johannes <\/font><\/font><font\ncolor=\"#000000\"><b><font size=\"4\">Brahms<\/font><\/b><\/font><font\ncolor=\"#000000\"><font size=\"4\">, <\/font><\/font><br \/>\n<font size=\"4\"><font color=\"#000000\">Franz <\/font><\/font><font\ncolor=\"#000000\"><b><font size=\"4\">Schubert,<\/font><\/b><\/font><font\ncolor=\"#000000\"><font size=\"4\"> Val\u00e9ry <\/font><\/font><font\ncolor=\"#000000\"><b><font size=\"4\">Aubertin<\/font><\/b><\/font><font\ncolor=\"#000000\"><font size=\"4\">&#8230; <\/font><\/font><\/p>\n<p><b><font size=\"5\"><font color=\"#ff9900\">Un concert \u00e0 ne pas manquer !<\/font><\/font><\/b><\/p>\n<p><font color=\"#808080\">Entr\u00e9e :<\/font><br \/>\n<font color=\"#808080\">Tarif plein : 13 \u00e2\u201a\u00ac &#8211; Tarif adh\u00e9rent : 11 \u00e2\u201a\u00ac<\/font><br \/>\n<i><font color=\"#808080\">Gratuit : moins de 15 ans, personne handicap\u00e9e<br \/>\net demandeur d&#8217;emploi (sur justificatif)<\/font><\/i><br \/>\n<\/body><\/p>\n<p>Ce concert, con\u00e7u comme un voyage musical de Monteverdi \u00e0 nos jours, propose de tr\u00e8s belles pi\u00e8ces vocales qui dialogueront avec des oeuvres instrumentales, toutes de styles riches et vari\u00e9s. C&rsquo;est donc \u00e0 un concert de conception originale et aux ambiances contrast\u00e9es que nous vous invitons, il ne manquera pas de vous surprendre et de vous enthousiasmer.<\/p>\n<p>Aux c\u00f4t\u00e9s de l&rsquo;Ensemble vocal Angu\u00e9los, vous retrouverez d&rsquo;excellents solistes comme Corinne Gu\u00e9rin-Leblanc, soprano ou Catherine Lehnert-Tankovic, accompagnatrice de l&rsquo;Ensemble vocal depuis plusieurs ann\u00e9es. Toutes deux sont professeurs au conservatoire de Noisiel  Marne-la-Vall\u00e9e.<br \/>\nVous pourrez aussi appr\u00e9cier la d\u00e9licatesse de la harpiste Sophie Bonneau, dipl\u00f4m\u00e9e d&rsquo;Etat de Harpe qui enseigne depuis une dizaine d&rsquo;ann\u00e9es dans plusieurs \u00e9coles de musique, entre autres au conservatoire Marne et Chantereine (77), et le timbre velout\u00e9 du cor de Jean Gob\u00e9, professeur de cor \u00e0 Claye-Souilly et \u00e0 Noisy-le-Grand.<\/p>\n<p>Seront interpr\u00e9t\u00e9es des oeuvres de Claudio Monteverdi, Eric Lebrun, Ralph Vaughan-Williams, Johannes Brahms, Franz Schubert, Val\u00e9ry Aubertin et&#8230; Jean-S\u00e9bastien Bach !<\/p>\n<p>Merci, chers amis, de venir nombreux et de pr\u00e9venir toutes vos connaissances en transmettant cette annonce. L&rsquo;Association Angu\u00e9los a besoin de vous pour que vivent la musique et l&rsquo;orgue de Quincy-Voisins. <\/p>\n","protected":false},"excerpt":{"rendered":"<p>Depuis son succ\u00e8s au concert parisien pour le Bicentenaire de Franz Liszt \u00e0\u00a0 Notre-Dame de Lorette \u00e0\u00a0 Paris en octobre dernier, l&rsquo;Ensemble Vocal ANGUELOS, sous la direction de Val\u00e9ry Aubertin, compositeur et chef de&#46;&#46;&#46;<\/p>\n","protected":false},"author":2,"featured_media":0,"comment_status":"open","ping_status":"open","sticky":false,"template":"","format":"standard","meta":{"footnotes":""},"categories":[],"tags":[],"class_list":["post-493","post","type-post","status-publish","format-standard","hentry"],"_links":{"self":[{"href":"http:\/\/www.chapelle-crecy.com\/index.php?rest_route=\/wp\/v2\/posts\/493","targetHints":{"allow":["GET"]}}],"collection":[{"href":"http:\/\/www.chapelle-crecy.com\/index.php?rest_route=\/wp\/v2\/posts"}],"about":[{"href":"http:\/\/www.chapelle-crecy.com\/index.php?rest_route=\/wp\/v2\/types\/post"}],"author":[{"embeddable":true,"href":"http:\/\/www.chapelle-crecy.com\/index.php?rest_route=\/wp\/v2\/users\/2"}],"replies":[{"embeddable":true,"href":"http:\/\/www.chapelle-crecy.com\/index.php?rest_route=%2Fwp%2Fv2%2Fcomments&post=493"}],"version-history":[{"count":0,"href":"http:\/\/www.chapelle-crecy.com\/index.php?rest_route=\/wp\/v2\/posts\/493\/revisions"}],"wp:attachment":[{"href":"http:\/\/www.chapelle-crecy.com\/index.php?rest_route=%2Fwp%2Fv2%2Fmedia&parent=493"}],"wp:term":[{"taxonomy":"category","embeddable":true,"href":"http:\/\/www.chapelle-crecy.com\/index.php?rest_route=%2Fwp%2Fv2%2Fcategories&post=493"},{"taxonomy":"post_tag","embeddable":true,"href":"http:\/\/www.chapelle-crecy.com\/index.php?rest_route=%2Fwp%2Fv2%2Ftags&post=493"}],"curies":[{"name":"wp","href":"https:\/\/api.w.org\/{rel}","templated":true}]}}