{"id":494,"date":"2012-06-09T00:01:32","date_gmt":"2012-06-09T00:01:32","guid":{"rendered":""},"modified":"-0001-11-30T00:00:00","modified_gmt":"-0001-11-29T22:00:00","slug":"","status":"publish","type":"post","link":"http:\/\/www.chapelle-crecy.com\/?p=494","title":{"rendered":"Ferme en f\u00eate \u00e0\u00a0 Villeneuve-le-Comte ce dimanche 10 juin 2012"},"content":{"rendered":"<div align=\"justify\">Au d\u00e9but du XX\u00e8me si\u00e8cle, le grain \u00e9tait encore s\u00e9par\u00e9 de l&rsquo;\u00e9pi par les fl\u00e9aux qui frappaient les gerbes en cadence r\u00e9guli\u00e8re. Puis, les machines m\u00e9caniques, les \u00ab\u00a0man\u00e8ges\u00a0\u00bb, petites batteuses familiales, d&rsquo;abord mues par un cheval, sont arriv\u00e9es. Et le moteur \u00e0\u00a0 essence, plus tard \u00e9lectrique, a remplac\u00e9 l&rsquo;animal.  Dans les ann\u00e9es trente appara\u00eet la grosse batteuse qui appartient \u00e0\u00a0 un entrepreneur. Alors au fil des villages, celui-ci fait la tourn\u00e9e des clients avec son encombrante machine actionn\u00e9e par un gros et bruyant tracteur&#8230;. Vous avez v\u00e9cu ces battages dits \u00e0\u00a0 l&rsquo;ancienne? Vous souhaitez d\u00e9couvrir l&rsquo;anc\u00eatre des moissonneuses- batteuses climatis\u00e9es du XXI\u00e8me si\u00e8cle? Venez nombreux \u00e0\u00a0 Villeneuve-le-Comte, ce dimanche 10 juin, revivre ces moments d&rsquo;anthologie !<\/div>\n<div align=\"center\"><img decoding=\"async\" src=\"\/IMG\/jpg\/ferme-0.jpg\n\" width=400><\/div>\n<div align=\"center\"><img decoding=\"async\" src=\"\/IMG\/jpg\/ferme-1.jpg\n\" width=400><\/div>\n<div align=\"center\"><img decoding=\"async\" src=\"\/IMG\/jpg\/ferme-2.jpg\n\" width=400><\/div>\n<div align=\"center\"><img decoding=\"async\" src=\"\/IMG\/jpg\/ferme-4.jpg\n\" width=400><\/div>\n<p> Album-souvenir r\u00e9alis\u00e9 par Jean-Louis Pidon:<br \/>\n [http:\/\/www.youtube.com\/watch?v=sjYmrRb7yDc->http:\/\/www.youtube.com\/watch?v=sjYmrRb7yDc]<\/p>\n","protected":false},"excerpt":{"rendered":"<p>Au d\u00e9but du XX\u00e8me si\u00e8cle, le grain \u00e9tait encore s\u00e9par\u00e9 de l&rsquo;\u00e9pi par les fl\u00e9aux qui frappaient les gerbes en cadence r\u00e9guli\u00e8re. Puis, les machines m\u00e9caniques, les \u00ab\u00a0man\u00e8ges\u00a0\u00bb, petites batteuses familiales, d&rsquo;abord mues par&#46;&#46;&#46;<\/p>\n","protected":false},"author":2,"featured_media":0,"comment_status":"open","ping_status":"open","sticky":false,"template":"","format":"standard","meta":{"footnotes":""},"categories":[],"tags":[],"class_list":["post-494","post","type-post","status-publish","format-standard","hentry"],"_links":{"self":[{"href":"http:\/\/www.chapelle-crecy.com\/index.php?rest_route=\/wp\/v2\/posts\/494","targetHints":{"allow":["GET"]}}],"collection":[{"href":"http:\/\/www.chapelle-crecy.com\/index.php?rest_route=\/wp\/v2\/posts"}],"about":[{"href":"http:\/\/www.chapelle-crecy.com\/index.php?rest_route=\/wp\/v2\/types\/post"}],"author":[{"embeddable":true,"href":"http:\/\/www.chapelle-crecy.com\/index.php?rest_route=\/wp\/v2\/users\/2"}],"replies":[{"embeddable":true,"href":"http:\/\/www.chapelle-crecy.com\/index.php?rest_route=%2Fwp%2Fv2%2Fcomments&post=494"}],"version-history":[{"count":0,"href":"http:\/\/www.chapelle-crecy.com\/index.php?rest_route=\/wp\/v2\/posts\/494\/revisions"}],"wp:attachment":[{"href":"http:\/\/www.chapelle-crecy.com\/index.php?rest_route=%2Fwp%2Fv2%2Fmedia&parent=494"}],"wp:term":[{"taxonomy":"category","embeddable":true,"href":"http:\/\/www.chapelle-crecy.com\/index.php?rest_route=%2Fwp%2Fv2%2Fcategories&post=494"},{"taxonomy":"post_tag","embeddable":true,"href":"http:\/\/www.chapelle-crecy.com\/index.php?rest_route=%2Fwp%2Fv2%2Ftags&post=494"}],"curies":[{"name":"wp","href":"https:\/\/api.w.org\/{rel}","templated":true}]}}