{"id":495,"date":"2012-06-10T16:36:59","date_gmt":"2012-06-10T16:36:59","guid":{"rendered":""},"modified":"-0001-11-30T00:00:00","modified_gmt":"-0001-11-29T22:00:00","slug":"","status":"publish","type":"post","link":"http:\/\/www.chapelle-crecy.com\/?p=495","title":{"rendered":"Annonces de la semaine du 11 au 17 juin 2012"},"content":{"rendered":"<table bgcolor =\"F0FAFF\" border=0>\n<tbody>\n<tr>\n<td>\n<div align=\"justify\">\n<div \"426\">Voici les annonces de la semaine du lundi 11 au dimanche 17 juin 2012 pour la paroisse des 3 clochers Cr\u00e9cy-la-Chapelle, Villiers-sur-Morin, Voulangis.<br \/>\nSamedi 16 \u00e0\u00a0 18h30 : messe \u00e0\u00a0 Voulangis &#8211; Dimanche 17 \u00e0\u00a0 10h30 messe \u00e0\u00a0 Cr\u00e9cy.<br \/> Tous les d\u00e9tails dans la suite &#8230; <\/div>\n<\/div>\n<\/td>\n<\/tr>\n<\/tbody>\n<\/table>\n<table bgcolor =\"F0F6FF\" border=0>\n<tbody>\n<tr>\n<td width=\"20%\"><font color=\"00CC00\">Lundi 11 juin<\/font><\/td>\n<td><font color=\"00CC00\">117 h  Messe \u00e0 la Maison de Retraite pour les d\u00e9funts de la famille DE ABREU.<\/font><\/td>\n<td><font color=\"00CC00\">20 h  30 &#8211;  R\u00e9union du Comit\u00e9 Jean-Baptiste Vianney \u00e0 la salle paroissiale.<\/font><\/td>\n<\/tr>\n<tr>\n<td><font color=\"802020\">Mardi 12 juin<font><\/td>\n<td><font color=\"802020\"><\/p>\n<div align=\"center\"><img decoding=\"async\" src=\"\/IMG\/gif\/cross.gif\"><\/div>\n<p><font><\/td>\n<td><font color=\"802020\">18 h &#8211; Messe \u00e0 Cr\u00e9cy pour Ren\u00e9 et Lucienne CHARPIGNON.<\/font><\/td>\n<\/tr>\n<tr>\n<td><font color=\"0020FF\">Mercredi 13 juin<font><\/td>\n<td><font color=\"0020FF\">9 h &#8211; Messe \u00e0 Cr\u00e9cy pour Alice BARTHELEMY et Bernard BRUNEAU.<\/font><\/td>\n<td><font color=\"00CC00\"><\/p>\n<div align=\"center\"><img decoding=\"async\" src=\"\/IMG\/gif\/bibles004.gif\"><\/div>\n<p><font><\/td>\n<\/tr>\n<tr>\n<td><font color=\"00CC00\">Jeudi 14 juin<font><\/td>\n<td><font color=\"00CC00\"><\/p>\n<div align=\"center\"><img decoding=\"async\" src=\"\/IMG\/jpg\/bible-1.jpg\" width=150><\/div>\n<p><font><\/td>\n<td><font color=\"00CC00\">18 h &#8211; Messe \u00e0 Cr\u00e9cy pour Kasimira BERJOT et Robert  VALLEE.<\/font><\/td>\n<\/tr>\n<tr>\n<td><font color=\"802020\">Vendredi 15 juin<br \/><i>Solennit\u00e9 du SACRE COEUR<\/a><font><\/td>\n<td><font color=\"802020\">19 h 30 &#8211; R\u00e9union de pr\u00e9paration au Mariage \u00e0 la salle paroissiale.<br \/>20 h &#8211; Adoration du Saint Sacrement \u00e0 l&rsquo;\u00e9glise de Cr\u00e9cy.<\/font><\/td>\n<td><font color=\"802020\">20 h 30  Messe \u00e0 Cr\u00e9cy pour Marie-Rose HUG et Thibaud CHRETIEN.<font><\/td>\n<\/tr>\n<tr>\n<td><font color=\"0020FF\">Samedi 16 juin<\/font><\/td>\n<td><font color=\"0020FF\">11 h  A Cr\u00e9cy, Bapt\u00eame d&rsquo;Emmie CORRADE.<font><\/td>\n<td><font color=\"0020FF\">18 h 30 &#8211; Messe \u00e0 Villiers pour Robert et Raymonde GUILLAUMY.<br \/>\nBapt\u00eame de Manon et Owen TELCHID-GROEVIUS.<\/font><\/td>\n<\/tr>\n<tr>\n<td><font color=\"00CC00\">Dimanche 17 juin<font>\n<\/td>\n<p><\/p>\n<td><font color=\"00CC00\">10 h 30 &#8211; Messe \u00e0 Cr\u00e9cy pour Denise et Paul RAFFEL.<br \/>\nBapt\u00eame de Louise et Alice DESJARDINS, d&rsquo;Esteban FERREIRA et de Maxim MYLLORD.<\/font><\/td>\n<td><font color=\"00CC00\"><\/p>\n<div align=\"center\"><img decoding=\"async\" src=\"\/IMG\/lieux\/stgeorges04.jpg\"  width=150>\n<\/div>\n<p><\/font><\/td>\n<\/tr>\n<\/tbody>\n<\/table>\n","protected":false},"excerpt":{"rendered":"<p>Voici les annonces de la semaine du lundi 11 au dimanche 17 juin 2012 pour la paroisse des 3 clochers Cr\u00e9cy-la-Chapelle, Villiers-sur-Morin, Voulangis. Samedi 16 \u00e0\u00a0 18h30 : messe \u00e0\u00a0 Voulangis &#8211; Dimanche 17&#46;&#46;&#46;<\/p>\n","protected":false},"author":2,"featured_media":0,"comment_status":"open","ping_status":"open","sticky":false,"template":"","format":"standard","meta":{"footnotes":""},"categories":[],"tags":[],"class_list":["post-495","post","type-post","status-publish","format-standard","hentry"],"_links":{"self":[{"href":"http:\/\/www.chapelle-crecy.com\/index.php?rest_route=\/wp\/v2\/posts\/495","targetHints":{"allow":["GET"]}}],"collection":[{"href":"http:\/\/www.chapelle-crecy.com\/index.php?rest_route=\/wp\/v2\/posts"}],"about":[{"href":"http:\/\/www.chapelle-crecy.com\/index.php?rest_route=\/wp\/v2\/types\/post"}],"author":[{"embeddable":true,"href":"http:\/\/www.chapelle-crecy.com\/index.php?rest_route=\/wp\/v2\/users\/2"}],"replies":[{"embeddable":true,"href":"http:\/\/www.chapelle-crecy.com\/index.php?rest_route=%2Fwp%2Fv2%2Fcomments&post=495"}],"version-history":[{"count":0,"href":"http:\/\/www.chapelle-crecy.com\/index.php?rest_route=\/wp\/v2\/posts\/495\/revisions"}],"wp:attachment":[{"href":"http:\/\/www.chapelle-crecy.com\/index.php?rest_route=%2Fwp%2Fv2%2Fmedia&parent=495"}],"wp:term":[{"taxonomy":"category","embeddable":true,"href":"http:\/\/www.chapelle-crecy.com\/index.php?rest_route=%2Fwp%2Fv2%2Fcategories&post=495"},{"taxonomy":"post_tag","embeddable":true,"href":"http:\/\/www.chapelle-crecy.com\/index.php?rest_route=%2Fwp%2Fv2%2Ftags&post=495"}],"curies":[{"name":"wp","href":"https:\/\/api.w.org\/{rel}","templated":true}]}}