{"id":496,"date":"2012-06-12T07:43:49","date_gmt":"2012-06-12T07:43:49","guid":{"rendered":""},"modified":"-0001-11-30T00:00:00","modified_gmt":"-0001-11-29T22:00:00","slug":"","status":"publish","type":"post","link":"http:\/\/www.chapelle-crecy.com\/?p=496","title":{"rendered":"Premi\u00e8res communions et professions de foi \u00e0\u00a0 Cr\u00e9cy 2012"},"content":{"rendered":"<div align=\"justify\">Comme annonc\u00e9 au cours de ces 2 c\u00e9r\u00e9monies qui ont \u00e9t\u00e9 c\u00e9l\u00e9br\u00e9es \u00e0\u00a0 la Coll\u00e9giale de Cr\u00e9cy, les 3 et 10 juin 2012 par le P\u00e8re Aim\u00e9, les photos prises par notre ami et photographe officiel Thierry Briane sont disponibles sur ce site.  Retrouvez les 2 liens qui vous permettront de revivre en images ces 2 belles c\u00e9l\u00e9brations. Pour plus d&rsquo;informations envoyez vos questions \u00e0\u00a0 <span style=\"color: rgb(51, 51, 255);\">redaction@chapelle-crecy.com<\/span> ou \u00e9crivez-moi \u00e0\u00a0 <span style=\"color: rgb(51, 51, 255);\">joel.lahaille@free.fr<\/span>.<\/div>\n<div align=\"justify\">\nPour ne pas troubler la beaut\u00e9 de ces c\u00e9r\u00e9monies et la concentration de nos chers enfants qui se pr\u00e9paraient \u00e0 cette rencontre avec le Seigneur dans le sacrement de l&rsquo;Eucharistie, il avait \u00e9t\u00e9 demand\u00e9 aux familles de ne pas prendre de photos pendant le d\u00e9roulement de ces belles messes. Nous vous proposons de consulter ici, les photos des deux c\u00e9r\u00e9monies prises par le photographe officiel de la paroisse.<br \/>\nPour pouvoir les visualiser, cliquez simplement sur le lien qui vous int\u00e9resse, puis laissez d\u00e9filer le diaporama.  Si vous souhaitez d&rsquo;autres informations, n&rsquo;h\u00e9sitez pas \u00e0 nous contacter:<br \/>\n e-mail: <span style=\"color: rgb(51, 51, 255);\">joel.lahaille@free.fr<\/span><br \/>\n portable: 06 52 28 28 02<\/p>\n<p> Diaporama de la messe des premi\u00e8res communions le 10 juin 2012 \u00e0 la Coll\u00e9giale de Cr\u00e9cy:<\/p>\n<p>[https:\/\/picasaweb.google.com\/115844185260022001232\/1ereCommunion2012?authkey=Gv1sRgCIDX1tHt1NKAWg#5753530225326763186->https:\/\/picasaweb.google.com\/115844185260022001232\/1ereCommunion2012?authkey=Gv1sRgCIDX1tHt1NKAWg#5753530225326763186]<\/p>\n<p> Petit rappel historique repris de l&rsquo;hom\u00e9lie du P\u00e8re Aim\u00e9 pendant la c\u00e9l\u00e9bration des premi\u00e8res communions qui \u00e9tait \u00e9galement le jour o\u00f9 nous f\u00eations la solennit\u00e9 du Saint Sacrement, ce 10 juin:<br \/>\n La F\u00eate-Dieu est une solennit\u00e9 qui s&rsquo;appelle aujourd&rsquo;hui f\u00eate du Saint Sacrement ou encore solennit\u00e9 du Corps et du Sang du Christ.<br \/>\nElle a \u00e9t\u00e9 institu\u00e9e au XIIIe si\u00e8cle par le pape Urbain IV en 1264. C&rsquo;\u00e9tait \u00e0 une \u00e9poque o\u00f9 les chr\u00e9tiens communiaient tr\u00e8s peu. Il y avait plut\u00f4t la pratique de la communion annuelle \u00e0 P\u00e2que.<br \/>\n La premi\u00e8re c\u00e9l\u00e9bration de la F\u00eate-Dieu remonte \u00e0 1246, dans le dioc\u00e8se de Li\u00e8ge ( Belgique) \u00e0 la demande de Sainte Julienne de Comillon.<br \/>\nCette f\u00eate, c\u00e9l\u00e9br\u00e9e le jeudi ou le dimanche apr\u00e8s la Sainte Trinit\u00e9 (donc dix jours ou deux semaines apr\u00e8s Pentec\u00f4te, avait concouru au d\u00e9veloppement des processions paroissiales avec le Saint-Sacrement<br \/>\n\u00e0 travers les villes et villages pour la d\u00e9votion et la b\u00e9n\u00e9diction des fid\u00e8les et localit\u00e9s.<br \/>\n L&rsquo;adoration eucharistique, malheureusement en baisse dans certaines contr\u00e9es aujourd&rsquo;hui, est une source ineffable et in\u00e9puisable de gr\u00e2ces divines.<br \/>\n Nous vous rappelons que le vendredi 15 juin \u00e0 20h00 sera expos\u00e9 le Saint Sacrement \u00e0 l&rsquo;\u00e9glise Saint Georges de Cr\u00e9cy. Nous pourrons venir l&rsquo;adorer pour que notre amour pour J\u00e9sus devienne plus fort et que nous puisions \u00e9galement, dans ce coeur-\u00e0-coeur avec J\u00e9sus la force d&rsquo;aimer davantage nos fr\u00e8res.<\/p>\n<p> Diaporama de la messe des profession de foi, le 3 juin 2012 \u00e0 la Coll\u00e9giale de Cr\u00e9cy:<\/p>\n<p>[https:\/\/picasaweb.google.com\/115844185260022001232\/ProfessionDeFoi?authkey=Gv1sRgCKSUvdSfvMblCA#5750303677553854882->https:\/\/picasaweb.google.com\/115844185260022001232\/ProfessionDeFoi?authkey=Gv1sRgCKSUvdSfvMblCA#5750303677553854882]\n<\/p><\/div>\n","protected":false},"excerpt":{"rendered":"<p>Comme annonc\u00e9 au cours de ces 2 c\u00e9r\u00e9monies qui ont \u00e9t\u00e9 c\u00e9l\u00e9br\u00e9es \u00e0\u00a0 la Coll\u00e9giale de Cr\u00e9cy, les 3 et 10 juin 2012 par le P\u00e8re Aim\u00e9, les photos prises par notre ami et&#46;&#46;&#46;<\/p>\n","protected":false},"author":2,"featured_media":0,"comment_status":"open","ping_status":"open","sticky":false,"template":"","format":"standard","meta":{"footnotes":""},"categories":[],"tags":[],"class_list":["post-496","post","type-post","status-publish","format-standard","hentry"],"_links":{"self":[{"href":"http:\/\/www.chapelle-crecy.com\/index.php?rest_route=\/wp\/v2\/posts\/496","targetHints":{"allow":["GET"]}}],"collection":[{"href":"http:\/\/www.chapelle-crecy.com\/index.php?rest_route=\/wp\/v2\/posts"}],"about":[{"href":"http:\/\/www.chapelle-crecy.com\/index.php?rest_route=\/wp\/v2\/types\/post"}],"author":[{"embeddable":true,"href":"http:\/\/www.chapelle-crecy.com\/index.php?rest_route=\/wp\/v2\/users\/2"}],"replies":[{"embeddable":true,"href":"http:\/\/www.chapelle-crecy.com\/index.php?rest_route=%2Fwp%2Fv2%2Fcomments&post=496"}],"version-history":[{"count":0,"href":"http:\/\/www.chapelle-crecy.com\/index.php?rest_route=\/wp\/v2\/posts\/496\/revisions"}],"wp:attachment":[{"href":"http:\/\/www.chapelle-crecy.com\/index.php?rest_route=%2Fwp%2Fv2%2Fmedia&parent=496"}],"wp:term":[{"taxonomy":"category","embeddable":true,"href":"http:\/\/www.chapelle-crecy.com\/index.php?rest_route=%2Fwp%2Fv2%2Fcategories&post=496"},{"taxonomy":"post_tag","embeddable":true,"href":"http:\/\/www.chapelle-crecy.com\/index.php?rest_route=%2Fwp%2Fv2%2Ftags&post=496"}],"curies":[{"name":"wp","href":"https:\/\/api.w.org\/{rel}","templated":true}]}}