{"id":497,"date":"2012-06-16T10:31:00","date_gmt":"2012-06-16T10:31:00","guid":{"rendered":""},"modified":"-0001-11-30T00:00:00","modified_gmt":"-0001-11-29T22:00:00","slug":"","status":"publish","type":"post","link":"http:\/\/www.chapelle-crecy.com\/?p=497","title":{"rendered":"Apr\u00e8s la Cath\u00e9drale de Meaux  les 3 t\u00e9nors embrasent la Coll\u00e9giale de Cr\u00e9cy  ce soir"},"content":{"rendered":"<div align=\"justify\">En avant-go\u00fbt de la f\u00eate de la musique, la Coll\u00e9giale Notre-Dame de l&rsquo;Assomption sera \u00e0\u00a0 nouveau le th\u00e9 tre d&rsquo;un concert exceptionnel, ce samedi 16 juin \u00e0\u00a0 20h30. Nous avons encore tous \u00e0\u00a0 l&rsquo;oreille la puret\u00e9 et la fluidit\u00e9 des voix \u00e0\u00a0 l&rsquo;unisson de la chorale russe de Koursk, que nous avons pu appr\u00e9cier vendredi dernier. Ce samedi, ce sont donc 3 voix superbes que nous accueillons \u00e0\u00a0 Cr\u00e9cy et qui vont interpr\u00e9ter des airs connus comme \u00ab Granada \u00bb, \u00ab O sole mio \u00bb, ou l&rsquo; \u00ab Ave Maria \u00bb de Schubert. Venez nombreux vous laisser \u00e9mouvoir par ces 3 t\u00e9nors entour\u00e9es d&rsquo;un choeur TUTTI CANTI de 70 participants.  Nous vous proposons donc une soir\u00e9e \u00e9clectique pour le plus grand plaisir des amateurs d&rsquo;art lyrique et de musique sacr\u00e9e, dans notre belle Coll\u00e9giale \u00e0\u00a0 l&rsquo;acoustique toujours aussi extraordinaire!<\/div>\n<div align=\"center\"><img decoding=\"async\" src=\"\/IMG\/jpg\/tenors.jpg\n\" width=400><\/div>\n<div align=\"center\"><img decoding=\"async\" src=\"\/IMG\/jpg\/affiche3tenors.jpg\n\" width=400><\/div>\n<div align=\"center\"><img decoding=\"async\" src=\"\/IMG\/jpg\/3tenors.jpg\n\" width=400><\/div>\n<div align=\"center\"><img decoding=\"async\" src=\"\/IMG\/jpg\/piano3tenors.jpg\n\" width=400><\/div>\n","protected":false},"excerpt":{"rendered":"<p>En avant-go\u00fbt de la f\u00eate de la musique, la Coll\u00e9giale Notre-Dame de l&rsquo;Assomption sera \u00e0\u00a0 nouveau le th\u00e9 tre d&rsquo;un concert exceptionnel, ce samedi 16 juin \u00e0\u00a0 20h30. Nous avons encore tous \u00e0\u00a0 l&rsquo;oreille&#46;&#46;&#46;<\/p>\n","protected":false},"author":2,"featured_media":0,"comment_status":"open","ping_status":"open","sticky":false,"template":"","format":"standard","meta":{"footnotes":""},"categories":[],"tags":[],"class_list":["post-497","post","type-post","status-publish","format-standard","hentry"],"_links":{"self":[{"href":"http:\/\/www.chapelle-crecy.com\/index.php?rest_route=\/wp\/v2\/posts\/497","targetHints":{"allow":["GET"]}}],"collection":[{"href":"http:\/\/www.chapelle-crecy.com\/index.php?rest_route=\/wp\/v2\/posts"}],"about":[{"href":"http:\/\/www.chapelle-crecy.com\/index.php?rest_route=\/wp\/v2\/types\/post"}],"author":[{"embeddable":true,"href":"http:\/\/www.chapelle-crecy.com\/index.php?rest_route=\/wp\/v2\/users\/2"}],"replies":[{"embeddable":true,"href":"http:\/\/www.chapelle-crecy.com\/index.php?rest_route=%2Fwp%2Fv2%2Fcomments&post=497"}],"version-history":[{"count":0,"href":"http:\/\/www.chapelle-crecy.com\/index.php?rest_route=\/wp\/v2\/posts\/497\/revisions"}],"wp:attachment":[{"href":"http:\/\/www.chapelle-crecy.com\/index.php?rest_route=%2Fwp%2Fv2%2Fmedia&parent=497"}],"wp:term":[{"taxonomy":"category","embeddable":true,"href":"http:\/\/www.chapelle-crecy.com\/index.php?rest_route=%2Fwp%2Fv2%2Fcategories&post=497"},{"taxonomy":"post_tag","embeddable":true,"href":"http:\/\/www.chapelle-crecy.com\/index.php?rest_route=%2Fwp%2Fv2%2Ftags&post=497"}],"curies":[{"name":"wp","href":"https:\/\/api.w.org\/{rel}","templated":true}]}}