{"id":498,"date":"2012-06-23T22:51:00","date_gmt":"2012-06-23T22:51:00","guid":{"rendered":""},"modified":"-0001-11-30T00:00:00","modified_gmt":"-0001-11-29T22:00:00","slug":"","status":"publish","type":"post","link":"http:\/\/www.chapelle-crecy.com\/?p=498","title":{"rendered":"Dimanche 24 juin 2012 KT-dimanche !"},"content":{"rendered":"<p><Div align=\"justify\"><span style=\"color: red;\">J\u00e9sus, Pain de Vie<\/span>: tel sera le th\u00e8me de notre derni\u00e8re messe de KT-dimanche de l&rsquo;ann\u00e9e. Vous y \u00eates tous chaleureusement et vivement convi\u00e9s. Pourquoi? Parce que le KT-dimanche, c&rsquo;est une invitation \u00e0\u00a0 pr\u00e9parer la messe de ce dimanche par une petite r\u00e9flexion en petits groupes avant la c\u00e9l\u00e9bration. Et puis, en ce jour o\u00f9 nous f\u00eatons l&rsquo;ap tre Saint Jean, pendant cette messe d&rsquo;Action de Gr ces, chaque \u00e9quipe de la paroisse aura l&rsquo;occasion de remercier le Seigneur pour les gr ces et les dons qu&rsquo;Il nous a envoy\u00e9s au cours de cette ann\u00e9e pastorale. Pour vous pr\u00e9parer \u00e0\u00a0 cette belle c\u00e9l\u00e9bration, vous trouverez en bas d&rsquo;article le programme de la c\u00e9l\u00e9bration et en exclusivit\u00e9 sur ce site, \u00e9coutez les chants de la c\u00e9r\u00e9monie&#8230;<\/div>\n<div align=\"justify\"> Le KT-dimanche, c&rsquo;est quoi?<\/p>\n<div align=\"center\"><img decoding=\"async\" src=\"\/IMG\/jpg\/KaTe1.jpg\n\" width=400><\/div>\n<p>Autrefois, on parlait cat\u00e9chisme, puis cat\u00e9, et maintenant \u00e0 l&rsquo;\u00e9poque des SMS, c&rsquo;est le Kt. Avec la m\u00e9thode dite de \u00ab\u00a0Nathana\u00ebl\u00a0\u00bb, tr\u00e8s bien faite d&rsquo;ailleurs, on regarde des DVD pour r\u00e9p\u00e9ter les chants et aussi pour apprendre l&rsquo;histoire de J\u00e9sus et les r\u00e9cits bibliques. L&rsquo;id\u00e9e, c&rsquo;est de constater que, du plus jeune \u00e2ge jusqu&rsquo;au 4\u00e8me \u00e2ge, quelque soit notre \u00e9tat de vie, nous sommes tous appel\u00e9s \u00e0 approfondir notre foi en J\u00e9sus-Christ d&rsquo;o\u00f9 la n\u00e9cessit\u00e9 pour chacun de participer, au cours de l&rsquo;ann\u00e9e, \u00e0 ces s\u00e9ances de KT organis\u00e9es par la paroisse. Si vous ne connaissez pas, vous verrez c&rsquo;est tr\u00e8s sympa! Demandez \u00e0 ceux qui ont d\u00e9j\u00e0 particip\u00e9; \u00e0 Cr\u00e9cy, c&rsquo;est notre troisi\u00e8me \u00e9dition pour 2011-2012, on commence \u00e0 \u00eatre rod\u00e9! Qui plus est, pour cette derni\u00e8re s\u00e9ance de KT-dimanche, cela se passe \u00e0 la Coll\u00e9giale N-D de l&rsquo;Assomption, ce qui ne g\u00e2che rien au plaisir de nous rapprocher de notre P\u00e8re du Ciel au coeur de cette si belle \u00e9glise charg\u00e9e d&rsquo;histoire, le fleuron de notre secteur paroissial.<\/p>\n<p> Demandez le programme !<\/p>\n<div align=\"center\"><img decoding=\"async\" src=\"\/IMG\/jpg\/KaTe2.jpg\n\" width=400><\/div>\n<p> <span style=\"color: blue;\">Rendez-vous \u00e0 10h pr\u00e9cises <\/span>\u00e0 la Coll\u00e9giale.<br \/>\n <span style=\"color: green;\">R\u00e9partition en groupes suivant la tranche d&rsquo;\u00e2ge<\/span>:<br \/>\n * Laurence Briane prendra en charge les touts-petits (classe de droite de l&rsquo;\u00e9cole);<br \/>\n * Anne-Marie et Nicole fabriqueront des petits pains avec les 1\u00e8re et 2\u00e8me ann\u00e9e de KT (classe de droite de l&rsquo;\u00e9cole);<br \/>\n * Ren\u00e9e et Evelyne pr\u00e9pareront un jeu \u00e0 la Coll\u00e9giale avec les 3\u00e8me et 4\u00e8me ann\u00e9e;<br \/>\n * Laetitia et Thierry r\u00e9fl\u00e9chiront avec les ados sur le th\u00e8me: \u00ab\u00a0Donne-nous aujourd&rsquo;hui notre pain de ce jour\u00a0\u00bb dans la pri\u00e8re du Notre P\u00e8re; (classe de gauche de l&rsquo;\u00e9cole)<br \/>\n * Les P\u00e8res Philippe et Aim\u00e9 visionneront une vid\u00e9o et \u00e9couteront le t\u00e9moignage de Marianne Lachaier. (salle centrale de l&rsquo;\u00e9cole)<\/p>\n<p> <span style=\"color: blue;\">11h00<\/span>: nous nous retrouvons tous \u00e0 la Coll\u00e9giale (attention en traversant la D934 !) pour la messe dominicale c\u00e9l\u00e9br\u00e9e par le P\u00e8re Philippe Legrand, cur\u00e9 du p\u00f4le missionnaire de Meaux  et le P\u00e8re Aim\u00e9, que l&rsquo;on ne pr\u00e9sente plus. Au cours de cette c\u00e9l\u00e9bration solennelle, Marianne recevra la communion pour la premi\u00e8re fois et Even Dos Santos recevra, lui, le sacrement du bapt\u00eame.<br \/>\n <span style=\"color: blue;\">12h00<\/span>: pot de l&rsquo;amiti\u00e9<br \/>\n <span style=\"color: blue;\">12h45<\/span>: Pique-nique dans les jardins de la Coll\u00e9giale. Le repas sera tir\u00e9 du sac. Des grillades (saucisses, merguez, ribs, etc) vous seront propos\u00e9es. Un grand moment de convivialit\u00e9 en perspective !<\/p>\n<p> Les textes de r\u00e9f\u00e9rences pour le KT-dimanche (utilis\u00e9s dans tous les groupes):<\/p>\n<div align=\"center\"><img decoding=\"async\" src=\"\/IMG\/jpg\/communion1.jpg\n\" width=400><\/div>\n<p> Evangile de Jean chapitre 6, verset 48-56:<br \/>\n <span style=\"color: red;\">48<\/span> Moi, je suis le pain de la vie.<br \/>\n <span style=\"color: red;\">49<\/span> Au d\u00e9sert, vos p\u00e8res ont mang\u00e9 la manne, et ils sont morts ;<br \/>\n <span style=\"color: red;\">50<\/span> mais ce pain-l\u00e0, qui descend du ciel, celui qui en mange ne mourra pas.<br \/>\n <span style=\"color: red;\">51<\/span> Moi, je suis le pain vivant, qui est descendu du ciel : si quelqu&rsquo;un mange de ce pain, il vivra \u00e9ternellement. Le pain que je donnerai, c&rsquo;est ma chair, donn\u00e9e pour que le monde ait la vie. \u00bb<br \/>\n <span style=\"color: red;\">52<\/span> Les Juifs discutaient entre eux : \u00ab Comment cet homme-l\u00e0 peut-il nous donner sa chair \u00e0 manger ? \u00bb<br \/>\n <span style=\"color: red;\">53<\/span> J\u00e9sus leur dit alors : \u00ab Amen, amen, je vous le dis : si vous ne mangez pas la chair du Fils de l&rsquo;homme, et si vous ne buvez pas son sang, vous n&rsquo;aurez pas la vie en vous.<br \/>\n <span style=\"color: red;\">54<\/span> Celui qui mange ma chair et boit mon sang a la vie \u00e9ternelle ; et moi, je le ressusciterai au dernier jour.<br \/>\n <span style=\"color: red;\">55<\/span> En effet, ma chair est la vraie nourriture, et mon sang est la vraie boisson.<br \/>\n <span style=\"color: red;\">56<\/span> Celui qui mange ma chair et boit mon sang demeure en moi, et moi je demeure en lui. <\/p>\n<div align=\"center\"><img decoding=\"async\" src=\"\/IMG\/jpg\/communion.jpg\n\" width=400><\/div>\n<p> Evangile de Jean chapitre 6, verset 66-68:<br \/>\n <span style=\"color: red;\">66<\/span> A partir de ce moment, beaucoup de ses disciples s&rsquo;en all\u00e8rent et cess\u00e8rent de marcher avec lui.<br \/>\n <span style=\"color: red;\">67<\/span>67 Alors J\u00e9sus dit aux Douze : \u00ab Voulez-vous partir, vous aussi ? \u00bb<br \/>\n <span style=\"color: red;\">68<\/span> Simon-Pierre lui r\u00e9pondit : \u00ab Seigneur, vers qui pourrions-nous aller ? Tu as les paroles de la vie \u00e9ternelle<\/p>\n<div align=\"center\"><img decoding=\"async\" src=\"\/IMG\/jpg\/communion2.jpg\n\" width=200><\/div>\n<p> R\u00e9flexion: J\u00e9sus, Pain de Vie pour nous tous!<br \/>\n En ce dimanche o\u00f9 Isa\u00efe,le grand proph\u00e8te de l&rsquo;Ancienne Alliance, nous redit que chacun de nous compte aux yeux de Dieu, que chacun est aim\u00e9 de lui depuis toujours, nous d\u00e9couvrons que son d\u00e9sir est de subvenir \u00e0 nos besoins pendant ce temps de p\u00e8lerinage sur terre, pendant notre temps de d\u00e9sert avant la terre promise. Notre Manne d&rsquo;aujourd&rsquo;hui c&rsquo;est J\u00e9sus lui-m\u00eame qui se donne \u00e0 chacun pour tenir bon chaque jour. Il n&rsquo;est plus sur la croix mais ressuscit\u00e9, aussi il continue de se donner dans cette hostie consacr\u00e9e par le pr\u00eatre pour que ayons la Vie en nous. Venez et voyez, prenez et buvez; dans la foi, accueillez Celui qui peut vous rassasier, le Christ ressuscit\u00e9 !<\/p>\n<p> Chants et pri\u00e8res de la messe d&rsquo;action de gr\u00e2ces du Dimanche 24 juin 2012:<\/p>\n<p> Les enfants du Kt de notre secteur paroissial se sont bien pr\u00e9par\u00e9s pour ce KT-dimanche. Voici une vid\u00e9o prise lors d&rsquo;une s\u00e9ance Kt au cours de laquelle ils apprennent la pri\u00e8re gestu\u00e9e du Notre P\u00e8re:<br \/>\n [http:\/\/www.youtube.com\/watch?v=7ohUraqQw2c->http:\/\/www.youtube.com\/watch?v=7ohUraqQw2c]<\/p>\n<p> Alors, comme nos enfants, pour bien pr\u00e9parer cette rencontre avec le Seigneur, nous vous proposons le d\u00e9roul\u00e9 de la c\u00e9r\u00e9monie:<\/p>\n<p> <span style=\"color: red;\">ENTREE:<\/span> <\/p>\n<p> <span style=\"color: blue;\">A 14 : <\/span>Dieu nous a tous appel\u00e9s<br \/>\n [==> Ecouter le chant->http:\/\/www.chapelle-crecy.com\/IMG\/mp3\/DieuNousATousAppeles_17708.mp3]<\/p>\n<p> <span style=\"color: red;\">KYRIE :<\/span> <\/p>\n<p> <span style=\"color: blue;\">K 16 : <\/span>Seigneur, prends piti\u00e9 de Ton peuple<\/p>\n<p> <span style=\"color: red;\">GLORIA :<\/span> <\/p>\n<p> <span style=\"color: blue;\">Gl 1 : <\/span>Gloire \u00e0 Dieu, paix aux hommes,<\/p>\n<p> <span style=\"color: red;\">PSAUME :<\/span> <\/p>\n<p> <span style=\"color: blue;\">PS\/LG 10 :<\/span> Rendez gr\u00e2ce au Seigneur car il est bon<\/p>\n<p> <span style=\"color: red;\">ACCLAMATION :<\/span> <\/p>\n<p> <span style=\"color: blue;\">ACC 1 : <\/span>Louez Dieu, tous les peuples<\/p>\n<p> <span style=\"color: red;\">PRIERE d&rsquo;ACTION de GRACE du secteur :<\/span><\/p>\n<p> <span style=\"color: blue;\">PS\/LG 24 : <\/span>Chantez au Seigneur un chant nouveau<\/p>\n<p> <span style=\"color: red;\">SANCTUS :<\/span><\/p>\n<p> <span style=\"color: blue;\">S 2 :<\/span> Louange et gloire \u00e0 notre Dieu<\/p>\n<p> <span style=\"color: red;\">ANAMNESE :<\/span> <\/p>\n<p> <span style=\"color: blue;\">An. 7 : <\/span>Tu as connu la mort, Tu es ressuscit\u00e9<\/p>\n<p> <span style=\"color: red;\">AGNUS :<\/span><\/p>\n<p> <span style=\"color:blue;\">Ag 5 : <\/span> La paix soit avec nous\u00e2\u20ac\u00a6<\/p>\n<p> <span style=\"color: red;\">COMMUNION :<\/span> <\/p>\n<p> <span style=\"color: blue;\">D 521 :<\/span> Devenez ce que vous recevez<br \/>\n [==> Ecouter le chant->http:\/\/www.chapelle-crecy.com\/IMG\/mp3\/DevenezCeQueVousRecevez_10517.mp3]<\/p>\n<p> <span style=\"color: red;\">ENVOI :<\/span><\/p>\n<p> <span style=\"color: blue;\">T 52 : <\/span>Tu nous appelles \u00e0 t&rsquo;aimer\u00e2\u20ac\u00a6<br \/>\n [==> Ecouter le chant->http:\/\/www.chapelle-crecy.com\/IMG\/mp3\/TuNousAppellesATAimer_2580.mp3]\n<\/div>\n","protected":false},"excerpt":{"rendered":"<p>J\u00e9sus, Pain de Vie: tel sera le th\u00e8me de notre derni\u00e8re messe de KT-dimanche de l&rsquo;ann\u00e9e. Vous y \u00eates tous chaleureusement et vivement convi\u00e9s. Pourquoi? Parce que le KT-dimanche, c&rsquo;est une invitation \u00e0\u00a0 pr\u00e9parer&#46;&#46;&#46;<\/p>\n","protected":false},"author":2,"featured_media":0,"comment_status":"open","ping_status":"open","sticky":false,"template":"","format":"standard","meta":{"footnotes":""},"categories":[],"tags":[],"class_list":["post-498","post","type-post","status-publish","format-standard","hentry"],"_links":{"self":[{"href":"http:\/\/www.chapelle-crecy.com\/index.php?rest_route=\/wp\/v2\/posts\/498","targetHints":{"allow":["GET"]}}],"collection":[{"href":"http:\/\/www.chapelle-crecy.com\/index.php?rest_route=\/wp\/v2\/posts"}],"about":[{"href":"http:\/\/www.chapelle-crecy.com\/index.php?rest_route=\/wp\/v2\/types\/post"}],"author":[{"embeddable":true,"href":"http:\/\/www.chapelle-crecy.com\/index.php?rest_route=\/wp\/v2\/users\/2"}],"replies":[{"embeddable":true,"href":"http:\/\/www.chapelle-crecy.com\/index.php?rest_route=%2Fwp%2Fv2%2Fcomments&post=498"}],"version-history":[{"count":0,"href":"http:\/\/www.chapelle-crecy.com\/index.php?rest_route=\/wp\/v2\/posts\/498\/revisions"}],"wp:attachment":[{"href":"http:\/\/www.chapelle-crecy.com\/index.php?rest_route=%2Fwp%2Fv2%2Fmedia&parent=498"}],"wp:term":[{"taxonomy":"category","embeddable":true,"href":"http:\/\/www.chapelle-crecy.com\/index.php?rest_route=%2Fwp%2Fv2%2Fcategories&post=498"},{"taxonomy":"post_tag","embeddable":true,"href":"http:\/\/www.chapelle-crecy.com\/index.php?rest_route=%2Fwp%2Fv2%2Ftags&post=498"}],"curies":[{"name":"wp","href":"https:\/\/api.w.org\/{rel}","templated":true}]}}