{"id":500,"date":"2012-08-24T08:01:13","date_gmt":"2012-08-24T08:01:13","guid":{"rendered":""},"modified":"-0001-11-30T00:00:00","modified_gmt":"-0001-11-29T22:00:00","slug":"","status":"publish","type":"post","link":"http:\/\/www.chapelle-crecy.com\/?p=500","title":{"rendered":"Annonces de la semaine du 18 au 24 juin 2012"},"content":{"rendered":"<table bgcolor =\"F0FAFF\" border=0>\n<tbody>\n<tr>\n<td>\n<div align=\"justify\">\n<div \"432\">Voici les annonces de la semaine du lundi 18 au dimanche 24 juin 2012 pour la paroisse des 3 clochers Cr\u00e9cy-la-Chapelle, Villiers-sur-Morin, Voulangis.<br \/>\nSamedi 23 \u00e0\u00a0 18h30 : messe \u00e0\u00a0 Voulangis &#8211; Dimanche 24 \u00e0\u00a0 10h messe d&rsquo;action de gr ce et cat\u00e9-dimanche \u00e0\u00a0 la coll\u00e9giale<br \/> Tous les d\u00e9tails dans la suite &#8230; <\/div>\n<\/div>\n<\/td>\n<\/tr>\n<\/tbody>\n<\/table>\n<table bgcolor =\"F0F6FF\" border=0>\n<tbody>\n<tr>\n<td width=\"20%\"><font color=\"00CC00\">Lundi 18 juin<\/font><\/td>\n<td><font color=\"00CC00\">17 h  C\u00e9l\u00e9bration \u00e0 la Maison de retraite.<\/font><\/td>\n<td><font color=\"00CC00\"><\/p>\n<div align=\"center\"><img decoding=\"async\" src=\"\/IMG\/jpg\/MR_Crecy.jpg\" width=150><\/div>\n<p><\/font><\/td>\n<\/tr>\n<tr>\n<td><font color=\"802020\">Mardi 19 juin<font><\/td>\n<td><font color=\"802020\"><\/p>\n<div align=\"center\"><img decoding=\"async\" src=\"\/IMG\/gif\/cross.gif\"><\/div>\n<p><font><\/td>\n<td><font color=\"802020\">18 h &#8211; Messe \u00e0 Cr\u00e9cy pour les Ames du Purgatoire.<\/font><\/td>\n<\/tr>\n<tr>\n<td><font color=\"0020FF\">Mercredi 20 juin<font><\/td>\n<td><font color=\"0020FF\">9 h &#8211; Messe \u00e0 Cr\u00e9cy pour G\u00e9rard LHULLIER et Paul LECUYER.<\/font><\/td>\n<td><font color=\"0020FF\">20 h 30  R\u00e9union de l&rsquo;Equipe d&rsquo;Animation Pastorale.<font><\/td>\n<\/tr>\n<tr>\n<td><font color=\"00CC00\">Jeudi 21 juin<font><\/td>\n<td><font color=\"00CC00\"><\/p>\n<div align=\"center\"><img decoding=\"async\" src=\"\/IMG\/jpg\/bible-1.jpg\" width=150><\/div>\n<p><font><\/td>\n<td><font color=\"00CC00\">18 h &#8211; Messe \u00e0 Cr\u00e9cy pour Josette ANTOINE et Julien DESHAYES.<\/font><\/td>\n<\/tr>\n<tr>\n<td><font color=\"802020\">Vendredi 22 juin<\/a><font><\/td>\n<td><font color=\"802020\">9 h &#8211; Messe \u00e0 Cr\u00e9cy pour Anne et Ren\u00e9 COUVRI.<\/font><\/td>\n<td><font color=\"802020\"><\/p>\n<div align=\"center\"><img decoding=\"async\" src=\"\/IMG\/gif\/bibles004.gif\"><\/div>\n<p><font><\/td>\n<\/tr>\n<tr>\n<td><font color=\"0020FF\">Samedi 23 juin<\/font><\/td>\n<td><font color=\"0020FF\">16 h  A la Coll\u00e9giale, mariage  Bernard GENAUD et Ang\u00e9lique de CHABOT.<br \/>\n16 h 30  A Villiers, mariage de S\u00e9bastien ROCHE et Larisa BLANCHARD.<br \/>\n<font><\/td>\n<td><font color=\"0020FF\">18 h 30 &#8211; Messe \u00e0 Voulangis pour Jean DEDIEU et pour Aim\u00e9 BEROLDY r\u00e9cemment d\u00e9c\u00e9d\u00e9.<\/font><\/td>\n<\/tr>\n<tr>\n<td><font color=\"00CC00\">Dimanche 24 juin<font>\n<\/td>\n<p><\/p>\n<td><font color=\"00CC00\">10 h  Cat\u00e9-Dimanche \u00e0 l&rsquo;ancienne \u00e9cole de la Chapelle<br \/>\n11 h &#8211; Messe d&rsquo;Action de Gr\u00e2ce \u00e0 la Coll\u00e9giale.<br \/>\nNous prierons particuli\u00e8rement pour Marianne LACHAIER qui recevra pour la premi\u00e8re fois l&rsquo;Eucharistie, et pour Even DOS SANTOS qui sera baptis\u00e9 ce dimanche.<\/p>\n<p>Cette Messe d&rsquo;action de gr\u00e2ces sera suivie d&rsquo;un pot et d&rsquo;un pique-nique auxquels nous sommes tous invit\u00e9s \u00e0 participer dans les jardins derri\u00e8re la Coll\u00e9giale (ou dans la salle de l&rsquo;ancienne \u00e9cole, en face , si le temps l&rsquo;exige). Repas tir\u00e9 du sac et saucisses grill\u00e9es au barbecue\u00e2\u20ac\u00a6<br \/>\n<\/font><\/td>\n<td><font color=\"00CC00\"><\/p>\n<div align=\"center\"><img decoding=\"async\" src=\"\/IMG\/lieux\/collegiale10.jpg\"  width=150>\n<\/div>\n<p><\/font><\/td>\n<\/tr>\n<\/tbody>\n<\/table>\n","protected":false},"excerpt":{"rendered":"<p>Voici les annonces de la semaine du lundi 18 au dimanche 24 juin 2012 pour la paroisse des 3 clochers Cr\u00e9cy-la-Chapelle, Villiers-sur-Morin, Voulangis. Samedi 23 \u00e0\u00a0 18h30 : messe \u00e0\u00a0 Voulangis &#8211; Dimanche 24&#46;&#46;&#46;<\/p>\n","protected":false},"author":2,"featured_media":0,"comment_status":"open","ping_status":"open","sticky":false,"template":"","format":"standard","meta":{"footnotes":""},"categories":[],"tags":[],"class_list":["post-500","post","type-post","status-publish","format-standard","hentry"],"_links":{"self":[{"href":"http:\/\/www.chapelle-crecy.com\/index.php?rest_route=\/wp\/v2\/posts\/500","targetHints":{"allow":["GET"]}}],"collection":[{"href":"http:\/\/www.chapelle-crecy.com\/index.php?rest_route=\/wp\/v2\/posts"}],"about":[{"href":"http:\/\/www.chapelle-crecy.com\/index.php?rest_route=\/wp\/v2\/types\/post"}],"author":[{"embeddable":true,"href":"http:\/\/www.chapelle-crecy.com\/index.php?rest_route=\/wp\/v2\/users\/2"}],"replies":[{"embeddable":true,"href":"http:\/\/www.chapelle-crecy.com\/index.php?rest_route=%2Fwp%2Fv2%2Fcomments&post=500"}],"version-history":[{"count":0,"href":"http:\/\/www.chapelle-crecy.com\/index.php?rest_route=\/wp\/v2\/posts\/500\/revisions"}],"wp:attachment":[{"href":"http:\/\/www.chapelle-crecy.com\/index.php?rest_route=%2Fwp%2Fv2%2Fmedia&parent=500"}],"wp:term":[{"taxonomy":"category","embeddable":true,"href":"http:\/\/www.chapelle-crecy.com\/index.php?rest_route=%2Fwp%2Fv2%2Fcategories&post=500"},{"taxonomy":"post_tag","embeddable":true,"href":"http:\/\/www.chapelle-crecy.com\/index.php?rest_route=%2Fwp%2Fv2%2Ftags&post=500"}],"curies":[{"name":"wp","href":"https:\/\/api.w.org\/{rel}","templated":true}]}}